{"id":66820,"date":"2025-11-04T17:28:52","date_gmt":"2025-11-04T16:28:52","guid":{"rendered":"https:\/\/www.o-p-i.fr\/parlonsen\/?p=66820"},"modified":"2025-12-03T21:41:38","modified_gmt":"2025-12-03T20:41:38","slug":"le-banc-sonore-el-carnicero-en-concert-a-rabastens-81","status":"publish","type":"post","link":"https:\/\/www.o-p-i.fr\/parlonsen\/parlons-en\/culture\/le-banc-sonore-el-carnicero-en-concert-a-rabastens-81\/","title":{"rendered":"Le Banc Sonore &#8211; El Carnicero en Concert \u00ad &#8230; \u00e0 Rabastens (81)"},"content":{"rendered":"<h4 class=\"default-heading4\">Vendredi 05 d\u00e9cembre &#8211; 20h30<!--more--><\/h4>\n<p><img data-recalc-dims=\"1\" loading=\"lazy\" decoding=\"async\" class=\" wp-image-66822 alignright\" src=\"https:\/\/i0.wp.com\/www.o-p-i.fr\/parlonsen\/wp-content\/uploads\/2025-banc-sonore-concert-el-carnicero.png?resize=446%2C315&#038;ssl=1\" alt=\"\" width=\"446\" height=\"315\" srcset=\"https:\/\/i0.wp.com\/www.o-p-i.fr\/parlonsen\/wp-content\/uploads\/2025-banc-sonore-concert-el-carnicero.png?resize=300%2C212&amp;ssl=1 300w, https:\/\/i0.wp.com\/www.o-p-i.fr\/parlonsen\/wp-content\/uploads\/2025-banc-sonore-concert-el-carnicero.png?resize=1024%2C724&amp;ssl=1 1024w, https:\/\/i0.wp.com\/www.o-p-i.fr\/parlonsen\/wp-content\/uploads\/2025-banc-sonore-concert-el-carnicero.png?resize=768%2C543&amp;ssl=1 768w, https:\/\/i0.wp.com\/www.o-p-i.fr\/parlonsen\/wp-content\/uploads\/2025-banc-sonore-concert-el-carnicero.png?w=1476&amp;ssl=1 1476w\" sizes=\"auto, (max-width: 446px) 100vw, 446px\" \/>Des rythmes ib\u00e9riques taill\u00e9s au couteau, une basse profonde, des textes en espagnol et en fran\u00e7ais qui d\u00e9coupent le r\u00e9el avec finesse, des m\u00e9lodies qui restent dans un coin de la cervelle&#8230; Entre tradition et modernit\u00e9, El Carnicero hache menu les fronti\u00e8res musicales et sert un concert intime et relev\u00e9.<\/p>\n<p>Information transmise par le <em>Banc Sonore<\/em><\/p>\n","protected":false},"excerpt":{"rendered":"<div class=\"mh-excerpt\">Vendredi 05 d\u00e9cembre &#8211; 20h30<\/div>\n","protected":false},"author":9,"featured_media":48776,"comment_status":"open","ping_status":"open","sticky":false,"template":"","format":"standard","meta":{"om_disable_all_campaigns":false,"advanced_seo_description":"","jetpack_seo_html_title":"","jetpack_seo_noindex":false,"_jetpack_memberships_contains_paid_content":false,"footnotes":"","_links_to":"","_links_to_target":""},"categories":[1,6411,6413],"tags":[43,2758,6525],"class_list":{"0":"post-66820","1":"post","2":"type-post","3":"status-publish","4":"format-standard","5":"has-post-thumbnail","7":"category-culture","8":"category-rabastens","9":"category-n-237-decembre-2025","10":"tag-concert","11":"tag-le-banc-sonore","12":"tag-s4925"},"jetpack_featured_media_url":"https:\/\/i0.wp.com\/www.o-p-i.fr\/parlonsen\/wp-content\/uploads\/Banc-Sonore-logo.jpg?fit=142%2C145&ssl=1","views":"","jetpack_likes_enabled":true,"jetpack_sharing_enabled":true,"jetpack_shortlink":"https:\/\/wp.me\/pg7Wxj-hnK","jetpack-related-posts":[],"_links":{"self":[{"href":"https:\/\/www.o-p-i.fr\/parlonsen\/wp-json\/wp\/v2\/posts\/66820","targetHints":{"allow":["GET"]}}],"collection":[{"href":"https:\/\/www.o-p-i.fr\/parlonsen\/wp-json\/wp\/v2\/posts"}],"about":[{"href":"https:\/\/www.o-p-i.fr\/parlonsen\/wp-json\/wp\/v2\/types\/post"}],"author":[{"embeddable":true,"href":"https:\/\/www.o-p-i.fr\/parlonsen\/wp-json\/wp\/v2\/users\/9"}],"replies":[{"embeddable":true,"href":"https:\/\/www.o-p-i.fr\/parlonsen\/wp-json\/wp\/v2\/comments?post=66820"}],"version-history":[{"count":3,"href":"https:\/\/www.o-p-i.fr\/parlonsen\/wp-json\/wp\/v2\/posts\/66820\/revisions"}],"predecessor-version":[{"id":66824,"href":"https:\/\/www.o-p-i.fr\/parlonsen\/wp-json\/wp\/v2\/posts\/66820\/revisions\/66824"}],"wp:featuredmedia":[{"embeddable":true,"href":"https:\/\/www.o-p-i.fr\/parlonsen\/wp-json\/wp\/v2\/media\/48776"}],"wp:attachment":[{"href":"https:\/\/www.o-p-i.fr\/parlonsen\/wp-json\/wp\/v2\/media?parent=66820"}],"wp:term":[{"taxonomy":"category","embeddable":true,"href":"https:\/\/www.o-p-i.fr\/parlonsen\/wp-json\/wp\/v2\/categories?post=66820"},{"taxonomy":"post_tag","embeddable":true,"href":"https:\/\/www.o-p-i.fr\/parlonsen\/wp-json\/wp\/v2\/tags?post=66820"}],"curies":[{"name":"wp","href":"https:\/\/api.w.org\/{rel}","templated":true}]}}