{"id":66828,"date":"2025-11-04T23:10:26","date_gmt":"2025-11-04T22:10:26","guid":{"rendered":"https:\/\/www.o-p-i.fr\/parlonsen\/?p=66828"},"modified":"2025-11-13T12:58:39","modified_gmt":"2025-11-13T11:58:39","slug":"karavan-alba-delmont-en-concert-a-lecrin-a-salvagnac-81","status":"publish","type":"post","link":"https:\/\/www.o-p-i.fr\/parlonsen\/parlons-en\/culture\/karavan-alba-delmont-en-concert-a-lecrin-a-salvagnac-81\/","title":{"rendered":"KARAVANE &#8211; ALBA DELMONT en concert \u00e0 l&rsquo;ECRIN &#8230; \u00e0 Salvagnac (81)"},"content":{"rendered":"<p><b>SAMEDI 15 NOVEMBRE 2025 A 20H30<\/b><!--more--><\/p>\n<p><img data-recalc-dims=\"1\" loading=\"lazy\" decoding=\"async\" class=\" wp-image-66829 alignright\" src=\"https:\/\/i0.wp.com\/www.o-p-i.fr\/parlonsen\/wp-content\/uploads\/2025-karavan-concert-alba-belmont.png?resize=394%2C555&#038;ssl=1\" alt=\"\" width=\"394\" height=\"555\" srcset=\"https:\/\/i0.wp.com\/www.o-p-i.fr\/parlonsen\/wp-content\/uploads\/2025-karavan-concert-alba-belmont-scaled.png?resize=213%2C300&amp;ssl=1 213w, https:\/\/i0.wp.com\/www.o-p-i.fr\/parlonsen\/wp-content\/uploads\/2025-karavan-concert-alba-belmont-scaled.png?resize=726%2C1024&amp;ssl=1 726w, https:\/\/i0.wp.com\/www.o-p-i.fr\/parlonsen\/wp-content\/uploads\/2025-karavan-concert-alba-belmont-scaled.png?resize=768%2C1084&amp;ssl=1 768w, https:\/\/i0.wp.com\/www.o-p-i.fr\/parlonsen\/wp-content\/uploads\/2025-karavan-concert-alba-belmont-scaled.png?resize=1088%2C1536&amp;ssl=1 1088w, https:\/\/i0.wp.com\/www.o-p-i.fr\/parlonsen\/wp-content\/uploads\/2025-karavan-concert-alba-belmont-scaled.png?resize=1451%2C2048&amp;ssl=1 1451w, https:\/\/i0.wp.com\/www.o-p-i.fr\/parlonsen\/wp-content\/uploads\/2025-karavan-concert-alba-belmont-scaled.png?w=1814&amp;ssl=1 1814w\" sizes=\"auto, (max-width: 394px) 100vw, 394px\" \/>Imaginez Barbara et Lhasa dans un film d\u2019Almod\u00f3var. Une voix qui vous chaloupe les sens.<br \/>\nUne guitare comme une po\u00e9sie. Deux pr\u00e9sences fortes et lumineuses aux fragrances du sud<br \/>\net \u00e0 l\u2019\u00e9nergie communicative. Des histoires qui vous prennent par la main, des mots qui vous<br \/>\nsusurrent jusqu\u2019\u00e0 la moelle \u00e9pini\u00e8re. Des chansons&#8230; Comme un parfum inoubliable et<br \/>\nlancinant&#8230;<br \/>\nALBA DelMont, c\u2019est la rencontre entre deux auteurs-compositeurs que rien ne destinait \u00e0<br \/>\nr\u00e9unir. La fusion de deux caract\u00e8res aussi tremp\u00e9s qu\u2019oppos\u00e9s : Alba la m\u00e9diterran\u00e9enne<br \/>\np\u00e9tillante, \u00ab hableuse \u00bb et tourment\u00e9e, Nicol\u00e1s l\u2019occitan taiseux, \u00ab el roble \u00bb sobre et solide<br \/>\nqui n\u2019a d\u2019espagnol que l\u2019accent qu\u2019elle tient \u00e0 lui mettre sur le a.<br \/>\n\u00c0 eux deux, ils cr\u00e9ent une musique \u00e0 quatre mains, saisissante et troublante, influenc\u00e9e par<br \/>\nla tradition de la chanson fran\u00e7aise et les chanteurs \u00e0 texte espagnols et latino-am\u00e9ricains.<br \/>\nSur sc\u00e8ne : une atmosph\u00e8re envo\u00fbtante, des voix m\u00eal\u00e9es, un dialogue sensible, des<br \/>\nchansons originales qui r\u00e9inventent un ailleurs juste ici&#8230;<br \/>\nAlba : chant<br \/>\nNicolas : guitare, accord\u00e9on<\/p>\n<p>&#8212; Laur\u00e9ats<br \/>\nDispositif L\u2019\u00c9tonnant \u00e9t\u00e9 organis\u00e9 par Tarn-et-Garonne Arts et Culture (2023)<br \/>\n&#8212; Discographie<br \/>\n\u2022 Flor de roble (EP 2024) &gt; <a href=\"http:\/\/li.sten.to\/fgu3065g\">li.sten.to\/fgu3065g<\/a><br \/>\n&#8212; Vid\u00e9os<br \/>\n\u2022 B\u00e1ilame (clip) &gt; <a href=\"http:\/\/www.youtube.com\/watch?v=PuxAqqtgB40\">www.youtube.com\/watch?v=PuxAqqtgB40<\/a><\/p>\n<p>R\u00e9servation vivement conseill\u00e9e<br \/>\nPAF : 10 euros<\/p>\n","protected":false},"excerpt":{"rendered":"<div class=\"mh-excerpt\">SAMEDI 15 NOVEMBRE 2025 A 20H30<\/div>\n","protected":false},"author":9,"featured_media":66829,"comment_status":"open","ping_status":"open","sticky":false,"template":"","format":"standard","meta":{"om_disable_all_campaigns":false,"advanced_seo_description":"","jetpack_seo_html_title":"","jetpack_seo_noindex":false,"_jetpack_memberships_contains_paid_content":false,"footnotes":"","_links_to":"","_links_to_target":""},"categories":[1,25,6390],"tags":[43,3903,4427,6340,6515],"class_list":{"0":"post-66828","1":"post","2":"type-post","3":"status-publish","4":"format-standard","5":"has-post-thumbnail","7":"category-culture","8":"category-salvagnac","9":"category-n236-novembre-2025","10":"tag-concert","11":"tag-karavane","12":"tag-lecrin","13":"tag-a-la-une","14":"tag-s4625"},"jetpack_featured_media_url":"https:\/\/i0.wp.com\/www.o-p-i.fr\/parlonsen\/wp-content\/uploads\/2025-karavan-concert-alba-belmont-scaled.png?fit=1814%2C2560&ssl=1","views":"","jetpack_likes_enabled":true,"jetpack_sharing_enabled":true,"jetpack_shortlink":"https:\/\/wp.me\/pg7Wxj-hnS","jetpack-related-posts":[],"_links":{"self":[{"href":"https:\/\/www.o-p-i.fr\/parlonsen\/wp-json\/wp\/v2\/posts\/66828","targetHints":{"allow":["GET"]}}],"collection":[{"href":"https:\/\/www.o-p-i.fr\/parlonsen\/wp-json\/wp\/v2\/posts"}],"about":[{"href":"https:\/\/www.o-p-i.fr\/parlonsen\/wp-json\/wp\/v2\/types\/post"}],"author":[{"embeddable":true,"href":"https:\/\/www.o-p-i.fr\/parlonsen\/wp-json\/wp\/v2\/users\/9"}],"replies":[{"embeddable":true,"href":"https:\/\/www.o-p-i.fr\/parlonsen\/wp-json\/wp\/v2\/comments?post=66828"}],"version-history":[{"count":2,"href":"https:\/\/www.o-p-i.fr\/parlonsen\/wp-json\/wp\/v2\/posts\/66828\/revisions"}],"predecessor-version":[{"id":66944,"href":"https:\/\/www.o-p-i.fr\/parlonsen\/wp-json\/wp\/v2\/posts\/66828\/revisions\/66944"}],"wp:featuredmedia":[{"embeddable":true,"href":"https:\/\/www.o-p-i.fr\/parlonsen\/wp-json\/wp\/v2\/media\/66829"}],"wp:attachment":[{"href":"https:\/\/www.o-p-i.fr\/parlonsen\/wp-json\/wp\/v2\/media?parent=66828"}],"wp:term":[{"taxonomy":"category","embeddable":true,"href":"https:\/\/www.o-p-i.fr\/parlonsen\/wp-json\/wp\/v2\/categories?post=66828"},{"taxonomy":"post_tag","embeddable":true,"href":"https:\/\/www.o-p-i.fr\/parlonsen\/wp-json\/wp\/v2\/tags?post=66828"}],"curies":[{"name":"wp","href":"https:\/\/api.w.org\/{rel}","templated":true}]}}