{"id":66831,"date":"2025-11-04T23:26:09","date_gmt":"2025-11-04T22:26:09","guid":{"rendered":"https:\/\/www.o-p-i.fr\/parlonsen\/?p=66831"},"modified":"2025-11-13T10:23:44","modified_gmt":"2025-11-13T09:23:44","slug":"karavan-tsigogne-en-concert-a-lecrin-a-salvagnac-81","status":"publish","type":"post","link":"https:\/\/www.o-p-i.fr\/parlonsen\/parlons-en\/culture\/karavan-tsigogne-en-concert-a-lecrin-a-salvagnac-81\/","title":{"rendered":"KARAVANE &#8211; TSIGOGNE en concert \u00e0 l&rsquo;ECRIN &#8230; \u00e0 Salvagnac (81)"},"content":{"rendered":"<p><b>Vendredi 14 NOVEMBRE 2025 A 20H30<\/b><!--more--><\/p>\n<p><img data-recalc-dims=\"1\" loading=\"lazy\" decoding=\"async\" class=\"wp-image-66833 aligncenter\" src=\"https:\/\/i0.wp.com\/www.o-p-i.fr\/parlonsen\/wp-content\/uploads\/2025-karavan-concert-tsigogne.png?resize=593%2C835&#038;ssl=1\" alt=\"\" width=\"593\" height=\"835\" srcset=\"https:\/\/i0.wp.com\/www.o-p-i.fr\/parlonsen\/wp-content\/uploads\/2025-karavan-concert-tsigogne-scaled.png?resize=213%2C300&amp;ssl=1 213w, https:\/\/i0.wp.com\/www.o-p-i.fr\/parlonsen\/wp-content\/uploads\/2025-karavan-concert-tsigogne-scaled.png?resize=726%2C1024&amp;ssl=1 726w, https:\/\/i0.wp.com\/www.o-p-i.fr\/parlonsen\/wp-content\/uploads\/2025-karavan-concert-tsigogne-scaled.png?zoom=2&amp;resize=593%2C835&amp;ssl=1 1186w, https:\/\/i0.wp.com\/www.o-p-i.fr\/parlonsen\/wp-content\/uploads\/2025-karavan-concert-tsigogne-scaled.png?zoom=3&amp;resize=593%2C835&amp;ssl=1 1779w\" sizes=\"auto, (max-width: 593px) 100vw, 593px\" \/><\/p>\n<div dir=\"ltr\">\n<div>A la crois\u00e9e des sonorit\u00e9s balkaniques tsiganes et des musiques occidentales amplifi\u00e9es, le groupe TSIGOGNE partage une musique originale et festive, entre compositions singuli\u00e8res et arrangements d&rsquo;origines incontr\u00f4lables.<\/div>\n<div><\/div>\n<div><span style=\"font-family: Lora, serif;\"><i>CONCERT FILME <\/i><\/span><\/div>\n<div><span style=\"font-family: Lora, serif;\"><i>VENEZ NOMBREUX <\/i><\/span><\/div>\n<div><span style=\"font-family: Lora, serif;\"><i>\u00a0<\/i><\/span><\/div>\n<\/div>\n<div>PARTICIPATION LIBRE<\/div>\n<div dir=\"ltr\"><a href=\"https:\/\/www.youtube.com\/watch?v=rhrCDT2xIOw\" target=\"_blank\" rel=\"noopener\">youtube.com\/watch?v=rhrCDT2xIOw<\/a><\/div>\n","protected":false},"excerpt":{"rendered":"<div class=\"mh-excerpt\">Vendredi 14 NOVEMBRE 2025 A 20H30<\/div>\n","protected":false},"author":9,"featured_media":66833,"comment_status":"open","ping_status":"open","sticky":false,"template":"","format":"standard","meta":{"om_disable_all_campaigns":false,"advanced_seo_description":"","jetpack_seo_html_title":"","jetpack_seo_noindex":false,"_jetpack_memberships_contains_paid_content":false,"footnotes":"","_links_to":"","_links_to_target":""},"categories":[1,25,6390],"tags":[3903,4427,6501,6515],"class_list":{"0":"post-66831","1":"post","2":"type-post","3":"status-publish","4":"format-standard","5":"has-post-thumbnail","7":"category-culture","8":"category-salvagnac","9":"category-n236-novembre-2025","10":"tag-karavane","11":"tag-lecrin","12":"tag-concert-filme","13":"tag-s4625"},"jetpack_featured_media_url":"https:\/\/i0.wp.com\/www.o-p-i.fr\/parlonsen\/wp-content\/uploads\/2025-karavan-concert-tsigogne-scaled.png?fit=1814%2C2560&ssl=1","views":"","jetpack_likes_enabled":true,"jetpack_sharing_enabled":true,"jetpack_shortlink":"https:\/\/wp.me\/pg7Wxj-hnV","jetpack-related-posts":[],"_links":{"self":[{"href":"https:\/\/www.o-p-i.fr\/parlonsen\/wp-json\/wp\/v2\/posts\/66831","targetHints":{"allow":["GET"]}}],"collection":[{"href":"https:\/\/www.o-p-i.fr\/parlonsen\/wp-json\/wp\/v2\/posts"}],"about":[{"href":"https:\/\/www.o-p-i.fr\/parlonsen\/wp-json\/wp\/v2\/types\/post"}],"author":[{"embeddable":true,"href":"https:\/\/www.o-p-i.fr\/parlonsen\/wp-json\/wp\/v2\/users\/9"}],"replies":[{"embeddable":true,"href":"https:\/\/www.o-p-i.fr\/parlonsen\/wp-json\/wp\/v2\/comments?post=66831"}],"version-history":[{"count":6,"href":"https:\/\/www.o-p-i.fr\/parlonsen\/wp-json\/wp\/v2\/posts\/66831\/revisions"}],"predecessor-version":[{"id":67592,"href":"https:\/\/www.o-p-i.fr\/parlonsen\/wp-json\/wp\/v2\/posts\/66831\/revisions\/67592"}],"wp:featuredmedia":[{"embeddable":true,"href":"https:\/\/www.o-p-i.fr\/parlonsen\/wp-json\/wp\/v2\/media\/66833"}],"wp:attachment":[{"href":"https:\/\/www.o-p-i.fr\/parlonsen\/wp-json\/wp\/v2\/media?parent=66831"}],"wp:term":[{"taxonomy":"category","embeddable":true,"href":"https:\/\/www.o-p-i.fr\/parlonsen\/wp-json\/wp\/v2\/categories?post=66831"},{"taxonomy":"post_tag","embeddable":true,"href":"https:\/\/www.o-p-i.fr\/parlonsen\/wp-json\/wp\/v2\/tags?post=66831"}],"curies":[{"name":"wp","href":"https:\/\/api.w.org\/{rel}","templated":true}]}}