{"id":66835,"date":"2025-11-04T23:50:43","date_gmt":"2025-11-04T22:50:43","guid":{"rendered":"https:\/\/www.o-p-i.fr\/parlonsen\/?p=66835"},"modified":"2025-11-26T21:50:53","modified_gmt":"2025-11-26T20:50:53","slug":"exposition-des-artistes-independants-du-tarn-et-garonne-82-a-montauban-82","status":"publish","type":"post","link":"https:\/\/www.o-p-i.fr\/parlonsen\/parlons-en\/culture\/exposition-des-artistes-independants-du-tarn-et-garonne-82-a-montauban-82\/","title":{"rendered":"Exposition des Artistes Ind\u00e9pendants du Tarn et Garonne (82) &#8230; \u00e0 Montauban (82)"},"content":{"rendered":"<p><strong>Du lundi 01 d\u00e9cembre au vendredi 12 d\u00e9cembre<\/strong><!--more--><\/p>\n<p><img data-recalc-dims=\"1\" loading=\"lazy\" decoding=\"async\" class=\" wp-image-66836 alignright\" src=\"https:\/\/i0.wp.com\/www.o-p-i.fr\/parlonsen\/wp-content\/uploads\/2025-Exposition-Nouvelle-Affiche-Clicq-BLANCHE.jpg?resize=397%2C570&#038;ssl=1\" alt=\"\" width=\"397\" height=\"570\" srcset=\"https:\/\/i0.wp.com\/www.o-p-i.fr\/parlonsen\/wp-content\/uploads\/2025-Exposition-Nouvelle-Affiche-Clicq-BLANCHE.jpg?resize=209%2C300&amp;ssl=1 209w, https:\/\/i0.wp.com\/www.o-p-i.fr\/parlonsen\/wp-content\/uploads\/2025-Exposition-Nouvelle-Affiche-Clicq-BLANCHE.jpg?w=502&amp;ssl=1 502w\" sizes=\"auto, (max-width: 397px) 100vw, 397px\" \/>Les ARTISTES INDEPENDANTS du TARN ET GARONNE EXPOSENT \u00e0 l&rsquo;ANCIEN COLLEGE de MONTAUBAN.<\/p>\n<p>Peintres et sculpteurs vous accueillent dans ce lieu historique cher aux Montalbanais. Les artistes vous pr\u00e9senterons leur travail. Pendant ces 3 semaines vous pourrez admirer les oeuvres de 60 artistes r\u00e9gionaux, participer \u00e0 la tombola et gagner un tableau de l&rsquo;invit\u00e9 d&rsquo;honneur Philippe Clicq.<\/p>\n<p>ENTREE GRATUITE<\/p>\n<h2>De quelle heure \u00e0 quelle heure ?<\/h2>\n<p>De 10h \u00e0 18h non-stop, du lundi au samedi inclus<\/p>\n<h2>Adresse de l&rsquo;\u00e9v\u00e8nement<\/h2>\n<p>Ancien Coll\u00e8ge<br \/>\n25 All\u00e9es de l&rsquo;Empereur<br \/>\n82000 MONTAUBAN<\/p>\n<h2>Lien internet vers votre \u00e9v\u00e8nement<\/h2>\n<p>https:\/\/artistesindependants82.blog4ever.com<\/p>\n<h2>Tarif unique<\/h2>\n<p>GRATUIT<\/p>\n<h2>Organisateur de l&rsquo;\u00e9v\u00e8nement<\/h2>\n<p>Artistes Ind\u00e9pendants de Tarn et Garonne<\/p>\n<h2>Personne \/ Organisation \u00e0 contacter<\/h2>\n<p>Monique Fesquet<\/p>\n<h2>Adresse<\/h2>\n<p>483 Chemin de Cap\u00e9lanios<br \/>\n82000 Montauban<\/p>\n<h2>T\u00e9l\u00e9phone<\/h2>\n<p>06 81 15 76 70<\/p>\n<h2>Courriel<\/h2>\n<p>monique.fesquet@wanadoo.fr<\/p>\n<p>Information transmise par FESQUET-REINHARDT, L&rsquo;organisateur de l&rsquo;\u00e9v\u00e8nement<\/p>\n","protected":false},"excerpt":{"rendered":"<div class=\"mh-excerpt\">Du lundi 01 d\u00e9cembre au vendredi 12 d\u00e9cembre<\/div>\n","protected":false},"author":9,"featured_media":66836,"comment_status":"open","ping_status":"open","sticky":false,"template":"","format":"standard","meta":{"om_disable_all_campaigns":false,"advanced_seo_description":"","jetpack_seo_html_title":"","jetpack_seo_noindex":false,"_jetpack_memberships_contains_paid_content":false,"footnotes":"","_links_to":"","_links_to_target":""},"categories":[1,6414,6413],"tags":[172,6502,6523],"class_list":{"0":"post-66835","1":"post","2":"type-post","3":"status-publish","4":"format-standard","5":"has-post-thumbnail","7":"category-culture","8":"category-montauban","9":"category-n-237-decembre-2025","10":"tag-exposition","11":"tag-artistes-independants-du-tarn-et-garonne","12":"tag-s4825"},"jetpack_featured_media_url":"https:\/\/i0.wp.com\/www.o-p-i.fr\/parlonsen\/wp-content\/uploads\/2025-Exposition-Nouvelle-Affiche-Clicq-BLANCHE.jpg?fit=502%2C720&ssl=1","views":"","jetpack_likes_enabled":true,"jetpack_sharing_enabled":true,"jetpack_shortlink":"https:\/\/wp.me\/pg7Wxj-hnZ","jetpack-related-posts":[],"_links":{"self":[{"href":"https:\/\/www.o-p-i.fr\/parlonsen\/wp-json\/wp\/v2\/posts\/66835","targetHints":{"allow":["GET"]}}],"collection":[{"href":"https:\/\/www.o-p-i.fr\/parlonsen\/wp-json\/wp\/v2\/posts"}],"about":[{"href":"https:\/\/www.o-p-i.fr\/parlonsen\/wp-json\/wp\/v2\/types\/post"}],"author":[{"embeddable":true,"href":"https:\/\/www.o-p-i.fr\/parlonsen\/wp-json\/wp\/v2\/users\/9"}],"replies":[{"embeddable":true,"href":"https:\/\/www.o-p-i.fr\/parlonsen\/wp-json\/wp\/v2\/comments?post=66835"}],"version-history":[{"count":1,"href":"https:\/\/www.o-p-i.fr\/parlonsen\/wp-json\/wp\/v2\/posts\/66835\/revisions"}],"predecessor-version":[{"id":66837,"href":"https:\/\/www.o-p-i.fr\/parlonsen\/wp-json\/wp\/v2\/posts\/66835\/revisions\/66837"}],"wp:featuredmedia":[{"embeddable":true,"href":"https:\/\/www.o-p-i.fr\/parlonsen\/wp-json\/wp\/v2\/media\/66836"}],"wp:attachment":[{"href":"https:\/\/www.o-p-i.fr\/parlonsen\/wp-json\/wp\/v2\/media?parent=66835"}],"wp:term":[{"taxonomy":"category","embeddable":true,"href":"https:\/\/www.o-p-i.fr\/parlonsen\/wp-json\/wp\/v2\/categories?post=66835"},{"taxonomy":"post_tag","embeddable":true,"href":"https:\/\/www.o-p-i.fr\/parlonsen\/wp-json\/wp\/v2\/tags?post=66835"}],"curies":[{"name":"wp","href":"https:\/\/api.w.org\/{rel}","templated":true}]}}