{"id":66898,"date":"2025-11-06T13:37:48","date_gmt":"2025-11-06T12:37:48","guid":{"rendered":"https:\/\/www.o-p-i.fr\/parlonsen\/?p=66898"},"modified":"2025-11-06T13:37:48","modified_gmt":"2025-11-06T12:37:48","slug":"la-cardoncelle-leclat-bleu-des-prairies-seches","status":"publish","type":"post","link":"https:\/\/www.o-p-i.fr\/parlonsen\/parlons-en\/editorial\/la-cardoncelle-leclat-bleu-des-prairies-seches\/","title":{"rendered":"La Cardoncelle, l\u2019\u00e9clat bleu des prairies s\u00e8ches."},"content":{"rendered":"<div>\n<p><img data-recalc-dims=\"1\" loading=\"lazy\" decoding=\"async\" class=\" wp-image-66900 alignright\" src=\"https:\/\/i0.wp.com\/www.o-p-i.fr\/parlonsen\/wp-content\/uploads\/2025-11-06-photo-edito-cardoncelle.jpg?resize=460%2C460&#038;ssl=1\" alt=\"\" width=\"460\" height=\"460\" srcset=\"https:\/\/i0.wp.com\/www.o-p-i.fr\/parlonsen\/wp-content\/uploads\/2025-11-06-photo-edito-cardoncelle-scaled.jpg?resize=300%2C300&amp;ssl=1 300w, https:\/\/i0.wp.com\/www.o-p-i.fr\/parlonsen\/wp-content\/uploads\/2025-11-06-photo-edito-cardoncelle-scaled.jpg?resize=1024%2C1024&amp;ssl=1 1024w, https:\/\/i0.wp.com\/www.o-p-i.fr\/parlonsen\/wp-content\/uploads\/2025-11-06-photo-edito-cardoncelle-scaled.jpg?resize=50%2C50&amp;ssl=1 50w, https:\/\/i0.wp.com\/www.o-p-i.fr\/parlonsen\/wp-content\/uploads\/2025-11-06-photo-edito-cardoncelle-scaled.jpg?resize=768%2C768&amp;ssl=1 768w, https:\/\/i0.wp.com\/www.o-p-i.fr\/parlonsen\/wp-content\/uploads\/2025-11-06-photo-edito-cardoncelle-scaled.jpg?resize=1536%2C1536&amp;ssl=1 1536w, https:\/\/i0.wp.com\/www.o-p-i.fr\/parlonsen\/wp-content\/uploads\/2025-11-06-photo-edito-cardoncelle-scaled.jpg?resize=2048%2C2048&amp;ssl=1 2048w, https:\/\/i0.wp.com\/www.o-p-i.fr\/parlonsen\/wp-content\/uploads\/2025-11-06-photo-edito-cardoncelle-scaled.jpg?resize=375%2C375&amp;ssl=1 375w\" sizes=\"auto, (max-width: 460px) 100vw, 460px\" \/><\/p>\n<p>La cardoncelle, ou petit chardon sans \u00e9pines, est une vivace discr\u00e8te de la grande famille des Ast\u00e9rac\u00e9es. Plaqu\u00e9e au sol en rosette, ses feuilles dent\u00e9es s\u2019ach\u00e8vent en une pointe inoffensive. De mai \u00e0 juillet, ses fleurs bleues s\u2019\u00e9panouissent, fragiles \u00e9clats de ciel jaillis de la terre. Puis vient l\u2019heure de la promesse: chaque corolle se transforme en fruit l\u00e9ger, surmont\u00e9 d\u2019une aigrette fine que le vent emporte, confiant ses graines aux voyages incertains et aux renaissances possibles.<\/p>\n<p>Elle s\u2019attache aux pelouses maigres, aux sols acides ou marneux, aux clairi\u00e8res lumineuses des ch\u00eanes verts. Du Poitou-Charentes aux coteaux du Midi, elle \u00e9claire les paysages secs de son bleu discret, rappelant que la beaut\u00e9 na\u00eet aussi des terres pauvres et du d\u00e9pouillement.<\/p>\n<p>Mais le fil de son existence se fragilise. Les pelouses s\u00e8ches se referment, englouties par l\u2019enfrichement ou effac\u00e9es par l\u2019am\u00e9nagement. D\u00e9j\u00e0 prot\u00e9g\u00e9e dans plusieurs r\u00e9gions, Carduncellus mitissimus incarne ces tr\u00e9sors trop discrets qu\u2019on ne remarque qu\u2019au moment de leur disparition.<\/p>\n<p>Dans la l\u00e9g\u00e8ret\u00e9 de ses aigrettes et la puret\u00e9 de son bleu s\u2019inscrit un serment : celui d\u2019un monde o\u00f9 l\u2019homme saura pr\u00e9server l\u2019\u00e9quilibre, afin que le souffle du vivant se r\u00e9pande de graine en graine comme une promesse d\u2019\u00e9ternit\u00e9.<\/p>\n<div>\n<p dir=\"ltr\"><div class=\"card\" style=\"width: 350px;\">\r\n<div class=\"card-body\">\r\n<h3 class=\"card-title text-center bg-light\">Fiche Auteur<\/h3>\r\n<a href=\"https:\/\/www.o-p-i.fr\/7alire\/nicolas-duivon\/nicolas-duivon-auteur\/\" target=\"_blank\" rel=\"noopener\">\r\n<img data-recalc-dims=\"1\" decoding=\"async\" class=\"card-img\" src=\"https:\/\/i0.wp.com\/www.o-p-i.fr\/7alire\/wp-content\/uploads\/2025-photo-auteur-nicolas-duivon-scaled-e1765108565599.jpg?ssl=1\" alt=\"Nicolas Duivon\" \/><\/a>\r\n<p class=\"card-text\">Nicolas Duivon<\/p>\r\n<a class=\"btn btn-primary\" href=\"https:\/\/www.o-p-i.fr\/7alire\/nicolas-duivon\/nicolas-duivon-auteur\/\" target=\"_blank\" rel=\"noopener\">Auteur Nicolas Duivon<i class=\"fa-solid fa-arrow-up-right-from-square\"><\/i><\/a>\r\n\r\n<\/div>\r\n<\/div><\/p>\n<p dir=\"ltr\">25 vues<\/p>\n<\/div>\n<\/div>\n","protected":false},"excerpt":{"rendered":"<div class=\"mh-excerpt\">La cardoncelle, ou petit chardon sans \u00e9pines, est une vivace discr\u00e8te de la grande famille des Ast\u00e9rac\u00e9es. Plaqu\u00e9e au sol en rosette, ses feuilles dent\u00e9es s\u2019ach\u00e8vent en une pointe inoffensive. De mai \u00e0 juillet, ses <a class=\"mh-excerpt-more\" href=\"https:\/\/www.o-p-i.fr\/parlonsen\/parlons-en\/editorial\/la-cardoncelle-leclat-bleu-des-prairies-seches\/\" title=\"La Cardoncelle, l\u2019\u00e9clat bleu des prairies s\u00e8ches.\">[&#8230;]<\/a><\/div>\n","protected":false},"author":9,"featured_media":66900,"comment_status":"open","ping_status":"open","sticky":false,"template":"","format":"standard","meta":{"om_disable_all_campaigns":false,"advanced_seo_description":"","jetpack_seo_html_title":"","jetpack_seo_noindex":false,"_jetpack_memberships_contains_paid_content":false,"footnotes":"","_links_to":"","_links_to_target":""},"categories":[36,6390],"tags":[105,2944],"class_list":{"0":"post-66898","1":"post","2":"type-post","3":"status-publish","4":"format-standard","5":"has-post-thumbnail","7":"category-editorial","8":"category-n236-novembre-2025","9":"tag-nature","10":"tag-pantes-sauvages"},"jetpack_featured_media_url":"https:\/\/i0.wp.com\/www.o-p-i.fr\/parlonsen\/wp-content\/uploads\/2025-11-06-photo-edito-cardoncelle-scaled.jpg?fit=2560%2C2560&ssl=1","views":{"total":25,"cached_at":"","cached_date":1777657229},"jetpack_likes_enabled":true,"jetpack_sharing_enabled":true,"jetpack_shortlink":"https:\/\/wp.me\/pg7Wxj-hp0","jetpack-related-posts":[],"_links":{"self":[{"href":"https:\/\/www.o-p-i.fr\/parlonsen\/wp-json\/wp\/v2\/posts\/66898","targetHints":{"allow":["GET"]}}],"collection":[{"href":"https:\/\/www.o-p-i.fr\/parlonsen\/wp-json\/wp\/v2\/posts"}],"about":[{"href":"https:\/\/www.o-p-i.fr\/parlonsen\/wp-json\/wp\/v2\/types\/post"}],"author":[{"embeddable":true,"href":"https:\/\/www.o-p-i.fr\/parlonsen\/wp-json\/wp\/v2\/users\/9"}],"replies":[{"embeddable":true,"href":"https:\/\/www.o-p-i.fr\/parlonsen\/wp-json\/wp\/v2\/comments?post=66898"}],"version-history":[{"count":2,"href":"https:\/\/www.o-p-i.fr\/parlonsen\/wp-json\/wp\/v2\/posts\/66898\/revisions"}],"predecessor-version":[{"id":66901,"href":"https:\/\/www.o-p-i.fr\/parlonsen\/wp-json\/wp\/v2\/posts\/66898\/revisions\/66901"}],"wp:featuredmedia":[{"embeddable":true,"href":"https:\/\/www.o-p-i.fr\/parlonsen\/wp-json\/wp\/v2\/media\/66900"}],"wp:attachment":[{"href":"https:\/\/www.o-p-i.fr\/parlonsen\/wp-json\/wp\/v2\/media?parent=66898"}],"wp:term":[{"taxonomy":"category","embeddable":true,"href":"https:\/\/www.o-p-i.fr\/parlonsen\/wp-json\/wp\/v2\/categories?post=66898"},{"taxonomy":"post_tag","embeddable":true,"href":"https:\/\/www.o-p-i.fr\/parlonsen\/wp-json\/wp\/v2\/tags?post=66898"}],"curies":[{"name":"wp","href":"https:\/\/api.w.org\/{rel}","templated":true}]}}