{"id":66904,"date":"2025-11-07T02:04:54","date_gmt":"2025-11-07T01:04:54","guid":{"rendered":"https:\/\/www.o-p-i.fr\/parlonsen\/?p=66904"},"modified":"2025-11-07T02:04:54","modified_gmt":"2025-11-07T01:04:54","slug":"le-vivant-qui-se-defend-documentaire-vincent-verzat","status":"publish","type":"post","link":"https:\/\/www.o-p-i.fr\/parlonsen\/et-si-on-en-parlait\/le-vivant-qui-se-defend-documentaire-vincent-verzat\/","title":{"rendered":"<i class=\"fa-solid fa-film\"><\/i>  Le VIVANT qui se d\u00e9fend | Documentaire &#8211; Vincent Verzat"},"content":{"rendered":"<div id=\"pl-66904\"  class=\"panel-layout\" ><div id=\"pg-66904-0\"  class=\"panel-grid panel-no-style\" ><div id=\"pgc-66904-0-0\"  class=\"panel-grid-cell\" ><div id=\"panel-66904-0-0-0\" class=\"widget_text so-panel widget widget_custom_html panel-first-child widgetopts-SO\" data-index=\"0\" ><div class=\"textwidget custom-html-widget\"><p>\n\t   Le VIVANT qui se d\u00e9fend | Documentaire\n<\/p>\n<p>\nVincent Verzat filme les mobilisations \u00e9cologiques depuis 10 ans sur la cha\u00eene YouTube Partager c\u2019est Sympa (310k abonn\u00e9\u00b7es). Partant d\u2019un r\u00e9cit personnel et sensible, le film \u201cLe VIVANT qui se d\u00e9fend\u201d retrace son cheminement entre militantisme et naturalisme, sa recherche d\u2019un \u00e9quilibre entre combat et contemplation, tra\u00e7ant un chemin pour vivre dignement et affronter ce qui vient.\nDes luttes foresti\u00e8res du plateau des Millevaches \u00e0 la tani\u00e8re d\u2019une famille de blaireaux, en passant par les m\u00e9ga bassines du Poitou, les cerfs du Vercors et l\u2019autoroute A69, \u201cLe VIVANT qui se d\u00e9fend\u201d fait le lien entre les animaux sauvages et les luttes qui sont men\u00e9es partout en France contre la destruction de leurs habitats. \nLe film trace un chemin pour vivre dignement et affronter ce qui vient.\nUn documentaire de Vincent Verzat, auto-produit et auto-distribu\u00e9 par Partager c'est Sympa.\n<\/p>\n<p>\n\tDocumentaire r\u00e9alis\u00e9 et publi\u00e9 par la chaine Youtube <a href=\"https:\/\/www.youtube.com\/@PartagerCestSympa\" title=\"_blanck\">Partager C'est Sympa<\/a>\n<\/p>\n<p>\n\tLe film est \u00e0 vous, gratuitement et sans pub, pour tout le monde et pour toujours.\n\u2764\ufe0f\u200d\ud83d\udd25 Faites un don pour soutenir ce film et me lancer dans la suite (un livre, un autre film...) : <a href=\"https:\/\/fr.tipeee.com\/le-vivant-qui-se-defend\" title=\"_blanck\">https:\/\/fr.tipeee.com\/le-vivant-qui-se-defend<\/a>\n\ud83d\udca1Et n'oubliez pas de vous abonner pour suivre la suite ! Et de partager le film dans votre newsletter, votre groupe whatsapp de famille, de yoga, de foot... c'est sympa !\n<\/p><\/div><\/div><div id=\"panel-66904-0-0-1\" class=\"so-panel widget widget_sow-video widgetopts-SO\" data-index=\"1\" ><div\n\t\t\t\n\t\t\tclass=\"so-widget-sow-video so-widget-sow-video-default-c08170c47cfb-66904\"\n\t\t\t\n\t\t>\n<div class=\"sow-video-wrapper\n\">\n\t\t\t<iframe loading=\"lazy\" title=\"Le VIVANT qui se d\u00e9fend | Documentaire\" width=\"640\" height=\"360\" src=\"https:\/\/www.youtube.com\/embed\/wYCzdDfjYbg?feature=oembed&enablejsapi=1\" frameborder=\"0\" allow=\"accelerometer; autoplay; clipboard-write; encrypted-media; gyroscope; picture-in-picture; web-share\" referrerpolicy=\"strict-origin-when-cross-origin\" allowfullscreen allowfullscreen mozallowfullscreen webkitallowfullscreen sandbox=\"allow-scripts allow-same-origin allow-presentation\"><\/iframe>\t<\/div>\n<\/div><\/div><div id=\"panel-66904-0-0-2\" class=\"widget_text so-panel widget widget_custom_html panel-last-child widgetopts-SO\" data-index=\"2\" ><div class=\"textwidget custom-html-widget\"><a href=\"https:\/\/www.o-p-i.fr\/parlonsen\/category\/et-si-on-en-parlait\/\">Voir toutes les vid\u00e9os<\/a><\/div><\/div><\/div><\/div><\/div>","protected":false},"excerpt":{"rendered":"<div class=\"mh-excerpt\">Le VIVANT qui se d\u00e9fend | Documentaire Vincent Verzat filme les mobilisations \u00e9cologiques depuis 10 ans sur la cha\u00eene YouTube Partager c\u2019est Sympa (310k abonn\u00e9\u00b7es). Partant d\u2019un r\u00e9cit personnel et sensible, le film \u201cLe VIVANT <a class=\"mh-excerpt-more\" href=\"https:\/\/www.o-p-i.fr\/parlonsen\/et-si-on-en-parlait\/le-vivant-qui-se-defend-documentaire-vincent-verzat\/\" title=\"  Le VIVANT qui se d\u00e9fend | Documentaire &#8211; Vincent Verzat\">[&#8230;]<\/a><\/div>\n","protected":false},"author":9,"featured_media":66906,"comment_status":"open","ping_status":"open","sticky":false,"template":"","format":"standard","meta":{"om_disable_all_campaigns":false,"advanced_seo_description":"","jetpack_seo_html_title":"","jetpack_seo_noindex":false,"_jetpack_memberships_contains_paid_content":false,"footnotes":"","_links_to":"","_links_to_target":""},"categories":[6107,6011],"tags":[1569],"class_list":{"0":"post-66904","1":"post","2":"type-post","3":"status-publish","4":"format-standard","5":"has-post-thumbnail","7":"category-biodiversite","8":"category-et-si-on-en-parlait","9":"tag-video"},"jetpack_featured_media_url":"https:\/\/i0.wp.com\/www.o-p-i.fr\/parlonsen\/wp-content\/uploads\/2025-11-07-vivant-qui-se-defend.png?fit=345%2C519&ssl=1","views":{"total":51,"cached_at":"","cached_date":1738492604},"jetpack_likes_enabled":true,"jetpack_sharing_enabled":true,"jetpack_shortlink":"https:\/\/wp.me\/pg7Wxj-hp6","jetpack-related-posts":[],"_links":{"self":[{"href":"https:\/\/www.o-p-i.fr\/parlonsen\/wp-json\/wp\/v2\/posts\/66904","targetHints":{"allow":["GET"]}}],"collection":[{"href":"https:\/\/www.o-p-i.fr\/parlonsen\/wp-json\/wp\/v2\/posts"}],"about":[{"href":"https:\/\/www.o-p-i.fr\/parlonsen\/wp-json\/wp\/v2\/types\/post"}],"author":[{"embeddable":true,"href":"https:\/\/www.o-p-i.fr\/parlonsen\/wp-json\/wp\/v2\/users\/9"}],"replies":[{"embeddable":true,"href":"https:\/\/www.o-p-i.fr\/parlonsen\/wp-json\/wp\/v2\/comments?post=66904"}],"version-history":[{"count":2,"href":"https:\/\/www.o-p-i.fr\/parlonsen\/wp-json\/wp\/v2\/posts\/66904\/revisions"}],"predecessor-version":[{"id":66907,"href":"https:\/\/www.o-p-i.fr\/parlonsen\/wp-json\/wp\/v2\/posts\/66904\/revisions\/66907"}],"wp:featuredmedia":[{"embeddable":true,"href":"https:\/\/www.o-p-i.fr\/parlonsen\/wp-json\/wp\/v2\/media\/66906"}],"wp:attachment":[{"href":"https:\/\/www.o-p-i.fr\/parlonsen\/wp-json\/wp\/v2\/media?parent=66904"}],"wp:term":[{"taxonomy":"category","embeddable":true,"href":"https:\/\/www.o-p-i.fr\/parlonsen\/wp-json\/wp\/v2\/categories?post=66904"},{"taxonomy":"post_tag","embeddable":true,"href":"https:\/\/www.o-p-i.fr\/parlonsen\/wp-json\/wp\/v2\/tags?post=66904"}],"curies":[{"name":"wp","href":"https:\/\/api.w.org\/{rel}","templated":true}]}}