{"id":66908,"date":"2025-11-07T13:43:13","date_gmt":"2025-11-07T12:43:13","guid":{"rendered":"https:\/\/www.o-p-i.fr\/parlonsen\/?p=66908"},"modified":"2025-11-07T13:44:43","modified_gmt":"2025-11-07T12:44:43","slug":"lenergie-renouvelable-citoyenne-ca-vous-branche-a-lisle-sur-tarn-81","status":"publish","type":"post","link":"https:\/\/www.o-p-i.fr\/parlonsen\/parlons-en\/economie-parlons-en\/lenergie-renouvelable-citoyenne-ca-vous-branche-a-lisle-sur-tarn-81\/","title":{"rendered":"L&rsquo;\u00e9nergie renouvelable citoyenne, \u00e7a vous branche ? &#8230; \u00e0 Lisle-sur-Tarn (81)"},"content":{"rendered":"<p><strong>Samedi 08 novembre 2025 \u00e0 15h00<\/strong><!--more--><br \/>\n<img data-recalc-dims=\"1\" loading=\"lazy\" decoding=\"async\" class=\" wp-image-66910 alignright\" src=\"https:\/\/i0.wp.com\/www.o-p-i.fr\/parlonsen\/wp-content\/uploads\/2025-11-06-Lenergie-citoyenne-ca-vous-branche.jpg?resize=441%2C441&#038;ssl=1\" alt=\"\" width=\"441\" height=\"441\" srcset=\"https:\/\/i0.wp.com\/www.o-p-i.fr\/parlonsen\/wp-content\/uploads\/2025-11-06-Lenergie-citoyenne-ca-vous-branche.jpg?resize=300%2C300&amp;ssl=1 300w, https:\/\/i0.wp.com\/www.o-p-i.fr\/parlonsen\/wp-content\/uploads\/2025-11-06-Lenergie-citoyenne-ca-vous-branche.jpg?resize=50%2C50&amp;ssl=1 50w, https:\/\/i0.wp.com\/www.o-p-i.fr\/parlonsen\/wp-content\/uploads\/2025-11-06-Lenergie-citoyenne-ca-vous-branche.jpg?resize=375%2C375&amp;ssl=1 375w, https:\/\/i0.wp.com\/www.o-p-i.fr\/parlonsen\/wp-content\/uploads\/2025-11-06-Lenergie-citoyenne-ca-vous-branche.jpg?w=732&amp;ssl=1 732w\" sizes=\"auto, (max-width: 441px) 100vw, 441px\" \/>R\u00e9union publique : et si on produisait, sur notre commune, l&rsquo;\u00e9nergie que l&rsquo;on consomme (avec sobri\u00e9t\u00e9 et efficacit\u00e9).<br \/>\n* Une premi\u00e8re partie informative approfondira le sujet de l&rsquo;\u00e9nergie et de ses enjeux.<br \/>\n* Une deuxi\u00e8me partie consistera en des ateliers participatifs de co-construction d&rsquo;un avenir \u00e9nerg\u00e9tique d\u00e9sirable et soutenable \u00e0 Lisle-sur-Tarn.<br \/>\n* L&rsquo;apr\u00e8s-midi se cl\u00f4turera par un pot de l&rsquo;amiti\u00e9.<br \/>\nCette r\u00e9union est organis\u00e9e en partenariat par Lisle Environnement et Energie Citoyennes Ouest Tarn (Ecot81), dans le cadre de la campagne \u00ab\u00a0rejoins ta coop.\u00a0\u00bb<br \/>\nVous trouverez ci-joint le flyer qui annonce l&rsquo;\u00e9v\u00e8nement et le lien vers les site Internet de la campagne \u00ab\u00a0Rejoins ta coop\u00a0\u00bb : <a href=\"https:\/\/www.rejoins-ta-coop.fr\/\">https:\/\/www.rejoins-ta-coop.fr\/<\/a>.<\/p>\n<h2>De quelle heure \u00e0 quelle heure ?<\/h2>\n<p>15:00 \u00e0 18:00<\/p>\n<h2>Adresse de l&rsquo;\u00e9v\u00e8nement<\/h2>\n<p>P\u00f4le des a\u00een\u00e9s, 2bis Place de Larmasse<br \/>\n81310 Lisle-sur-Tarn<\/p>\n<h2>Organisateur de l&rsquo;\u00e9v\u00e8nement<\/h2>\n<p>Lisle Environnement et Ecot81<\/p>\n<h2>Personne \/ Organisation \u00e0 contacter<\/h2>\n<p>Christian PINCE<\/p>\n<h2>Adresse<\/h2>\n<p>21, avenue Jean Jaur\u00e8s &#8211; 81310 Lisle-sur-Tarn<\/p>\n<h2>T\u00e9l\u00e9phone<\/h2>\n<p>0635968615<\/p>\n<h2>Courriel<\/h2>\n<p><a href=\"mailto:contact@ecot81.org\">contact@ecot81.org<\/a><\/p>\n<p><em>Information transmise par M.PINCE, l&rsquo;organisateur de l&rsquo;\u00e9v\u00e8nement<\/em><\/p>\n","protected":false},"excerpt":{"rendered":"<div class=\"mh-excerpt\">Samedi 08 novembre 2025 \u00e0 15h00<\/div>\n","protected":false},"author":9,"featured_media":66910,"comment_status":"open","ping_status":"open","sticky":false,"template":"","format":"standard","meta":{"om_disable_all_campaigns":false,"advanced_seo_description":"","jetpack_seo_html_title":"","jetpack_seo_noindex":false,"_jetpack_memberships_contains_paid_content":false,"footnotes":"","_links_to":"","_links_to_target":""},"categories":[1276,6505,6390],"tags":[5170,6504,6506,3173],"class_list":{"0":"post-66908","1":"post","2":"type-post","3":"status-publish","4":"format-standard","5":"has-post-thumbnail","7":"category-economie-parlons-en","8":"category-lisle-sur-tarn","9":"category-n236-novembre-2025","10":"tag-ecot81","11":"tag-s4525","12":"tag-lisle-environnement","13":"tag-reunion-publique"},"jetpack_featured_media_url":"https:\/\/i0.wp.com\/www.o-p-i.fr\/parlonsen\/wp-content\/uploads\/2025-11-06-Lenergie-citoyenne-ca-vous-branche.jpg?fit=732%2C733&ssl=1","views":"","jetpack_likes_enabled":true,"jetpack_sharing_enabled":true,"jetpack_shortlink":"https:\/\/wp.me\/pg7Wxj-hpa","jetpack-related-posts":[],"_links":{"self":[{"href":"https:\/\/www.o-p-i.fr\/parlonsen\/wp-json\/wp\/v2\/posts\/66908","targetHints":{"allow":["GET"]}}],"collection":[{"href":"https:\/\/www.o-p-i.fr\/parlonsen\/wp-json\/wp\/v2\/posts"}],"about":[{"href":"https:\/\/www.o-p-i.fr\/parlonsen\/wp-json\/wp\/v2\/types\/post"}],"author":[{"embeddable":true,"href":"https:\/\/www.o-p-i.fr\/parlonsen\/wp-json\/wp\/v2\/users\/9"}],"replies":[{"embeddable":true,"href":"https:\/\/www.o-p-i.fr\/parlonsen\/wp-json\/wp\/v2\/comments?post=66908"}],"version-history":[{"count":3,"href":"https:\/\/www.o-p-i.fr\/parlonsen\/wp-json\/wp\/v2\/posts\/66908\/revisions"}],"predecessor-version":[{"id":66912,"href":"https:\/\/www.o-p-i.fr\/parlonsen\/wp-json\/wp\/v2\/posts\/66908\/revisions\/66912"}],"wp:featuredmedia":[{"embeddable":true,"href":"https:\/\/www.o-p-i.fr\/parlonsen\/wp-json\/wp\/v2\/media\/66910"}],"wp:attachment":[{"href":"https:\/\/www.o-p-i.fr\/parlonsen\/wp-json\/wp\/v2\/media?parent=66908"}],"wp:term":[{"taxonomy":"category","embeddable":true,"href":"https:\/\/www.o-p-i.fr\/parlonsen\/wp-json\/wp\/v2\/categories?post=66908"},{"taxonomy":"post_tag","embeddable":true,"href":"https:\/\/www.o-p-i.fr\/parlonsen\/wp-json\/wp\/v2\/tags?post=66908"}],"curies":[{"name":"wp","href":"https:\/\/api.w.org\/{rel}","templated":true}]}}