{"id":66956,"date":"2025-11-08T15:16:19","date_gmt":"2025-11-08T14:16:19","guid":{"rendered":"https:\/\/www.o-p-i.fr\/parlonsen\/?p=66956"},"modified":"2025-11-13T10:24:58","modified_gmt":"2025-11-13T09:24:58","slug":"ulr-prevention-des-cancers-masculins-movember-a-rabastens-81","status":"publish","type":"post","link":"https:\/\/www.o-p-i.fr\/parlonsen\/parlons-en\/sante\/ulr-prevention-des-cancers-masculins-movember-a-rabastens-81\/","title":{"rendered":"ULR &#8211; Movember &#8211; Pr\u00e9vention des cancers masculins &#8230; \u00e0 Rabastens (81)"},"content":{"rendered":"<p><strong>Samedi 15 novembre 2025 \u00e0 09h30<\/strong><!--more--><b> <img data-recalc-dims=\"1\" loading=\"lazy\" decoding=\"async\" class=\" wp-image-66960 alignright\" src=\"https:\/\/i0.wp.com\/www.o-p-i.fr\/parlonsen\/wp-content\/uploads\/2025-movember.jpg?resize=447%2C252&#038;ssl=1\" alt=\"\" width=\"447\" height=\"252\" srcset=\"https:\/\/i0.wp.com\/www.o-p-i.fr\/parlonsen\/wp-content\/uploads\/2025-movember.jpg?resize=300%2C169&amp;ssl=1 300w, https:\/\/i0.wp.com\/www.o-p-i.fr\/parlonsen\/wp-content\/uploads\/2025-movember.jpg?resize=768%2C432&amp;ssl=1 768w, https:\/\/i0.wp.com\/www.o-p-i.fr\/parlonsen\/wp-content\/uploads\/2025-movember.jpg?resize=678%2C381&amp;ssl=1 678w, https:\/\/i0.wp.com\/www.o-p-i.fr\/parlonsen\/wp-content\/uploads\/2025-movember.jpg?w=1024&amp;ssl=1 1024w\" sizes=\"auto, (max-width: 447px) 100vw, 447px\" \/><\/b><\/p>\n<p><b>L&rsquo;ULR\u00a0organise une MARCHE<\/b><\/p>\n<p style=\"text-align: left;\" align=\"CENTER\"><b>TOUTES et TOUS ensemble.<\/b><\/p>\n<p style=\"text-align: left;\" align=\"CENTER\"><b>D\u00e9part 9 h 30 devant la halle<\/b><\/p>\n<p style=\"text-align: left;\" align=\"CENTER\"><b>Caf\u00e9 offert avant la marche<\/b><\/p>\n<p style=\"text-align: left;\" align=\"CENTER\"><b>Pot de l\u2019amiti\u00e9 au retour<\/b><\/p>\n<p align=\"JUSTIFY\"><span style=\"font-size: medium;\">Chaque novembre,\u00a0<\/span><span style=\"font-size: medium;\"><b>le mouvement Movember<\/b><\/span><span style=\"font-size: medium;\">\u00a0invite les hommes<\/span><span style=\"font-size: medium;\"><b>\u00a0<\/b><\/span><span style=\"font-size: medium;\">du monde entier \u00e0 se laisser pousser la moustache pour sensibiliser \u00e0 la<\/span><span style=\"font-size: medium;\"><b>\u00a0pr\u00e9vention des cancers masculins<\/b><\/span><span style=\"font-size: medium;\">, notamment ceux de la prostate et des testicules, ainsi qu&rsquo;\u00e0 l<\/span><span style=\"font-size: medium;\"><b>a sant\u00e9 mentale\u00a0<\/b><\/span><span style=\"font-size: medium;\">et la pr\u00e9vention du suicide.<\/span><\/p>\n<p align=\"JUSTIFY\"><span style=\"font-size: medium;\">L&rsquo;objectif de\u00a0<\/span><span style=\"font-size: medium;\"><b>Movember\u00a0<\/b><\/span><span style=\"font-size: medium;\">est de briser les tabous autour des probl\u00e8mes de<\/span><span style=\"font-size: medium;\"><b>\u00a0sant\u00e9 masculins\u00a0<\/b><\/span><span style=\"font-size: medium;\">(souvent ignor\u00e9s ou sous-estim\u00e9s), en incitant les hommes\u00a0\u00e0 parler plus librement de leur sant\u00e9 et \u00e0 consulter plus r\u00e9guli\u00e8rement.<\/span><\/p>\n<p align=\"JUSTIFY\"><span style=\"font-size: medium;\">Les fonds r\u00e9colt\u00e9s au cours de ce mois sont destin\u00e9s \u00e0 financer des programmes de recherche et des initiatives pour\u00a0<\/span><span style=\"font-size: medium;\"><b>am\u00e9liorer la prise en charge et la pr\u00e9vention<\/b><\/span><span style=\"font-size: medium;\">\u00a0des maladies masculines.<\/span><\/p>\n<p align=\"JUSTIFY\"><span style=\"font-size: large;\"><b>MESDAMES, nous comptons sur vous pour accompagner ces messieurs lors de cette marche comme ils ont soutenu la cause OCTOBRE ROSE.<\/b><\/span><\/p>\n<p align=\"CENTER\">\n","protected":false},"excerpt":{"rendered":"<div class=\"mh-excerpt\">Samedi 15 novembre 2025 \u00e0 09h30<\/div>\n","protected":false},"author":9,"featured_media":66959,"comment_status":"open","ping_status":"open","sticky":false,"template":"","format":"standard","meta":{"om_disable_all_campaigns":false,"advanced_seo_description":"","jetpack_seo_html_title":"","jetpack_seo_noindex":false,"_jetpack_memberships_contains_paid_content":false,"footnotes":"","_links_to":"","_links_to_target":""},"categories":[58,6411,6390],"tags":[6508,6509,6515,138,1203,4919],"class_list":{"0":"post-66956","1":"post","2":"type-post","3":"status-publish","4":"format-standard","5":"has-post-thumbnail","7":"category-sante","8":"category-rabastens","9":"category-n236-novembre-2025","10":"tag-movember","11":"tag-prevention-cancer","12":"tag-s4625","13":"tag-marche","14":"tag-cancer","15":"tag-ulr"},"jetpack_featured_media_url":"https:\/\/i0.wp.com\/www.o-p-i.fr\/parlonsen\/wp-content\/uploads\/ulr.jpg?fit=250%2C259&ssl=1","views":"","jetpack_likes_enabled":true,"jetpack_sharing_enabled":true,"jetpack_shortlink":"https:\/\/wp.me\/pg7Wxj-hpW","jetpack-related-posts":[],"_links":{"self":[{"href":"https:\/\/www.o-p-i.fr\/parlonsen\/wp-json\/wp\/v2\/posts\/66956","targetHints":{"allow":["GET"]}}],"collection":[{"href":"https:\/\/www.o-p-i.fr\/parlonsen\/wp-json\/wp\/v2\/posts"}],"about":[{"href":"https:\/\/www.o-p-i.fr\/parlonsen\/wp-json\/wp\/v2\/types\/post"}],"author":[{"embeddable":true,"href":"https:\/\/www.o-p-i.fr\/parlonsen\/wp-json\/wp\/v2\/users\/9"}],"replies":[{"embeddable":true,"href":"https:\/\/www.o-p-i.fr\/parlonsen\/wp-json\/wp\/v2\/comments?post=66956"}],"version-history":[{"count":5,"href":"https:\/\/www.o-p-i.fr\/parlonsen\/wp-json\/wp\/v2\/posts\/66956\/revisions"}],"predecessor-version":[{"id":66964,"href":"https:\/\/www.o-p-i.fr\/parlonsen\/wp-json\/wp\/v2\/posts\/66956\/revisions\/66964"}],"wp:featuredmedia":[{"embeddable":true,"href":"https:\/\/www.o-p-i.fr\/parlonsen\/wp-json\/wp\/v2\/media\/66959"}],"wp:attachment":[{"href":"https:\/\/www.o-p-i.fr\/parlonsen\/wp-json\/wp\/v2\/media?parent=66956"}],"wp:term":[{"taxonomy":"category","embeddable":true,"href":"https:\/\/www.o-p-i.fr\/parlonsen\/wp-json\/wp\/v2\/categories?post=66956"},{"taxonomy":"post_tag","embeddable":true,"href":"https:\/\/www.o-p-i.fr\/parlonsen\/wp-json\/wp\/v2\/tags?post=66956"}],"curies":[{"name":"wp","href":"https:\/\/api.w.org\/{rel}","templated":true}]}}