{"id":66967,"date":"2025-11-08T15:34:53","date_gmt":"2025-11-08T14:34:53","guid":{"rendered":"https:\/\/www.o-p-i.fr\/parlonsen\/?p=66967"},"modified":"2025-11-08T15:34:53","modified_gmt":"2025-11-08T14:34:53","slug":"lembellie-le-bazar-a-tatie-a-montauban-82","status":"publish","type":"post","link":"https:\/\/www.o-p-i.fr\/parlonsen\/parlons-en\/loisirs\/lembellie-le-bazar-a-tatie-a-montauban-82\/","title":{"rendered":"L&rsquo;Embellie &#8211; Le bazar \u00e0 Tatie &#8230; \u00e0 Montauban (82)"},"content":{"rendered":"<p><strong>Dimanche 9 novembre 2025 \u00e0 10h<\/strong><br \/>\n<!--more--><\/p>\n<p><strong><img data-recalc-dims=\"1\" loading=\"lazy\" decoding=\"async\" class=\" wp-image-66969 alignright\" src=\"https:\/\/i0.wp.com\/www.o-p-i.fr\/parlonsen\/wp-content\/uploads\/2025-theatre-embellie-bazar-tatie-9nov.jpg?resize=465%2C465&#038;ssl=1\" alt=\"\" width=\"465\" height=\"465\" srcset=\"https:\/\/i0.wp.com\/www.o-p-i.fr\/parlonsen\/wp-content\/uploads\/2025-theatre-embellie-bazar-tatie-9nov.jpg?resize=300%2C300&amp;ssl=1 300w, https:\/\/i0.wp.com\/www.o-p-i.fr\/parlonsen\/wp-content\/uploads\/2025-theatre-embellie-bazar-tatie-9nov.jpg?resize=1024%2C1024&amp;ssl=1 1024w, https:\/\/i0.wp.com\/www.o-p-i.fr\/parlonsen\/wp-content\/uploads\/2025-theatre-embellie-bazar-tatie-9nov.jpg?resize=50%2C50&amp;ssl=1 50w, https:\/\/i0.wp.com\/www.o-p-i.fr\/parlonsen\/wp-content\/uploads\/2025-theatre-embellie-bazar-tatie-9nov.jpg?resize=768%2C768&amp;ssl=1 768w, https:\/\/i0.wp.com\/www.o-p-i.fr\/parlonsen\/wp-content\/uploads\/2025-theatre-embellie-bazar-tatie-9nov.jpg?resize=375%2C375&amp;ssl=1 375w, https:\/\/i0.wp.com\/www.o-p-i.fr\/parlonsen\/wp-content\/uploads\/2025-theatre-embellie-bazar-tatie-9nov.jpg?w=1500&amp;ssl=1 1500w\" sizes=\"auto, (max-width: 465px) 100vw, 465px\" \/>Le bazar \u00e0 Tatie <\/strong><strong>de et avec Laurent Bastide<\/strong><\/p>\n<p>Spectacle jeune public \u00e0 partir de 2 ans (dur\u00e9e 45 mn)<\/p>\n<p>Enfants 6\u20ac<br \/>\nAdultes Plein tarif 8\u20ac<br \/>\nAdultes Tarif r\u00e9duit 6\u20ac<\/p>\n<p><em>Aujourd\u2019hui Lolo se rend dans la boutique de sa Tatie. On y trouve tout un tas de choses. C\u2019est un peu le bazar : Le Bazar \u00e0 Tatie ! <\/em><\/p>\n<p><em>Partie en voyage, elle lui donne une mission : s\u2019occuper de\u00a0 son bazar avant l\u2019arriv\u00e9e des clients. Mais Lolo arrivera-t-il \u00e0 faire \u2018\u2019comme les grands\u2019\u2019 ? Aid\u00e9 des enfants et avec plus d\u2019un tour dans son sac l\u2019aventure peut commencer !\u00a0 <\/em><\/p>\n<p><em>Que de surprises vous attendent dans ce bazar : Un ballon bien bavard, des chiffons jouant \u00e0 cache-cache, une dr\u00f4le de machine \u00e0 laver, des bonbons et des bouquets de fleurs apparaissant de nulle part\u2026 Sans oublier Nooky, le magi-chien et son doudou pr\u00e9f\u00e9r\u00e9, dans un num\u00e9ro incroyable ! <\/em><\/p>\n<p>&nbsp;<\/p>\n<p><img data-recalc-dims=\"1\" loading=\"lazy\" decoding=\"async\" class=\" wp-image-18509\" src=\"https:\/\/i0.wp.com\/www.o-p-i.fr\/parlonsen\/wp-content\/uploads\/theatredelembellie.jpg?resize=360%2C132&#038;ssl=1\" alt=\"\" width=\"360\" height=\"132\" srcset=\"https:\/\/i0.wp.com\/www.o-p-i.fr\/parlonsen\/wp-content\/uploads\/theatredelembellie.jpg?w=600&amp;ssl=1 600w, https:\/\/i0.wp.com\/www.o-p-i.fr\/parlonsen\/wp-content\/uploads\/theatredelembellie.jpg?resize=300%2C110&amp;ssl=1 300w\" sizes=\"auto, (max-width: 360px) 100vw, 360px\" \/><\/p>\n<p>Organisateur de l&rsquo;\u00e9n\u00e8vement<br \/>\nTh\u00e9\u00e2tre de l&rsquo;Embellie<br \/>\n828 Avenue de Bordeaux<br \/>\nMontauban (82)<br \/>\nT\u00e9l\u00e9phone : 05 63 91 96 20<br \/>\nCourriel : <a href=\"mailto:embellie82@gmail.com\" target=\"_blank\" rel=\"noopener\">embellie82@gmail.com<\/a><\/p>\n<p><em>Information communiqu\u00e9e par le th\u00e9\u00e2tre de l&rsquo;Embellie<\/em><\/p>\n<p><a href=\"http:\/\/www.o-p-i.fr\/parlonsen\/agenda\/\">Retrouvez tous les \u00e9v\u00e9nements dans l&rsquo;agenda !<\/a><\/p>\n<p>&nbsp;<\/p>\n","protected":false},"excerpt":{"rendered":"<div class=\"mh-excerpt\">Dimanche 9 novembre 2025 \u00e0 10h<\/div>\n","protected":false},"author":9,"featured_media":18509,"comment_status":"open","ping_status":"open","sticky":false,"template":"","format":"standard","meta":{"om_disable_all_campaigns":false,"advanced_seo_description":"","jetpack_seo_html_title":"","jetpack_seo_noindex":false,"_jetpack_memberships_contains_paid_content":false,"footnotes":"","_links_to":"","_links_to_target":""},"categories":[54,6414,6390],"tags":[2736,3517,6504],"class_list":{"0":"post-66967","1":"post","2":"type-post","3":"status-publish","4":"format-standard","5":"has-post-thumbnail","7":"category-loisirs","8":"category-montauban","9":"category-n236-novembre-2025","10":"tag-theatre-de-lembellie","11":"tag-spectacle-jeune-public","12":"tag-s4525"},"jetpack_featured_media_url":"https:\/\/i0.wp.com\/www.o-p-i.fr\/parlonsen\/wp-content\/uploads\/theatredelembellie.jpg?fit=600%2C220&ssl=1","views":"","jetpack_likes_enabled":true,"jetpack_sharing_enabled":true,"jetpack_shortlink":"https:\/\/wp.me\/pg7Wxj-hq7","jetpack-related-posts":[],"_links":{"self":[{"href":"https:\/\/www.o-p-i.fr\/parlonsen\/wp-json\/wp\/v2\/posts\/66967","targetHints":{"allow":["GET"]}}],"collection":[{"href":"https:\/\/www.o-p-i.fr\/parlonsen\/wp-json\/wp\/v2\/posts"}],"about":[{"href":"https:\/\/www.o-p-i.fr\/parlonsen\/wp-json\/wp\/v2\/types\/post"}],"author":[{"embeddable":true,"href":"https:\/\/www.o-p-i.fr\/parlonsen\/wp-json\/wp\/v2\/users\/9"}],"replies":[{"embeddable":true,"href":"https:\/\/www.o-p-i.fr\/parlonsen\/wp-json\/wp\/v2\/comments?post=66967"}],"version-history":[{"count":2,"href":"https:\/\/www.o-p-i.fr\/parlonsen\/wp-json\/wp\/v2\/posts\/66967\/revisions"}],"predecessor-version":[{"id":66970,"href":"https:\/\/www.o-p-i.fr\/parlonsen\/wp-json\/wp\/v2\/posts\/66967\/revisions\/66970"}],"wp:featuredmedia":[{"embeddable":true,"href":"https:\/\/www.o-p-i.fr\/parlonsen\/wp-json\/wp\/v2\/media\/18509"}],"wp:attachment":[{"href":"https:\/\/www.o-p-i.fr\/parlonsen\/wp-json\/wp\/v2\/media?parent=66967"}],"wp:term":[{"taxonomy":"category","embeddable":true,"href":"https:\/\/www.o-p-i.fr\/parlonsen\/wp-json\/wp\/v2\/categories?post=66967"},{"taxonomy":"post_tag","embeddable":true,"href":"https:\/\/www.o-p-i.fr\/parlonsen\/wp-json\/wp\/v2\/tags?post=66967"}],"curies":[{"name":"wp","href":"https:\/\/api.w.org\/{rel}","templated":true}]}}