{"id":67200,"date":"2025-11-10T07:47:09","date_gmt":"2025-11-10T06:47:09","guid":{"rendered":"https:\/\/www.o-p-i.fr\/parlonsen\/?p=67200"},"modified":"2025-11-10T07:48:17","modified_gmt":"2025-11-10T06:48:17","slug":"la-muse-cinema-infocine-du-12nov-18nov-a-bressols-82","status":"publish","type":"post","link":"https:\/\/www.o-p-i.fr\/parlonsen\/parlons-en\/loisirs\/la-muse-cinema-infocine-du-12nov-18nov-a-bressols-82\/","title":{"rendered":"La Muse Cin\u00e9ma, Infocin\u00e9 du [12NOV -> 18NOV]&#8230;\u00e0 Bressols (82)"},"content":{"rendered":"<p><strong>Du 12 novembre au 18 novembre 2025<\/strong><!--more--><\/p>\n<p>&nbsp;<\/p>\n<p><em><img data-recalc-dims=\"1\" loading=\"lazy\" decoding=\"async\" class=\"alignnone\" src=\"https:\/\/i0.wp.com\/www.lamusecinema.org\/sites\/default\/files\/images\/BANIERE_BLEUE_JAUNE.png?resize=960%2C210&#038;ssl=1\" alt=\"\" width=\"960\" height=\"210\" \/><img data-recalc-dims=\"1\" loading=\"lazy\" decoding=\"async\" class=\"alignnone\" src=\"https:\/\/i0.wp.com\/www.lamusecinema.org\/sites\/default\/files\/programme\/bandeau_cineclassic_121125_amoursblonde_0.jpg?resize=1200%2C344&#038;ssl=1\" alt=\"\" width=\"1200\" height=\"344\" \/><a href=\"https:\/\/www.lamusecinema.org\/evenements#e3895\"><img data-recalc-dims=\"1\" loading=\"lazy\" decoding=\"async\" class=\"alignnone size-medium\" src=\"https:\/\/i0.wp.com\/www.lamusecinema.org\/sites\/default\/files\/programme\/bandeau_SOUNDTRACK_0.jpg?resize=1200%2C344&#038;ssl=1\" width=\"1200\" height=\"344\" \/><\/a><a href=\"https:\/\/www.lamusecinema.org\/evenements#e3907\"><img data-recalc-dims=\"1\" loading=\"lazy\" decoding=\"async\" class=\"alignnone size-medium\" src=\"https:\/\/i0.wp.com\/www.lamusecinema.org\/sites\/default\/files\/programme\/Hors%20Service.jpg?resize=1200%2C344&#038;ssl=1\" width=\"1200\" height=\"344\" \/><\/a><a href=\"https:\/\/www.lamusecinema.org\/evenements#e3908\"><img data-recalc-dims=\"1\" loading=\"lazy\" decoding=\"async\" class=\"alignnone size-medium\" src=\"https:\/\/i0.wp.com\/www.lamusecinema.org\/sites\/default\/files\/programme\/22-11-2025%20Bandeau%20-%20Exit%208.jpg?resize=1200%2C344&#038;ssl=1\" width=\"1200\" height=\"344\" \/><\/a><\/em><\/p>\n<div id=\"tarifs-news\">\n<p id=\"tarifs-title-news\">Les tarifs<\/p>\n<table id=\"tarifs-table-news\">\n<tbody>\n<tr>\n<td class=\"tarifs-td-1\">Plein tarif<\/td>\n<td class=\"tarifs-td-2\">7,50 \u20ac<\/td>\n<\/tr>\n<tr>\n<td class=\"tarifs-td-1\">Tarif r\u00e9duit (<strong>lundi<\/strong>, s\u00e9ances sp\u00e9ciales, moins de 26 ans, minima sociaux)<\/td>\n<td class=\"tarifs-td-2\">6,00 \u20ac<\/td>\n<\/tr>\n<tr>\n<td class=\"tarifs-td-1\">Tarif adh\u00e9rent<\/td>\n<td class=\"tarifs-td-2\">5 \u20ac<\/td>\n<\/tr>\n<tr>\n<td class=\"tarifs-td-1\">Moins de 14 ans<\/td>\n<td class=\"tarifs-td-2\">4 \u20ac<\/td>\n<\/tr>\n<tr>\n<td class=\"tarifs-td-1\">Carnet 5 places<\/td>\n<td class=\"tarifs-td-2\">30,00 \u20ac<\/td>\n<\/tr>\n<tr>\n<td class=\"tarifs-td-1\">Groupe scolaire<\/td>\n<td class=\"tarifs-td-2\">3,20 \u20ac<\/td>\n<\/tr>\n<\/tbody>\n<\/table>\n<\/div>\n<p class=\"strong-news\">Pour toute information compl\u00e9mentaire, n&rsquo;h\u00e9sitez pas \u00e0 visiter notre site web : <a href=\"http:\/\/www.lamusecinema.org\/\">http:\/\/www.lamusecinema.org\/<\/a><\/p>\n<p class=\"strong-news\">Vous pouvez \u00e9galement nous suivre sur Facebook \u00e0 cette adresse : <a href=\"http:\/\/www.facebook.com\/lamusecinema\">www.facebook.com\/lamusecinema<\/a><\/p>\n<p class=\"strong-news\">Et sur Instagram en suivant le compte :\u00a0\u00a0<a href=\"https:\/\/www.instagram.com\/lamuse_cinema\/\">@lamuse_cinema<\/a><\/p>\n<p><em>Information communiqu\u00e9e par La Muse Cin\u00e9ma<\/em><\/p>\n<p><a href=\"http:\/\/www.o-p-i.fr\/parlonsen\/agenda\/\">Retrouvez tous les \u00e9v\u00e9nements dans l&rsquo;agenda !<\/a><\/p>\n","protected":false},"excerpt":{"rendered":"<div class=\"mh-excerpt\">Du 12 novembre au 18 novembre 2025<\/div>\n","protected":false},"author":9,"featured_media":62094,"comment_status":"open","ping_status":"open","sticky":false,"template":"","format":"standard","meta":{"om_disable_all_campaigns":false,"advanced_seo_description":"","jetpack_seo_html_title":"","jetpack_seo_noindex":false,"_jetpack_memberships_contains_paid_content":false,"footnotes":"","_links_to":"","_links_to_target":""},"categories":[6488,54,6390],"tags":[2040,3350,5674,6453],"class_list":{"0":"post-67200","1":"post","2":"type-post","3":"status-publish","4":"format-standard","5":"has-post-thumbnail","7":"category-bressols","8":"category-loisirs","9":"category-n236-novembre-2025","10":"tag-bressols","11":"tag-la-muse-cinema","12":"tag-cine-programme","13":"tag-a-venir"},"jetpack_featured_media_url":"https:\/\/i0.wp.com\/www.o-p-i.fr\/parlonsen\/wp-content\/uploads\/camera-cinema.jpg?fit=225%2C225&ssl=1","views":{"total":0,"cached_at":"","cached_date":1738391452},"jetpack_likes_enabled":true,"jetpack_sharing_enabled":true,"jetpack_shortlink":"https:\/\/wp.me\/pg7Wxj-htS","jetpack-related-posts":[],"_links":{"self":[{"href":"https:\/\/www.o-p-i.fr\/parlonsen\/wp-json\/wp\/v2\/posts\/67200","targetHints":{"allow":["GET"]}}],"collection":[{"href":"https:\/\/www.o-p-i.fr\/parlonsen\/wp-json\/wp\/v2\/posts"}],"about":[{"href":"https:\/\/www.o-p-i.fr\/parlonsen\/wp-json\/wp\/v2\/types\/post"}],"author":[{"embeddable":true,"href":"https:\/\/www.o-p-i.fr\/parlonsen\/wp-json\/wp\/v2\/users\/9"}],"replies":[{"embeddable":true,"href":"https:\/\/www.o-p-i.fr\/parlonsen\/wp-json\/wp\/v2\/comments?post=67200"}],"version-history":[{"count":4,"href":"https:\/\/www.o-p-i.fr\/parlonsen\/wp-json\/wp\/v2\/posts\/67200\/revisions"}],"predecessor-version":[{"id":67204,"href":"https:\/\/www.o-p-i.fr\/parlonsen\/wp-json\/wp\/v2\/posts\/67200\/revisions\/67204"}],"wp:featuredmedia":[{"embeddable":true,"href":"https:\/\/www.o-p-i.fr\/parlonsen\/wp-json\/wp\/v2\/media\/62094"}],"wp:attachment":[{"href":"https:\/\/www.o-p-i.fr\/parlonsen\/wp-json\/wp\/v2\/media?parent=67200"}],"wp:term":[{"taxonomy":"category","embeddable":true,"href":"https:\/\/www.o-p-i.fr\/parlonsen\/wp-json\/wp\/v2\/categories?post=67200"},{"taxonomy":"post_tag","embeddable":true,"href":"https:\/\/www.o-p-i.fr\/parlonsen\/wp-json\/wp\/v2\/tags?post=67200"}],"curies":[{"name":"wp","href":"https:\/\/api.w.org\/{rel}","templated":true}]}}