{"id":67555,"date":"2025-11-12T20:05:57","date_gmt":"2025-11-12T19:05:57","guid":{"rendered":"https:\/\/www.o-p-i.fr\/parlonsen\/?p=67555"},"modified":"2025-11-20T09:46:44","modified_gmt":"2025-11-20T08:46:44","slug":"enercit-comment-economiser-lenergie-dans-son-logement-a-castelsarrasin-82","status":"publish","type":"post","link":"https:\/\/www.o-p-i.fr\/parlonsen\/parlons-en\/formation-parlons-en\/enercit-comment-economiser-lenergie-dans-son-logement-a-castelsarrasin-82\/","title":{"rendered":"Enercit &#8211; Comment \u00e9conomiser l&rsquo;\u00e9nergie dans son logement &#8230; \u00e0 Castelsarrasin (82)"},"content":{"rendered":"<p><b> jeudi 20 novembre \u00e0 18h00<\/b><!--more--><\/p>\n<p><img data-recalc-dims=\"1\" loading=\"lazy\" decoding=\"async\" class=\" wp-image-67557 alignright\" src=\"https:\/\/i0.wp.com\/www.o-p-i.fr\/parlonsen\/wp-content\/uploads\/2025-enercit-reunion-publique.jpg?resize=359%2C479&#038;ssl=1\" alt=\"\" width=\"359\" height=\"479\" srcset=\"https:\/\/i0.wp.com\/www.o-p-i.fr\/parlonsen\/wp-content\/uploads\/2025-enercit-reunion-publique.jpg?resize=225%2C300&amp;ssl=1 225w, https:\/\/i0.wp.com\/www.o-p-i.fr\/parlonsen\/wp-content\/uploads\/2025-enercit-reunion-publique.jpg?resize=769%2C1024&amp;ssl=1 769w, https:\/\/i0.wp.com\/www.o-p-i.fr\/parlonsen\/wp-content\/uploads\/2025-enercit-reunion-publique.jpg?resize=768%2C1023&amp;ssl=1 768w, https:\/\/i0.wp.com\/www.o-p-i.fr\/parlonsen\/wp-content\/uploads\/2025-enercit-reunion-publique.jpg?resize=1153%2C1536&amp;ssl=1 1153w, https:\/\/i0.wp.com\/www.o-p-i.fr\/parlonsen\/wp-content\/uploads\/2025-enercit-reunion-publique.jpg?resize=1537%2C2048&amp;ssl=1 1537w, https:\/\/i0.wp.com\/www.o-p-i.fr\/parlonsen\/wp-content\/uploads\/2025-enercit-reunion-publique.jpg?w=1565&amp;ssl=1 1565w\" sizes=\"auto, (max-width: 359px) 100vw, 359px\" \/><strong>R<\/strong><b>\u00e9union publique \u00e0 Castelsarrasin le jeudi 20 novembre, \u00e0 18H, salle Marcelle Dubas , pr\u00e8s de la m\u00e9diath\u00e8que.<\/b><\/p>\n<p><b>Elle sera co-anim\u00e9e par les Amis d&rsquo;Enercit et\u00a0 le CAUE 82 .<\/b><\/p>\n<p><b>Au programme:\u00a0<\/b><\/p>\n<p><b>Comment \u00e9conomiser l&rsquo;\u00e9nergie dans son logement<\/b><\/p>\n<p><b>Quelles aides publiques nationales et locales pour les particuliers.<\/b><\/p>\n<p>Au plaisir de vous y retrouver,<\/p>\n<p>Le CA des Amis d&rsquo;Enercit<\/p>\n","protected":false},"excerpt":{"rendered":"<div class=\"mh-excerpt\">jeudi 20 novembre \u00e0 18h00<\/div>\n","protected":false},"author":9,"featured_media":67557,"comment_status":"open","ping_status":"open","sticky":false,"template":"","format":"standard","meta":{"om_disable_all_campaigns":false,"advanced_seo_description":"","jetpack_seo_html_title":"","jetpack_seo_noindex":false,"_jetpack_memberships_contains_paid_content":false,"footnotes":"","_links_to":"","_links_to_target":""},"categories":[6511,1276,725,6390],"tags":[3173,6512,6518],"class_list":{"0":"post-67555","1":"post","2":"type-post","3":"status-publish","4":"format-standard","5":"has-post-thumbnail","7":"category-castelsarrasin","8":"category-economie-parlons-en","9":"category-formation-parlons-en","10":"category-n236-novembre-2025","11":"tag-reunion-publique","12":"tag-enercit","13":"tag-s4725"},"jetpack_featured_media_url":"https:\/\/i0.wp.com\/www.o-p-i.fr\/parlonsen\/wp-content\/uploads\/2025-enercit-reunion-publique.jpg?fit=1565%2C2085&ssl=1","views":"","jetpack_likes_enabled":true,"jetpack_sharing_enabled":true,"jetpack_shortlink":"https:\/\/wp.me\/pg7Wxj-hzB","jetpack-related-posts":[],"_links":{"self":[{"href":"https:\/\/www.o-p-i.fr\/parlonsen\/wp-json\/wp\/v2\/posts\/67555","targetHints":{"allow":["GET"]}}],"collection":[{"href":"https:\/\/www.o-p-i.fr\/parlonsen\/wp-json\/wp\/v2\/posts"}],"about":[{"href":"https:\/\/www.o-p-i.fr\/parlonsen\/wp-json\/wp\/v2\/types\/post"}],"author":[{"embeddable":true,"href":"https:\/\/www.o-p-i.fr\/parlonsen\/wp-json\/wp\/v2\/users\/9"}],"replies":[{"embeddable":true,"href":"https:\/\/www.o-p-i.fr\/parlonsen\/wp-json\/wp\/v2\/comments?post=67555"}],"version-history":[{"count":2,"href":"https:\/\/www.o-p-i.fr\/parlonsen\/wp-json\/wp\/v2\/posts\/67555\/revisions"}],"predecessor-version":[{"id":67558,"href":"https:\/\/www.o-p-i.fr\/parlonsen\/wp-json\/wp\/v2\/posts\/67555\/revisions\/67558"}],"wp:featuredmedia":[{"embeddable":true,"href":"https:\/\/www.o-p-i.fr\/parlonsen\/wp-json\/wp\/v2\/media\/67557"}],"wp:attachment":[{"href":"https:\/\/www.o-p-i.fr\/parlonsen\/wp-json\/wp\/v2\/media?parent=67555"}],"wp:term":[{"taxonomy":"category","embeddable":true,"href":"https:\/\/www.o-p-i.fr\/parlonsen\/wp-json\/wp\/v2\/categories?post=67555"},{"taxonomy":"post_tag","embeddable":true,"href":"https:\/\/www.o-p-i.fr\/parlonsen\/wp-json\/wp\/v2\/tags?post=67555"}],"curies":[{"name":"wp","href":"https:\/\/api.w.org\/{rel}","templated":true}]}}