{"id":67559,"date":"2025-11-12T20:20:21","date_gmt":"2025-11-12T19:20:21","guid":{"rendered":"https:\/\/www.o-p-i.fr\/parlonsen\/?p=67559"},"modified":"2025-11-20T09:50:33","modified_gmt":"2025-11-20T08:50:33","slug":"cine-debat-harcelement-en-milieu-scolaire-prejuges-homophobie-a-monclar-82","status":"publish","type":"post","link":"https:\/\/www.o-p-i.fr\/parlonsen\/localisation\/au-pays-des-tescous\/monclar\/cine-debat-harcelement-en-milieu-scolaire-prejuges-homophobie-a-monclar-82\/","title":{"rendered":"Cin\u00e9 d\u00e9bat &#8211; harc\u00e8lement en milieu scolaire, pr\u00e9jug\u00e9s, homophobie,&#8230; \u00e0 Monclar (82)"},"content":{"rendered":"<p><strong>Mercredi 26 novembre \u00e0 19h30.<\/strong><!--more--><\/p>\n<p><img data-recalc-dims=\"1\" loading=\"lazy\" decoding=\"async\" class=\" wp-image-67560 alignright\" src=\"https:\/\/i0.wp.com\/www.o-p-i.fr\/parlonsen\/wp-content\/uploads\/2025-Affiche-Cine-Debat-Monclar-de-Quercy.jpg?resize=405%2C573&#038;ssl=1\" alt=\"\" width=\"405\" height=\"573\" srcset=\"https:\/\/i0.wp.com\/www.o-p-i.fr\/parlonsen\/wp-content\/uploads\/2025-Affiche-Cine-Debat-Monclar-de-Quercy.jpg?resize=212%2C300&amp;ssl=1 212w, https:\/\/i0.wp.com\/www.o-p-i.fr\/parlonsen\/wp-content\/uploads\/2025-Affiche-Cine-Debat-Monclar-de-Quercy.jpg?resize=724%2C1024&amp;ssl=1 724w, https:\/\/i0.wp.com\/www.o-p-i.fr\/parlonsen\/wp-content\/uploads\/2025-Affiche-Cine-Debat-Monclar-de-Quercy.jpg?resize=768%2C1086&amp;ssl=1 768w, https:\/\/i0.wp.com\/www.o-p-i.fr\/parlonsen\/wp-content\/uploads\/2025-Affiche-Cine-Debat-Monclar-de-Quercy.jpg?w=1000&amp;ssl=1 1000w\" sizes=\"auto, (max-width: 405px) 100vw, 405px\" \/>Th\u00e8me: harc\u00e8lement en milieu scolaire, pr\u00e9jug\u00e9s, homophobie,&#8230;<\/p>\n<p>Lieu: cin\u00e9ma de Monclar de Quercy.<\/p>\n<p>Ouvert \u00e0 tous, gratuit.<\/p>\n<h2>De quelle heure \u00e0 quelle heure ?<\/h2>\n<p>19h30 \u00e0 21h<\/p>\n<h2>Adresse de l&rsquo;\u00e9v\u00e8nement<\/h2>\n<p>Cin\u00e9ma de Monclar de Quercy<br \/>\nPlace des Capitouls<br \/>\n82230 Monclar de Quercy<\/p>\n<h2>Tarif unique<\/h2>\n<p>GRATUIT<\/p>\n<h2>Organisateur de l&rsquo;\u00e9v\u00e8nement<\/h2>\n<p>Centre Social Familles Rurales Monclar et Association Contact<\/p>\n<h2>Personne \/ Organisation \u00e0 contacter<\/h2>\n<p>Chlo\u00e9 Gaugirand\/ Centre Social Familles Rurales<\/p>\n<h2>Adresse<\/h2>\n<p>10 p\u00f4le Monclar Vert<br \/>\n82230 Monclar de Quercy<\/p>\n<h2>T\u00e9l\u00e9phone<\/h2>\n<p>0768619504<\/p>\n<h2>Courriel<\/h2>\n<p>chloe.gaugirand@famillesrurales.org<\/p>\n<p>Information transmise par Gaugirand Chlo\u00e9, l&rsquo;organisatrice de l&rsquo;\u00e9v\u00e8nement<\/p>\n","protected":false},"excerpt":{"rendered":"<div class=\"mh-excerpt\">Mercredi 26 novembre \u00e0 19h30.<\/div>\n","protected":false},"author":9,"featured_media":67560,"comment_status":"open","ping_status":"open","sticky":false,"template":"","format":"standard","meta":{"om_disable_all_campaigns":false,"advanced_seo_description":"","jetpack_seo_html_title":"","jetpack_seo_noindex":false,"_jetpack_memberships_contains_paid_content":false,"footnotes":"","_links_to":"","_links_to_target":""},"categories":[16,58,6390],"tags":[3312,4989,6513,6514,6518],"class_list":{"0":"post-67559","1":"post","2":"type-post","3":"status-publish","4":"format-standard","5":"has-post-thumbnail","7":"category-monclar","8":"category-sante","9":"category-n236-novembre-2025","10":"tag-cine-debat","11":"tag-les-amis-du-cinema-de-monclar","12":"tag-centre-social-familles-rurales-monclar","13":"tag-association-contact","14":"tag-s4725"},"jetpack_featured_media_url":"https:\/\/i0.wp.com\/www.o-p-i.fr\/parlonsen\/wp-content\/uploads\/2025-Affiche-Cine-Debat-Monclar-de-Quercy.jpg?fit=1000%2C1414&ssl=1","views":"","jetpack_likes_enabled":true,"jetpack_sharing_enabled":true,"jetpack_shortlink":"https:\/\/wp.me\/pg7Wxj-hzF","jetpack-related-posts":[],"_links":{"self":[{"href":"https:\/\/www.o-p-i.fr\/parlonsen\/wp-json\/wp\/v2\/posts\/67559","targetHints":{"allow":["GET"]}}],"collection":[{"href":"https:\/\/www.o-p-i.fr\/parlonsen\/wp-json\/wp\/v2\/posts"}],"about":[{"href":"https:\/\/www.o-p-i.fr\/parlonsen\/wp-json\/wp\/v2\/types\/post"}],"author":[{"embeddable":true,"href":"https:\/\/www.o-p-i.fr\/parlonsen\/wp-json\/wp\/v2\/users\/9"}],"replies":[{"embeddable":true,"href":"https:\/\/www.o-p-i.fr\/parlonsen\/wp-json\/wp\/v2\/comments?post=67559"}],"version-history":[{"count":1,"href":"https:\/\/www.o-p-i.fr\/parlonsen\/wp-json\/wp\/v2\/posts\/67559\/revisions"}],"predecessor-version":[{"id":67561,"href":"https:\/\/www.o-p-i.fr\/parlonsen\/wp-json\/wp\/v2\/posts\/67559\/revisions\/67561"}],"wp:featuredmedia":[{"embeddable":true,"href":"https:\/\/www.o-p-i.fr\/parlonsen\/wp-json\/wp\/v2\/media\/67560"}],"wp:attachment":[{"href":"https:\/\/www.o-p-i.fr\/parlonsen\/wp-json\/wp\/v2\/media?parent=67559"}],"wp:term":[{"taxonomy":"category","embeddable":true,"href":"https:\/\/www.o-p-i.fr\/parlonsen\/wp-json\/wp\/v2\/categories?post=67559"},{"taxonomy":"post_tag","embeddable":true,"href":"https:\/\/www.o-p-i.fr\/parlonsen\/wp-json\/wp\/v2\/tags?post=67559"}],"curies":[{"name":"wp","href":"https:\/\/api.w.org\/{rel}","templated":true}]}}