{"id":67562,"date":"2025-11-12T20:41:53","date_gmt":"2025-11-12T19:41:53","guid":{"rendered":"https:\/\/www.o-p-i.fr\/parlonsen\/?p=67562"},"modified":"2025-11-26T21:52:18","modified_gmt":"2025-11-26T20:52:18","slug":"centre-social-familles-rurales-spectacle-les-tony-a-montdurausse-81","status":"publish","type":"post","link":"https:\/\/www.o-p-i.fr\/parlonsen\/parlons-en\/culture\/centre-social-familles-rurales-spectacle-les-tony-a-montdurausse-81\/","title":{"rendered":"Centre Social Familles Rurales &#8211; Spectacle \u00ab\u00a0Les Tony\u00a0\u00bb &#8230; \u00e0 Montdurausse (81)"},"content":{"rendered":"<p><strong>Dimanche 30 novembre \u00e0 14h30<\/strong><!--more--><\/p>\n<p><img data-recalc-dims=\"1\" loading=\"lazy\" decoding=\"async\" class=\" wp-image-67563 alignright\" src=\"https:\/\/i0.wp.com\/www.o-p-i.fr\/parlonsen\/wp-content\/uploads\/2025-centre-social-familles-rurales-Spectacle-Les-Tony.png?resize=454%2C642&#038;ssl=1\" alt=\"\" width=\"454\" height=\"642\" srcset=\"https:\/\/i0.wp.com\/www.o-p-i.fr\/parlonsen\/wp-content\/uploads\/2025-centre-social-familles-rurales-Spectacle-Les-Tony.png?resize=212%2C300&amp;ssl=1 212w, https:\/\/i0.wp.com\/www.o-p-i.fr\/parlonsen\/wp-content\/uploads\/2025-centre-social-familles-rurales-Spectacle-Les-Tony.png?resize=724%2C1024&amp;ssl=1 724w, https:\/\/i0.wp.com\/www.o-p-i.fr\/parlonsen\/wp-content\/uploads\/2025-centre-social-familles-rurales-Spectacle-Les-Tony.png?resize=768%2C1086&amp;ssl=1 768w, https:\/\/i0.wp.com\/www.o-p-i.fr\/parlonsen\/wp-content\/uploads\/2025-centre-social-familles-rurales-Spectacle-Les-Tony.png?w=1000&amp;ssl=1 1000w\" sizes=\"auto, (max-width: 454px) 100vw, 454px\" \/>Un spectacle pour toute la famille organis\u00e9 par le Centre Social Familles Rurales \u00e0 la salle des f\u00eates de Montdurausse.<\/p>\n<p>Entr\u00e9e gratuite.<\/p>\n<p>Vente sur place: popcorn, boissons, bar \u00e0 chocolat chaud.<\/p>\n<p>Go\u00fbter partag\u00e9 apr\u00e8s le spectacle! Chacun ram\u00e8ne un petit quelque chose \u00e0 manger.<\/p>\n<h2>De quelle heure \u00e0 quelle heure ?<\/h2>\n<p>14h30 \u00e0 16h30 environ<\/p>\n<h2>Adresse de l&rsquo;\u00e9v\u00e8nement<\/h2>\n<p>Salle des f\u00eates<br \/>\n81630 Montdurausse<\/p>\n<h2>Tarif unique<\/h2>\n<p>GRATUIT<\/p>\n<h2>Organisateur de l&rsquo;\u00e9v\u00e8nement<\/h2>\n<p>Centre Social Familles Rurales Monclar<\/p>\n<h2>Personne \/ Organisation \u00e0 contacter<\/h2>\n<p>Chlo\u00e9 Gaugirand\/ Centre Social Familles Rurales<\/p>\n<h2>Adresse<\/h2>\n<p>10 p\u00f4le Monclar Vert<br \/>\n82230 Monclar de Quercy<\/p>\n<h2>T\u00e9l\u00e9phone<\/h2>\n<p>05.63.26.48.96<\/p>\n<h2>Courriel<\/h2>\n<p>centre-social.monclar@famillesrurales.org<\/p>\n<p><em>Information transmise par Gaugirand Chlo\u00e9, l&rsquo;organisatrice de l&rsquo;\u00e9v\u00e8nement<\/em><\/p>\n","protected":false},"excerpt":{"rendered":"<div class=\"mh-excerpt\">Dimanche 30 novembre \u00e0 14h30<\/div>\n","protected":false},"author":9,"featured_media":67563,"comment_status":"open","ping_status":"open","sticky":false,"template":"","format":"standard","meta":{"om_disable_all_campaigns":false,"advanced_seo_description":"","jetpack_seo_html_title":"","jetpack_seo_noindex":false,"_jetpack_memberships_contains_paid_content":false,"footnotes":"","_links_to":"","_links_to_target":""},"categories":[1,32,6390],"tags":[132,6513,6523],"class_list":{"0":"post-67562","1":"post","2":"type-post","3":"status-publish","4":"format-standard","5":"has-post-thumbnail","7":"category-culture","8":"category-montdurausse","9":"category-n236-novembre-2025","10":"tag-spectacle","11":"tag-centre-social-familles-rurales-monclar","12":"tag-s4825"},"jetpack_featured_media_url":"https:\/\/i0.wp.com\/www.o-p-i.fr\/parlonsen\/wp-content\/uploads\/2025-centre-social-familles-rurales-Spectacle-Les-Tony.png?fit=1000%2C1414&ssl=1","views":"","jetpack_likes_enabled":true,"jetpack_sharing_enabled":true,"jetpack_shortlink":"https:\/\/wp.me\/pg7Wxj-hzI","jetpack-related-posts":[],"_links":{"self":[{"href":"https:\/\/www.o-p-i.fr\/parlonsen\/wp-json\/wp\/v2\/posts\/67562","targetHints":{"allow":["GET"]}}],"collection":[{"href":"https:\/\/www.o-p-i.fr\/parlonsen\/wp-json\/wp\/v2\/posts"}],"about":[{"href":"https:\/\/www.o-p-i.fr\/parlonsen\/wp-json\/wp\/v2\/types\/post"}],"author":[{"embeddable":true,"href":"https:\/\/www.o-p-i.fr\/parlonsen\/wp-json\/wp\/v2\/users\/9"}],"replies":[{"embeddable":true,"href":"https:\/\/www.o-p-i.fr\/parlonsen\/wp-json\/wp\/v2\/comments?post=67562"}],"version-history":[{"count":1,"href":"https:\/\/www.o-p-i.fr\/parlonsen\/wp-json\/wp\/v2\/posts\/67562\/revisions"}],"predecessor-version":[{"id":67564,"href":"https:\/\/www.o-p-i.fr\/parlonsen\/wp-json\/wp\/v2\/posts\/67562\/revisions\/67564"}],"wp:featuredmedia":[{"embeddable":true,"href":"https:\/\/www.o-p-i.fr\/parlonsen\/wp-json\/wp\/v2\/media\/67563"}],"wp:attachment":[{"href":"https:\/\/www.o-p-i.fr\/parlonsen\/wp-json\/wp\/v2\/media?parent=67562"}],"wp:term":[{"taxonomy":"category","embeddable":true,"href":"https:\/\/www.o-p-i.fr\/parlonsen\/wp-json\/wp\/v2\/categories?post=67562"},{"taxonomy":"post_tag","embeddable":true,"href":"https:\/\/www.o-p-i.fr\/parlonsen\/wp-json\/wp\/v2\/tags?post=67562"}],"curies":[{"name":"wp","href":"https:\/\/api.w.org\/{rel}","templated":true}]}}