{"id":67580,"date":"2025-11-13T00:46:20","date_gmt":"2025-11-12T23:46:20","guid":{"rendered":"https:\/\/www.o-p-i.fr\/parlonsen\/?p=67580"},"modified":"2025-11-13T00:46:20","modified_gmt":"2025-11-12T23:46:20","slug":"le-galetas-alberi-sonori-en-concert-a-salvagnac-81","status":"publish","type":"post","link":"https:\/\/www.o-p-i.fr\/parlonsen\/parlons-en\/culture\/le-galetas-alberi-sonori-en-concert-a-salvagnac-81\/","title":{"rendered":"Le Galetas &#8211; Alberi Sonori en concert &#8230; \u00e0 Salvagnac (81)"},"content":{"rendered":"<p><strong>Samedi 22 novembre 2025 d\u00e8s 19H30<\/strong><br \/>\n<!--more--><\/p>\n<p><img data-recalc-dims=\"1\" loading=\"lazy\" decoding=\"async\" class=\" wp-image-67582 alignright\" src=\"https:\/\/i0.wp.com\/www.o-p-i.fr\/parlonsen\/wp-content\/uploads\/2025-galetas-alberi-sonori-concert.jpg?resize=346%2C270&#038;ssl=1\" alt=\"\" width=\"346\" height=\"270\" srcset=\"https:\/\/i0.wp.com\/www.o-p-i.fr\/parlonsen\/wp-content\/uploads\/2025-galetas-alberi-sonori-concert.jpg?resize=300%2C234&amp;ssl=1 300w, https:\/\/i0.wp.com\/www.o-p-i.fr\/parlonsen\/wp-content\/uploads\/2025-galetas-alberi-sonori-concert.jpg?resize=768%2C598&amp;ssl=1 768w, https:\/\/i0.wp.com\/www.o-p-i.fr\/parlonsen\/wp-content\/uploads\/2025-galetas-alberi-sonori-concert.jpg?w=1000&amp;ssl=1 1000w\" sizes=\"auto, (max-width: 346px) 100vw, 346px\" \/>Concert \u00c0 21H00 : 10\u20ac (gratuit pour les -12 ans) &#8211; R\u00e9servation conseill\u00e9e<br \/>\nRepas maison (seulement sur r\u00e9servation) \u00c0 19h30 : 10\u20ac (7\u20ac pour les -12 ans)<\/p>\n<p><strong>R\u00e9servation conseill\u00e9e pour le repas et obligatoire pour le repas :\u00a0<\/strong><strong><br \/>\n06 79 68 12 15<\/strong> (<em>par texto de pr\u00e9f\u00e9rence<\/em>)<\/p>\n<h1 class=\"null\"><span style=\"font-family: trebuchet ms, lucida grande, lucida sans unicode, lucida sans, tahoma, sans-serif;\">ALBERI SONORI<\/span><\/h1>\n<h3>Trad italien actuel<\/h3>\n<p><span style=\"font-family: trebuchet ms, lucida grande, lucida sans unicode, lucida sans, tahoma, sans-serif;\">Ce groupe, n\u00e9 en 2010 en Italie et aujourd\u2019hui bas\u00e9 \u00e0 Toulouse, porte avec amour et ardeur le r\u00e9pertoire palpitant de l\u2019Italie du Sud. Les paysages festifs de la tarentelle alternent au gr\u00e9 de l\u2019expression passionn\u00e9e, intime et parfois onirique du chant populaire. Entre interpr\u00e9tation et cr\u00e9ation, les musicien.e.s proposent un r\u00e9pertoire qui s\u2019inscrit dans la continuit\u00e9 d\u2019une tradition vivante sans cesse renouvel\u00e9e.\u00a0Le chant se d\u00e9cline en plusieurs dialectes, fruit de m\u00e9langes s\u00e9culaires et se prolonge au son puissant des tambours. Les sonorit\u00e9s des multiples instruments fusionnent pour donner vie \u00e0 une musique actuelle, \u00e0 la fois dansante et \u00e9mouvante, riche de toute la force du pass\u00e9.<\/span><\/p>\n<p><strong>Contact : <\/strong>Le Galetas<br \/>\nAncien presbyt\u00e8re<br \/>\nPlace de l\u2019\u00c9glise<br \/>\n81630 Salvagnac<br \/>\nT\u00e9l. :\u00a0 06 78 30 92 81<br \/>\nCourriel : <a href=\"mailto:galetas.salvagnac@gmail.com\">galetas.salvagnac@gmail.com<\/a><\/p>\n<p><em>Communiqu\u00e9 par l\u2019\u00e9quipe du Galetas<\/em><\/p>\n","protected":false},"excerpt":{"rendered":"<div class=\"mh-excerpt\">Samedi 22 novembre 2025 d\u00e8s 19H30<\/div>\n","protected":false},"author":9,"featured_media":67583,"comment_status":"open","ping_status":"open","sticky":false,"template":"","format":"standard","meta":{"om_disable_all_campaigns":false,"advanced_seo_description":"","jetpack_seo_html_title":"","jetpack_seo_noindex":false,"_jetpack_memberships_contains_paid_content":false,"footnotes":"","_links_to":"","_links_to_target":""},"categories":[1,54,25,6390],"tags":[43,2548,1319],"class_list":{"0":"post-67580","1":"post","2":"type-post","3":"status-publish","4":"format-standard","5":"has-post-thumbnail","7":"category-culture","8":"category-loisirs","9":"category-salvagnac","10":"category-n236-novembre-2025","11":"tag-concert","12":"tag-salvagnac","13":"tag-le-galetas"},"jetpack_featured_media_url":"https:\/\/i0.wp.com\/www.o-p-i.fr\/parlonsen\/wp-content\/uploads\/logo-galetas.jpg?fit=851%2C127&ssl=1","views":{"total":0,"cached_at":"","cached_date":1738468757},"jetpack_likes_enabled":true,"jetpack_sharing_enabled":true,"jetpack_shortlink":"https:\/\/wp.me\/pg7Wxj-hA0","jetpack-related-posts":[],"_links":{"self":[{"href":"https:\/\/www.o-p-i.fr\/parlonsen\/wp-json\/wp\/v2\/posts\/67580","targetHints":{"allow":["GET"]}}],"collection":[{"href":"https:\/\/www.o-p-i.fr\/parlonsen\/wp-json\/wp\/v2\/posts"}],"about":[{"href":"https:\/\/www.o-p-i.fr\/parlonsen\/wp-json\/wp\/v2\/types\/post"}],"author":[{"embeddable":true,"href":"https:\/\/www.o-p-i.fr\/parlonsen\/wp-json\/wp\/v2\/users\/9"}],"replies":[{"embeddable":true,"href":"https:\/\/www.o-p-i.fr\/parlonsen\/wp-json\/wp\/v2\/comments?post=67580"}],"version-history":[{"count":2,"href":"https:\/\/www.o-p-i.fr\/parlonsen\/wp-json\/wp\/v2\/posts\/67580\/revisions"}],"predecessor-version":[{"id":67584,"href":"https:\/\/www.o-p-i.fr\/parlonsen\/wp-json\/wp\/v2\/posts\/67580\/revisions\/67584"}],"wp:featuredmedia":[{"embeddable":true,"href":"https:\/\/www.o-p-i.fr\/parlonsen\/wp-json\/wp\/v2\/media\/67583"}],"wp:attachment":[{"href":"https:\/\/www.o-p-i.fr\/parlonsen\/wp-json\/wp\/v2\/media?parent=67580"}],"wp:term":[{"taxonomy":"category","embeddable":true,"href":"https:\/\/www.o-p-i.fr\/parlonsen\/wp-json\/wp\/v2\/categories?post=67580"},{"taxonomy":"post_tag","embeddable":true,"href":"https:\/\/www.o-p-i.fr\/parlonsen\/wp-json\/wp\/v2\/tags?post=67580"}],"curies":[{"name":"wp","href":"https:\/\/api.w.org\/{rel}","templated":true}]}}