{"id":67585,"date":"2025-11-13T10:20:52","date_gmt":"2025-11-13T09:20:52","guid":{"rendered":"https:\/\/www.o-p-i.fr\/parlonsen\/?p=67585"},"modified":"2025-11-13T10:20:52","modified_gmt":"2025-11-13T09:20:52","slug":"le-colombier-concert-jongle-sassurer-de-ses-propres-murmures-a-les-cabannes-cordes-sur-ciel-81","status":"publish","type":"post","link":"https:\/\/www.o-p-i.fr\/parlonsen\/parlons-en\/loisirs\/le-colombier-concert-jongle-sassurer-de-ses-propres-murmures-a-les-cabannes-cordes-sur-ciel-81\/","title":{"rendered":"Le Colombier &#8211; concert jongl\u00e9 &#8211; S&rsquo;assurer de ses propres murmures &#8230;\u00e0 Les Cabannes-Cordes sur Ciel (81)"},"content":{"rendered":"<p><strong>Dimanche 16 novembre 2025<\/strong>,\u00a0 \u00e0 17h th\u00e9\u00e2tre du Colombier <!--more--><\/p>\n<div>\n<p><i><strong><img data-recalc-dims=\"1\" loading=\"lazy\" decoding=\"async\" class=\"alignright wp-image-67587\" src=\"https:\/\/i0.wp.com\/www.o-p-i.fr\/parlonsen\/wp-content\/uploads\/2025-colombier-spectacle.png?resize=428%2C294&#038;ssl=1\" alt=\"\" width=\"428\" height=\"294\" srcset=\"https:\/\/i0.wp.com\/www.o-p-i.fr\/parlonsen\/wp-content\/uploads\/2025-colombier-spectacle.png?resize=300%2C206&amp;ssl=1 300w, https:\/\/i0.wp.com\/www.o-p-i.fr\/parlonsen\/wp-content\/uploads\/2025-colombier-spectacle.png?w=524&amp;ssl=1 524w\" sizes=\"auto, (max-width: 428px) 100vw, 428px\" \/>S&rsquo;assurer de ses propres murmures<\/strong><\/i><\/p>\n<p><strong>en partenariat avec l&rsquo;\u00c9t\u00e9 de Vaour<\/strong><\/p>\n<p><strong><u>Collectif Petit Travers<\/u><\/strong><br \/>\n\u00c9criture et interpr\u00e9tation<br \/>\n<strong>Julien Cl\u00e9ment <\/strong>(jonglage) et<strong> Pierre Pollet <\/strong>(batterie)<br \/>\nMise en sc\u00e8ne &#8211; <strong>Nicolas Mathis<\/strong><br \/>\nCr\u00e9ation lumi\u00e8re &#8211; <strong>Thibault Thelleire<\/strong><br \/>\nSc\u00e9nographie &#8211; <strong>Olivier Filipucci <\/strong>et <strong>Thibault Thelleire<\/strong><br \/>\nCr\u00e9ation costumes &#8211; <strong>Sigol\u00e8ne Petey<\/strong><\/p>\n<p>Peut-on toucher par une po\u00e9sie qui serait non verbale ? Peut-on conjuguer l\u2019intime et le spectaculaire ?<\/p>\n<p>Dans ce spectacle, il y a un parcours de plus de 30 ans de pratique, de cr\u00e9ations, de rencontres, de formations, de spectateurs, de tourn\u00e9es, de transmission, de voyages !<\/p>\n<p>Ils sont deux de la compagnie : Le musicien-batteur et le jongleur, l\u2019un\u00a0form\u00e9 au conservatoire de Toulouse, l\u2019autre \u00e0 l\u2019\u00e9cole du cirque Plume et au Lido de Toulouse. Les corps du duo, dou\u00e9s d\u2019une vitalit\u00e9 enfantine, prennent de la densit\u00e9 en interagissant constamment, les palettes s\u2019\u00e9largissent, l\u2019intimit\u00e9 est entrevue\u2026<\/p>\n<p>Rituel, jeu, voyage, langage ? Rythme, pulsations, accents, toujours en recherche d\u2019\u00e9quilibres : pieds, mains, frappes, rebonds dans les sons et les gestes. Rester sur la cr\u00eate du\u00a0jeu et aborder le risque avec l\u00e9g\u00e8ret\u00e9, virtuosit\u00e9 et complicit\u00e9, fabriquant une langue secr\u00e8te\u2026<\/p>\n<p>Nous sommes avec eux, tendant l\u2019oreille aux moindres bruissements explor\u00e9s. Le murmure est l\u00e0 !<\/p>\n<p>Avec b\u00e2tons, grelots, balles de cuir, bois, m\u00e9tal, peaux\u2026 La musicalit\u00e9 surgit de partout, du dialogue subtil entre corps et sons des deux protagonistes !<br \/>\n<i>\u00a0\u00ab S\u2019assurer de ses propres murmures\u00a0et mener l\u2019action jusqu\u2019\u00e0 son verbe en fleur \u00bb<\/i> &#8211; Ren\u00e9 Char.<\/p>\n<p><strong>Cirque &#8211; \u00a0Dur\u00e9e : 55 min<\/strong><br \/>\n<strong>Tarif plein 15 \u20ac \/ Tarif r\u00e9duit : 12 \u20ac \/ Tarif -16ans : 5 \u20ac <\/strong><\/p>\n<p><strong>Tout public \u00e0 partir de 6 ans<\/strong><\/p>\n<p><a class=\"r29-r default-button\" title=\"J'ach\u00e8te ma place ici !\" href=\"https:\/\/1t8el.r.a.d.sendibm1.com\/mk\/cl\/f\/sh\/SMK1E8tHeG13DKrIkiFURUhuTGNd\/mZxWB4gMNutk\" target=\"_blank\" rel=\"noopener\" data-btn=\"1\"> <strong><u>Je r\u00e9serve ma place ici !<\/u><\/strong><\/a><\/p>\n<\/div>\n<p><img data-recalc-dims=\"1\" loading=\"lazy\" decoding=\"async\" class=\"size-full wp-image-40733 alignleft\" src=\"https:\/\/i0.wp.com\/www.o-p-i.fr\/parlonsen\/wp-content\/uploads\/colombier-2.jpg?resize=283%2C78&#038;ssl=1\" alt=\"\" width=\"283\" height=\"78\" srcset=\"https:\/\/i0.wp.com\/www.o-p-i.fr\/parlonsen\/wp-content\/uploads\/colombier-2.jpg?w=283&amp;ssl=1 283w, https:\/\/i0.wp.com\/www.o-p-i.fr\/parlonsen\/wp-content\/uploads\/colombier-2.jpg?resize=150%2C41&amp;ssl=1 150w\" sizes=\"auto, (max-width: 283px) 100vw, 283px\" \/>\u00a0<a href=\"http:\/\/www.theatrelecolombier\" target=\"_blank\" rel=\"noopener\"><strong>Th\u00e9\u00e2tre Le Colombier<\/strong><\/a><br \/>\n8 rue des Tanneries<br \/>\n81170 Les Cabannes &#8211; Cordes sur Ciel<br \/>\n07 83 26 33 11 &#8211; contact@theatrelecolombier.fr<br \/>\nR\u00c9SERVATIONS : 07 83 26 33 11<br \/>\nou <a href=\"mailto:contact@theatrelecolombier.fr\" target=\"_blank\" rel=\"noopener\">contact@theatrelecolombier.fr<\/a><\/p>\n<p><em>Information communiqu\u00e9e par Le Colombier<\/em><\/p>\n<p><a href=\"http:\/\/www.o-p-i.fr\/parlonsen\/agenda\/\">Retrouvez tous les \u00e9v\u00e9nements dans l&rsquo;agenda !<\/a><\/p>\n","protected":false},"excerpt":{"rendered":"<div class=\"mh-excerpt\">Dimanche 16 novembre 2025,\u00a0 \u00e0 17h th\u00e9\u00e2tre du Colombier<\/div>\n","protected":false},"author":9,"featured_media":54511,"comment_status":"open","ping_status":"open","sticky":false,"template":"","format":"standard","meta":{"om_disable_all_campaigns":false,"advanced_seo_description":"","jetpack_seo_html_title":"","jetpack_seo_noindex":false,"_jetpack_memberships_contains_paid_content":false,"footnotes":"","_links_to":"","_links_to_target":""},"categories":[6458,54,6390],"tags":[132,3055,6515],"class_list":{"0":"post-67585","1":"post","2":"type-post","3":"status-publish","4":"format-standard","5":"has-post-thumbnail","7":"category-cordes-sur-ciel","8":"category-loisirs","9":"category-n236-novembre-2025","10":"tag-spectacle","11":"tag-theatre-le-colombier","12":"tag-s4625"},"jetpack_featured_media_url":"https:\/\/i0.wp.com\/www.o-p-i.fr\/parlonsen\/wp-content\/uploads\/le-colombier-logo-1.jpg?fit=198%2C198&ssl=1","views":{"total":1,"cached_at":"","cached_date":1738535001},"jetpack_likes_enabled":true,"jetpack_sharing_enabled":true,"jetpack_shortlink":"https:\/\/wp.me\/pg7Wxj-hA5","jetpack-related-posts":[],"_links":{"self":[{"href":"https:\/\/www.o-p-i.fr\/parlonsen\/wp-json\/wp\/v2\/posts\/67585","targetHints":{"allow":["GET"]}}],"collection":[{"href":"https:\/\/www.o-p-i.fr\/parlonsen\/wp-json\/wp\/v2\/posts"}],"about":[{"href":"https:\/\/www.o-p-i.fr\/parlonsen\/wp-json\/wp\/v2\/types\/post"}],"author":[{"embeddable":true,"href":"https:\/\/www.o-p-i.fr\/parlonsen\/wp-json\/wp\/v2\/users\/9"}],"replies":[{"embeddable":true,"href":"https:\/\/www.o-p-i.fr\/parlonsen\/wp-json\/wp\/v2\/comments?post=67585"}],"version-history":[{"count":2,"href":"https:\/\/www.o-p-i.fr\/parlonsen\/wp-json\/wp\/v2\/posts\/67585\/revisions"}],"predecessor-version":[{"id":67588,"href":"https:\/\/www.o-p-i.fr\/parlonsen\/wp-json\/wp\/v2\/posts\/67585\/revisions\/67588"}],"wp:featuredmedia":[{"embeddable":true,"href":"https:\/\/www.o-p-i.fr\/parlonsen\/wp-json\/wp\/v2\/media\/54511"}],"wp:attachment":[{"href":"https:\/\/www.o-p-i.fr\/parlonsen\/wp-json\/wp\/v2\/media?parent=67585"}],"wp:term":[{"taxonomy":"category","embeddable":true,"href":"https:\/\/www.o-p-i.fr\/parlonsen\/wp-json\/wp\/v2\/categories?post=67585"},{"taxonomy":"post_tag","embeddable":true,"href":"https:\/\/www.o-p-i.fr\/parlonsen\/wp-json\/wp\/v2\/tags?post=67585"}],"curies":[{"name":"wp","href":"https:\/\/api.w.org\/{rel}","templated":true}]}}