{"id":67595,"date":"2025-11-13T10:53:51","date_gmt":"2025-11-13T09:53:51","guid":{"rendered":"https:\/\/www.o-p-i.fr\/parlonsen\/?p=67595"},"modified":"2025-11-26T21:53:44","modified_gmt":"2025-11-26T20:53:44","slug":"musee-raymond-lafage-rencontre-avec-magdalena-kopacz-exposition-a-lisle-sur-tarn-81","status":"publish","type":"post","link":"https:\/\/www.o-p-i.fr\/parlonsen\/parlons-en\/culture\/musee-raymond-lafage-rencontre-avec-magdalena-kopacz-exposition-a-lisle-sur-tarn-81\/","title":{"rendered":"Mus\u00e9e Raymond Lafage &#8211; Rencontre avec Magdalena Kopacz &#8211; Exposition&#8230; \u00e0 Lisle sur Tarn (81)"},"content":{"rendered":"<p><strong><span dir=\"auto\">Samedi 29 novembre \u00e0 15h<\/span><\/strong><br \/>\n<!--more--><\/p>\n<div><span style=\"font-family: georgia, times, times new roman, serif;\"><span dir=\"auto\">Dans le cadre de l&rsquo;exposition temporaire <em>Le murmure des choses,<\/em> Magdalena Kopacz sera pr\u00e9sente au Mus\u00e9e Raymond Lafage le samedi 29 novembre\u00a02025 \u00e0 partir de 15h pour pr\u00e9senter son travail de sculpteur\/c\u00e9ramiste et r\u00e9pondre \u00e0 toutes vos questions !<\/span><\/span><\/div>\n<div><em><span dir=\"auto\">L&rsquo;occasion id\u00e9ale de d\u00e9couvrir l&rsquo;exposition temporaire en compagnie de l&rsquo;artiste et d&rsquo;en apprendre plus sur ses po\u00e9tiques et \u00e9nigmatiques visages d&rsquo;argile&#8230;<\/span><\/em><\/div>\n<div>\n<p><img data-recalc-dims=\"1\" loading=\"lazy\" decoding=\"async\" class=\"wp-image-67597 aligncenter\" src=\"https:\/\/i0.wp.com\/www.o-p-i.fr\/parlonsen\/wp-content\/uploads\/2025-musee-raymond-lafage-rencontre-magdalena-kopacz-exposition-212x300.png?resize=309%2C437&#038;ssl=1\" alt=\"\" width=\"309\" height=\"437\" srcset=\"https:\/\/i0.wp.com\/www.o-p-i.fr\/parlonsen\/wp-content\/uploads\/2025-musee-raymond-lafage-rencontre-magdalena-kopacz-exposition.png?resize=212%2C300&amp;ssl=1 212w, https:\/\/i0.wp.com\/www.o-p-i.fr\/parlonsen\/wp-content\/uploads\/2025-musee-raymond-lafage-rencontre-magdalena-kopacz-exposition.png?resize=724%2C1024&amp;ssl=1 724w, https:\/\/i0.wp.com\/www.o-p-i.fr\/parlonsen\/wp-content\/uploads\/2025-musee-raymond-lafage-rencontre-magdalena-kopacz-exposition.png?resize=768%2C1086&amp;ssl=1 768w, https:\/\/i0.wp.com\/www.o-p-i.fr\/parlonsen\/wp-content\/uploads\/2025-musee-raymond-lafage-rencontre-magdalena-kopacz-exposition.png?resize=1086%2C1536&amp;ssl=1 1086w, https:\/\/i0.wp.com\/www.o-p-i.fr\/parlonsen\/wp-content\/uploads\/2025-musee-raymond-lafage-rencontre-magdalena-kopacz-exposition.png?resize=1448%2C2048&amp;ssl=1 1448w, https:\/\/i0.wp.com\/www.o-p-i.fr\/parlonsen\/wp-content\/uploads\/2025-musee-raymond-lafage-rencontre-magdalena-kopacz-exposition.png?w=1587&amp;ssl=1 1587w\" sizes=\"auto, (max-width: 309px) 100vw, 309px\" \/><\/p>\n<\/div>\n<div>\n<div><\/div>\n<div><span dir=\"auto\"><br \/>\nPour rappel, vous avez jusqu&rsquo;au 21 d\u00e9cembre pour d\u00e9couvrir\u00a0<\/span><\/div>\n<div><em><span dir=\"auto\">Le murmure des choses<\/span><\/em><\/div>\n<div>\n<p><strong><span dir=\"auto\">Une exposition \u00e9v\u00e9nement \u00e0 ne pas manquer !<\/span><\/strong><\/p>\n<p>&nbsp;<\/p>\n<\/div>\n<div>\n<div><span dir=\"auto\"><img data-recalc-dims=\"1\" loading=\"lazy\" decoding=\"async\" class=\"size-medium wp-image-67598 aligncenter\" src=\"https:\/\/i0.wp.com\/www.o-p-i.fr\/parlonsen\/wp-content\/uploads\/2025-musee-raymond-lafage-exposition-magdalena-kopacz.jpg?resize=200%2C300&#038;ssl=1\" alt=\"\" width=\"200\" height=\"300\" srcset=\"https:\/\/i0.wp.com\/www.o-p-i.fr\/parlonsen\/wp-content\/uploads\/2025-musee-raymond-lafage-exposition-magdalena-kopacz-scaled.jpg?resize=200%2C300&amp;ssl=1 200w, https:\/\/i0.wp.com\/www.o-p-i.fr\/parlonsen\/wp-content\/uploads\/2025-musee-raymond-lafage-exposition-magdalena-kopacz-scaled.jpg?resize=683%2C1024&amp;ssl=1 683w, https:\/\/i0.wp.com\/www.o-p-i.fr\/parlonsen\/wp-content\/uploads\/2025-musee-raymond-lafage-exposition-magdalena-kopacz-scaled.jpg?resize=768%2C1152&amp;ssl=1 768w, https:\/\/i0.wp.com\/www.o-p-i.fr\/parlonsen\/wp-content\/uploads\/2025-musee-raymond-lafage-exposition-magdalena-kopacz-scaled.jpg?resize=1024%2C1536&amp;ssl=1 1024w, https:\/\/i0.wp.com\/www.o-p-i.fr\/parlonsen\/wp-content\/uploads\/2025-musee-raymond-lafage-exposition-magdalena-kopacz-scaled.jpg?resize=1366%2C2048&amp;ssl=1 1366w, https:\/\/i0.wp.com\/www.o-p-i.fr\/parlonsen\/wp-content\/uploads\/2025-musee-raymond-lafage-exposition-magdalena-kopacz-scaled.jpg?w=1707&amp;ssl=1 1707w\" sizes=\"auto, (max-width: 200px) 100vw, 200px\" \/><\/span><\/div>\n<\/div>\n<\/div>\n<p><em>Information communiqu\u00e9e par le Mus\u00e9e Raymond LAFAGE<\/em><\/p>\n<p><a href=\"&quot;http:\/\/www.o-p-i.fr\/parlonsen\/agenda\/&quot;\">Retrouvez tous les \u00e9v\u00e9nements dans l&rsquo;agenda !<\/a><\/p>\n","protected":false},"excerpt":{"rendered":"<div class=\"mh-excerpt\">Samedi 29 novembre \u00e0 15h<\/div>\n","protected":false},"author":9,"featured_media":67599,"comment_status":"open","ping_status":"open","sticky":false,"template":"","format":"standard","meta":{"om_disable_all_campaigns":false,"advanced_seo_description":"","jetpack_seo_html_title":"","jetpack_seo_noindex":false,"_jetpack_memberships_contains_paid_content":false,"footnotes":"","_links_to":"","_links_to_target":""},"categories":[1,54,6505,6390],"tags":[172,3197,6523,78],"class_list":{"0":"post-67595","1":"post","2":"type-post","3":"status-publish","4":"format-standard","5":"has-post-thumbnail","7":"category-culture","8":"category-loisirs","9":"category-lisle-sur-tarn","10":"category-n236-novembre-2025","11":"tag-exposition","12":"tag-rencontres","13":"tag-s4825","14":"tag-musee-raymond-lafage"},"jetpack_featured_media_url":"https:\/\/i0.wp.com\/www.o-p-i.fr\/parlonsen\/wp-content\/uploads\/logo-musee-raymond-lafage-e1763027604392.jpg?fit=300%2C146&ssl=1","views":{"total":0,"cached_at":"","cached_date":1738500460},"jetpack_likes_enabled":true,"jetpack_sharing_enabled":true,"jetpack_shortlink":"https:\/\/wp.me\/pg7Wxj-hAf","jetpack-related-posts":[],"_links":{"self":[{"href":"https:\/\/www.o-p-i.fr\/parlonsen\/wp-json\/wp\/v2\/posts\/67595","targetHints":{"allow":["GET"]}}],"collection":[{"href":"https:\/\/www.o-p-i.fr\/parlonsen\/wp-json\/wp\/v2\/posts"}],"about":[{"href":"https:\/\/www.o-p-i.fr\/parlonsen\/wp-json\/wp\/v2\/types\/post"}],"author":[{"embeddable":true,"href":"https:\/\/www.o-p-i.fr\/parlonsen\/wp-json\/wp\/v2\/users\/9"}],"replies":[{"embeddable":true,"href":"https:\/\/www.o-p-i.fr\/parlonsen\/wp-json\/wp\/v2\/comments?post=67595"}],"version-history":[{"count":5,"href":"https:\/\/www.o-p-i.fr\/parlonsen\/wp-json\/wp\/v2\/posts\/67595\/revisions"}],"predecessor-version":[{"id":67603,"href":"https:\/\/www.o-p-i.fr\/parlonsen\/wp-json\/wp\/v2\/posts\/67595\/revisions\/67603"}],"wp:featuredmedia":[{"embeddable":true,"href":"https:\/\/www.o-p-i.fr\/parlonsen\/wp-json\/wp\/v2\/media\/67599"}],"wp:attachment":[{"href":"https:\/\/www.o-p-i.fr\/parlonsen\/wp-json\/wp\/v2\/media?parent=67595"}],"wp:term":[{"taxonomy":"category","embeddable":true,"href":"https:\/\/www.o-p-i.fr\/parlonsen\/wp-json\/wp\/v2\/categories?post=67595"},{"taxonomy":"post_tag","embeddable":true,"href":"https:\/\/www.o-p-i.fr\/parlonsen\/wp-json\/wp\/v2\/tags?post=67595"}],"curies":[{"name":"wp","href":"https:\/\/api.w.org\/{rel}","templated":true}]}}