{"id":67604,"date":"2025-11-13T11:45:45","date_gmt":"2025-11-13T10:45:45","guid":{"rendered":"https:\/\/www.o-p-i.fr\/parlonsen\/?p=67604"},"modified":"2025-11-13T11:48:00","modified_gmt":"2025-11-13T10:48:00","slug":"lembarcadere-sarah-butsavage-exposition-du-kaleidoscope-de-lame-a-lisle-sur-tarn-81","status":"publish","type":"post","link":"https:\/\/www.o-p-i.fr\/parlonsen\/parlons-en\/culture\/lembarcadere-sarah-butsavage-exposition-du-kaleidoscope-de-lame-a-lisle-sur-tarn-81\/","title":{"rendered":"L&rsquo;Embarcad\u00e8re &#8211; Sarah BUTSAVAGE &#8211; Exposition \u00ab\u00a0Du KAL\u00c9IDOSCOPE de l&rsquo;\u00c2ME \u00ab\u00a0&#8230; \u00e0 Lisle sur Tarn (81)"},"content":{"rendered":"<p><strong>Du samedi 15 novembre 2025 au 11 Janvier 2026<\/strong><br \/>\n<!--more--><\/p>\n<p style=\"text-align: left;\"><strong><img data-recalc-dims=\"1\" loading=\"lazy\" decoding=\"async\" class=\" wp-image-67605 alignright\" src=\"https:\/\/i0.wp.com\/www.o-p-i.fr\/parlonsen\/wp-content\/uploads\/2025-lembarcadere-exposition-butsavagesarah.png?resize=449%2C635&#038;ssl=1\" alt=\"\" width=\"449\" height=\"635\" srcset=\"https:\/\/i0.wp.com\/www.o-p-i.fr\/parlonsen\/wp-content\/uploads\/2025-lembarcadere-exposition-butsavagesarah.png?resize=212%2C300&amp;ssl=1 212w, https:\/\/i0.wp.com\/www.o-p-i.fr\/parlonsen\/wp-content\/uploads\/2025-lembarcadere-exposition-butsavagesarah.png?resize=724%2C1024&amp;ssl=1 724w, https:\/\/i0.wp.com\/www.o-p-i.fr\/parlonsen\/wp-content\/uploads\/2025-lembarcadere-exposition-butsavagesarah.png?resize=768%2C1086&amp;ssl=1 768w, https:\/\/i0.wp.com\/www.o-p-i.fr\/parlonsen\/wp-content\/uploads\/2025-lembarcadere-exposition-butsavagesarah.png?resize=1086%2C1536&amp;ssl=1 1086w, https:\/\/i0.wp.com\/www.o-p-i.fr\/parlonsen\/wp-content\/uploads\/2025-lembarcadere-exposition-butsavagesarah.png?w=1414&amp;ssl=1 1414w\" sizes=\"auto, (max-width: 449px) 100vw, 449px\" \/>VERNISSAGE<\/strong> Samedi 15 Novembre \u00e0 partir de 17h<br \/>\n19, rue Saint Louis, 81310 LISLE SUR TARN<\/p>\n<p><strong>EXPOSITION<\/strong> du 15 novembre 2025 au 11 Janvier 2026<\/p>\n<p><strong>En cette fin d&rsquo;ann\u00e9e , avec Sarah BUTSAVAGE, et l&rsquo;exposition : \u201cdu Kal\u00e9idoscope de l\u2019\u00c2me\u201d \u2014 L\u2019Embarcad\u00e8re accueille la couleur int\u00e9rieure<\/strong><br \/>\nN\u00e9e \u00e0 Philadelphie, form\u00e9e \u00e0 la\u00a0<strong>School of Visual Arts de New York<\/strong>, Sarah Butsavage a commenc\u00e9 sa carri\u00e8re sur la c\u00f4te Est des \u00c9tats-Unis avant de s\u2019installer en Aveyron, dans un ancien moulin restaur\u00e9 o\u00f9 elle vit et peint entour\u00e9e de nature.<br \/>\nCet ancrage rural a profond\u00e9ment transform\u00e9 son art : \u00e0 la gestualit\u00e9 urbaine des d\u00e9buts a succ\u00e9d\u00e9 une peinture plus lente, m\u00e9ditative, o\u00f9 la lumi\u00e8re devient vibration int\u00e9rieure.Son exposition\u00a0<strong>\u201cDu Kal\u00e9idoscope de l\u2019\u00c2me\u201d<\/strong>\u00a0\u00e0 la\u00a0<strong>Galerie L\u2019Embarcad\u00e8re<\/strong>\u00a0de Lisle-sur-Tarn r\u00e9unit une dizaine d\u2019\u0153uvres r\u00e9centes, \u00e0 la fronti\u00e8re du figuratif et de l\u2019abstraction.<br \/>\nVisages effac\u00e9s, silhouettes mythiques, formes flottantes : chaque toile semble na\u00eetre d\u2019un souvenir, d\u2019un r\u00eave ou d\u2019une r\u00e9v\u00e9lation silencieuse.<br \/>\nChez Butsavage, la couleur ne d\u00e9crit pas : elle respire.<br \/>\nEntre\u00a0<strong>Joan Mitchell<\/strong>\u00a0et\u00a0<strong>Etel Adnan<\/strong>, entre le lyrisme am\u00e9ricain et la sensibilit\u00e9 fran\u00e7aise, elle invente un langage de la transparence et du trouble, o\u00f9 le corps devient passage et lumi\u00e8re. Cette peinture du recueillement, sensible et habit\u00e9e, fait de l\u2019intime un paysage universel.<br \/>\nUn voyage int\u00e9rieur \u00e0 ne pas manquer, dans la douce clart\u00e9 de Lisle.<br \/>\n<strong>Sarah Butsavage \u2013 \u201cDu Kal\u00e9idoscope de l\u2019\u00c2me\u201d<\/strong><br \/>\ndu 15 novembre 2025 au 11 Janvier 2026<br \/>\n<em>Galerie L\u2019Embarcad\u00e8re<\/em>, 19 rue Saint-Louis, 81310 Lisle-sur-Tarn<br \/>\n\ud83d\udcde\u00a006 73 87 06 68\u00a0\u2709\ufe0f\u00a0embarcaderlisle@gmail.com<\/p>\n<p>&nbsp;<\/p>\n<p>&nbsp;<\/p>\n<p>information communiqu\u00e9e par L&rsquo;Embarcad\u00e8re<\/p>\n<p>&nbsp;<\/p>\n","protected":false},"excerpt":{"rendered":"<div class=\"mh-excerpt\">Du samedi 15 novembre 2025 au 11 Janvier 2026<\/div>\n","protected":false},"author":9,"featured_media":43734,"comment_status":"open","ping_status":"open","sticky":false,"template":"","format":"standard","meta":{"om_disable_all_campaigns":false,"advanced_seo_description":"","jetpack_seo_html_title":"","jetpack_seo_noindex":false,"_jetpack_memberships_contains_paid_content":false,"footnotes":"","_links_to":"","_links_to_target":""},"categories":[1,54,6505,6390],"tags":[77,172,2972,6515],"class_list":{"0":"post-67604","1":"post","2":"type-post","3":"status-publish","4":"format-standard","5":"has-post-thumbnail","7":"category-culture","8":"category-loisirs","9":"category-lisle-sur-tarn","10":"category-n236-novembre-2025","11":"tag-lisle-sur-tarn","12":"tag-exposition","13":"tag-lembarcadere","14":"tag-s4625"},"jetpack_featured_media_url":"https:\/\/i0.wp.com\/www.o-p-i.fr\/parlonsen\/wp-content\/uploads\/LEmbarcad%C3%A8re.jpg?fit=340%2C59&ssl=1","views":{"total":18,"cached_at":"","cached_date":1738433767},"jetpack_likes_enabled":true,"jetpack_sharing_enabled":true,"jetpack_shortlink":"https:\/\/wp.me\/pg7Wxj-hAo","jetpack-related-posts":[],"_links":{"self":[{"href":"https:\/\/www.o-p-i.fr\/parlonsen\/wp-json\/wp\/v2\/posts\/67604","targetHints":{"allow":["GET"]}}],"collection":[{"href":"https:\/\/www.o-p-i.fr\/parlonsen\/wp-json\/wp\/v2\/posts"}],"about":[{"href":"https:\/\/www.o-p-i.fr\/parlonsen\/wp-json\/wp\/v2\/types\/post"}],"author":[{"embeddable":true,"href":"https:\/\/www.o-p-i.fr\/parlonsen\/wp-json\/wp\/v2\/users\/9"}],"replies":[{"embeddable":true,"href":"https:\/\/www.o-p-i.fr\/parlonsen\/wp-json\/wp\/v2\/comments?post=67604"}],"version-history":[{"count":2,"href":"https:\/\/www.o-p-i.fr\/parlonsen\/wp-json\/wp\/v2\/posts\/67604\/revisions"}],"predecessor-version":[{"id":67607,"href":"https:\/\/www.o-p-i.fr\/parlonsen\/wp-json\/wp\/v2\/posts\/67604\/revisions\/67607"}],"wp:featuredmedia":[{"embeddable":true,"href":"https:\/\/www.o-p-i.fr\/parlonsen\/wp-json\/wp\/v2\/media\/43734"}],"wp:attachment":[{"href":"https:\/\/www.o-p-i.fr\/parlonsen\/wp-json\/wp\/v2\/media?parent=67604"}],"wp:term":[{"taxonomy":"category","embeddable":true,"href":"https:\/\/www.o-p-i.fr\/parlonsen\/wp-json\/wp\/v2\/categories?post=67604"},{"taxonomy":"post_tag","embeddable":true,"href":"https:\/\/www.o-p-i.fr\/parlonsen\/wp-json\/wp\/v2\/tags?post=67604"}],"curies":[{"name":"wp","href":"https:\/\/api.w.org\/{rel}","templated":true}]}}