{"id":67608,"date":"2025-11-13T12:00:27","date_gmt":"2025-11-13T11:00:27","guid":{"rendered":"https:\/\/www.o-p-i.fr\/parlonsen\/?p=67608"},"modified":"2025-12-18T12:55:54","modified_gmt":"2025-12-18T11:55:54","slug":"annie-debacque-noel-des-plantes-a-monclar-de-quercy-82","status":"publish","type":"post","link":"https:\/\/www.o-p-i.fr\/parlonsen\/parlons-en\/agriculture\/annie-debacque-noel-des-plantes-a-monclar-de-quercy-82\/","title":{"rendered":"Annie Debacque &#8211; No\u00ebl des plantes &#8230; \u00e0 Monclar de Quercy (82)"},"content":{"rendered":"<p><strong>Samedi 20 d\u00e9cembre 2025,<\/strong> de 14h. \u00e0 18h.,chez Annie Debacque. <!--more--><\/p>\n<p><img data-recalc-dims=\"1\" loading=\"lazy\" decoding=\"async\" class=\" wp-image-67609 aligncenter\" src=\"https:\/\/i0.wp.com\/www.o-p-i.fr\/parlonsen\/wp-content\/uploads\/2025-annie-debacque-noel-plantes.jpg?resize=505%2C715&#038;ssl=1\" alt=\"\" width=\"505\" height=\"715\" srcset=\"https:\/\/i0.wp.com\/www.o-p-i.fr\/parlonsen\/wp-content\/uploads\/2025-annie-debacque-noel-plantes.jpg?resize=212%2C300&amp;ssl=1 212w, https:\/\/i0.wp.com\/www.o-p-i.fr\/parlonsen\/wp-content\/uploads\/2025-annie-debacque-noel-plantes.jpg?resize=724%2C1024&amp;ssl=1 724w, https:\/\/i0.wp.com\/www.o-p-i.fr\/parlonsen\/wp-content\/uploads\/2025-annie-debacque-noel-plantes.jpg?resize=768%2C1086&amp;ssl=1 768w, https:\/\/i0.wp.com\/www.o-p-i.fr\/parlonsen\/wp-content\/uploads\/2025-annie-debacque-noel-plantes.jpg?w=827&amp;ssl=1 827w\" sizes=\"auto, (max-width: 505px) 100vw, 505px\" \/><\/p>\n<p><em>Information communiqu\u00e9e par Annie DEBACQUE<\/em><\/p>\n<p><a href=\"http:\/\/www.o-p-i.fr\/parlonsen\/agenda\/\">Retrouvez tous les \u00e9v\u00e9nements dans l&rsquo;agenda !<\/a><\/p>\n","protected":false},"excerpt":{"rendered":"<div class=\"mh-excerpt\">Pour d\u00e9couvrir ce monde merveilleux que repr\u00e9sentent les plantes, une tr\u00e8s belle journ\u00e9e organis\u00e9e et anim\u00e9e par Annie Debacque &#8230;<\/div>\n<p> <a class=\"mh-excerpt-more\" href=\"https:\/\/www.o-p-i.fr\/parlonsen\/parlons-en\/agriculture\/annie-debacque-noel-des-plantes-a-monclar-de-quercy-82\/\" title=\"Annie Debacque &#8211; No\u00ebl des plantes &#8230; \u00e0 Monclar de Quercy (82)\">[&#8230;]<\/a><\/p>\n","protected":false},"author":9,"featured_media":59547,"comment_status":"open","ping_status":"open","sticky":false,"template":"","format":"standard","meta":{"om_disable_all_campaigns":false,"advanced_seo_description":"","jetpack_seo_html_title":"","jetpack_seo_noindex":false,"_jetpack_memberships_contains_paid_content":false,"footnotes":"","_links_to":"","_links_to_target":""},"categories":[3,16,6390],"tags":[143,6090,6138,6340,6543],"class_list":{"0":"post-67608","1":"post","2":"type-post","3":"status-publish","4":"format-standard","5":"has-post-thumbnail","7":"category-agriculture","8":"category-monclar","9":"category-n236-novembre-2025","10":"tag-monclar-de-quercy","11":"tag-plantes","12":"tag-annie-debacque","13":"tag-a-la-une","14":"tag-s5125"},"jetpack_featured_media_url":"https:\/\/i0.wp.com\/www.o-p-i.fr\/parlonsen\/wp-content\/uploads\/jardin-logo.jpg?fit=283%2C235&ssl=1","views":{"total":0,"cached_at":"","cached_date":1738431705},"jetpack_likes_enabled":true,"jetpack_sharing_enabled":true,"jetpack_shortlink":"https:\/\/wp.me\/pg7Wxj-hAs","jetpack-related-posts":[],"_links":{"self":[{"href":"https:\/\/www.o-p-i.fr\/parlonsen\/wp-json\/wp\/v2\/posts\/67608","targetHints":{"allow":["GET"]}}],"collection":[{"href":"https:\/\/www.o-p-i.fr\/parlonsen\/wp-json\/wp\/v2\/posts"}],"about":[{"href":"https:\/\/www.o-p-i.fr\/parlonsen\/wp-json\/wp\/v2\/types\/post"}],"author":[{"embeddable":true,"href":"https:\/\/www.o-p-i.fr\/parlonsen\/wp-json\/wp\/v2\/users\/9"}],"replies":[{"embeddable":true,"href":"https:\/\/www.o-p-i.fr\/parlonsen\/wp-json\/wp\/v2\/comments?post=67608"}],"version-history":[{"count":6,"href":"https:\/\/www.o-p-i.fr\/parlonsen\/wp-json\/wp\/v2\/posts\/67608\/revisions"}],"predecessor-version":[{"id":68068,"href":"https:\/\/www.o-p-i.fr\/parlonsen\/wp-json\/wp\/v2\/posts\/67608\/revisions\/68068"}],"wp:featuredmedia":[{"embeddable":true,"href":"https:\/\/www.o-p-i.fr\/parlonsen\/wp-json\/wp\/v2\/media\/59547"}],"wp:attachment":[{"href":"https:\/\/www.o-p-i.fr\/parlonsen\/wp-json\/wp\/v2\/media?parent=67608"}],"wp:term":[{"taxonomy":"category","embeddable":true,"href":"https:\/\/www.o-p-i.fr\/parlonsen\/wp-json\/wp\/v2\/categories?post=67608"},{"taxonomy":"post_tag","embeddable":true,"href":"https:\/\/www.o-p-i.fr\/parlonsen\/wp-json\/wp\/v2\/tags?post=67608"}],"curies":[{"name":"wp","href":"https:\/\/api.w.org\/{rel}","templated":true}]}}