{"id":67611,"date":"2025-11-13T12:57:36","date_gmt":"2025-11-13T11:57:36","guid":{"rendered":"https:\/\/www.o-p-i.fr\/parlonsen\/?p=67611"},"modified":"2025-11-13T12:57:36","modified_gmt":"2025-11-13T11:57:36","slug":"la-leuzee-conifere-la-pomme-de-pin-oubliee","status":"publish","type":"post","link":"https:\/\/www.o-p-i.fr\/parlonsen\/parlons-en\/editorial\/la-leuzee-conifere-la-pomme-de-pin-oubliee\/","title":{"rendered":"La Leuz\u00e9e conif\u00e8re, la pomme de pin oubli\u00e9e."},"content":{"rendered":"<div>\n<div><img data-recalc-dims=\"1\" loading=\"lazy\" decoding=\"async\" class=\" wp-image-67613 alignright\" src=\"https:\/\/i0.wp.com\/www.o-p-i.fr\/parlonsen\/wp-content\/uploads\/2025-11-13-photo-edito-leuzee-conifere.jpg?resize=436%2C436&#038;ssl=1\" alt=\"\" width=\"436\" height=\"436\" srcset=\"https:\/\/i0.wp.com\/www.o-p-i.fr\/parlonsen\/wp-content\/uploads\/2025-11-13-photo-edito-leuzee-conifere-scaled.jpg?resize=300%2C300&amp;ssl=1 300w, https:\/\/i0.wp.com\/www.o-p-i.fr\/parlonsen\/wp-content\/uploads\/2025-11-13-photo-edito-leuzee-conifere-scaled.jpg?resize=1024%2C1024&amp;ssl=1 1024w, https:\/\/i0.wp.com\/www.o-p-i.fr\/parlonsen\/wp-content\/uploads\/2025-11-13-photo-edito-leuzee-conifere-scaled.jpg?resize=50%2C50&amp;ssl=1 50w, https:\/\/i0.wp.com\/www.o-p-i.fr\/parlonsen\/wp-content\/uploads\/2025-11-13-photo-edito-leuzee-conifere-scaled.jpg?resize=768%2C768&amp;ssl=1 768w, https:\/\/i0.wp.com\/www.o-p-i.fr\/parlonsen\/wp-content\/uploads\/2025-11-13-photo-edito-leuzee-conifere-scaled.jpg?resize=1536%2C1536&amp;ssl=1 1536w, https:\/\/i0.wp.com\/www.o-p-i.fr\/parlonsen\/wp-content\/uploads\/2025-11-13-photo-edito-leuzee-conifere-scaled.jpg?resize=2048%2C2048&amp;ssl=1 2048w, https:\/\/i0.wp.com\/www.o-p-i.fr\/parlonsen\/wp-content\/uploads\/2025-11-13-photo-edito-leuzee-conifere-scaled.jpg?resize=375%2C375&amp;ssl=1 375w\" sizes=\"auto, (max-width: 436px) 100vw, 436px\" \/>Discr\u00e8te et fi\u00e8re, la leuz\u00e9e conif\u00e8re (Rhaponticum coniferum), ou \u00ab\u00a0pomme de pin\u00a0\u00bb, s\u2019enracine dans le roc calcaire. Son involucre de bract\u00e9es brunes ou violac\u00e9es s\u2019ouvre sur des aigrettes pourpres, fragiles comme des \u00e9clats de lumi\u00e8re. De sa tige blanche et velue na\u00eet un capitule unique, sculpt\u00e9 par la s\u00e9cheresse et le soleil m\u00e9diterran\u00e9en.<\/p>\n<p>Son royaume est celui des garrigues et des coteaux pierreux. Elle prosp\u00e8re sur les terres arides baign\u00e9es de lumi\u00e8re, o\u00f9 le vent emporte les parfums de thym et de romarin. On la rencontre du pourtour m\u00e9diterran\u00e9en aux Pyr\u00e9n\u00e9es, en passant par le Vercors et la Corse, toujours fid\u00e8le \u00e0 ces paysages rudes o\u00f9 la roche s\u2019embrase l\u2019\u00e9t\u00e9 et se fend l\u2019hiver.<\/p>\n<p>Ni dans l\u2019assiette ni dans l\u2019armoire \u00e0 rem\u00e8des, la leuz\u00e9e n\u2019a trouv\u00e9 place. Sa beaut\u00e9 seule justifie son existence, mais c\u2019est aussi ce qui la condamne, souvent arrach\u00e9e pour les bouquets secs. Cette cueillette appauvrit les milieux naturels et a conduit \u00e0 sa protection dans plusieurs r\u00e9gions fran\u00e7aises, de l\u2019Aquitaine au Midi-Pyr\u00e9n\u00e9es.<\/p>\n<p>Pr\u00e9server la leuz\u00e9e conif\u00e8re, c\u2019est garder vivante une \u00e9tincelle de beaut\u00e9 au c\u0153ur des pierres. Elle rappelle que la nature n\u2019a pas besoin d\u2019\u00eatre utile pour avoir droit d\u2019exister. La prot\u00e9ger, c\u2019est offrir \u00e0 nos enfants une terre o\u00f9 m\u00eame les fleurs les plus discr\u00e8tes trouvent encore leur place.<\/p><\/div>\n<div>\n<p dir=\"ltr\"><div class=\"card\" style=\"width: 350px;\">\r\n<div class=\"card-body\">\r\n<h3 class=\"card-title text-center bg-light\">Fiche Auteur<\/h3>\r\n<a href=\"https:\/\/www.o-p-i.fr\/7alire\/nicolas-duivon\/nicolas-duivon-auteur\/\" target=\"_blank\" rel=\"noopener\">\r\n<img data-recalc-dims=\"1\" decoding=\"async\" class=\"card-img\" src=\"https:\/\/i0.wp.com\/www.o-p-i.fr\/7alire\/wp-content\/uploads\/2025-photo-auteur-nicolas-duivon-scaled-e1765108565599.jpg?ssl=1\" alt=\"Nicolas Duivon\" \/><\/a>\r\n<p class=\"card-text\">Nicolas Duivon<\/p>\r\n<a class=\"btn btn-primary\" href=\"https:\/\/www.o-p-i.fr\/7alire\/nicolas-duivon\/nicolas-duivon-auteur\/\" target=\"_blank\" rel=\"noopener\">Auteur Nicolas Duivon<i class=\"fa-solid fa-arrow-up-right-from-square\"><\/i><\/a>\r\n\r\n<\/div>\r\n<\/div><\/p>\n<p dir=\"ltr\">15 vues<\/p>\n<\/div>\n<\/div>\n","protected":false},"excerpt":{"rendered":"<div class=\"mh-excerpt\">Discr\u00e8te et fi\u00e8re, la leuz\u00e9e conif\u00e8re (Rhaponticum coniferum), ou \u00ab\u00a0pomme de pin\u00a0\u00bb, s\u2019enracine dans le roc calcaire. Son involucre de bract\u00e9es brunes ou violac\u00e9es s\u2019ouvre sur des aigrettes pourpres, fragiles comme des \u00e9clats de lumi\u00e8re. <a class=\"mh-excerpt-more\" href=\"https:\/\/www.o-p-i.fr\/parlonsen\/parlons-en\/editorial\/la-leuzee-conifere-la-pomme-de-pin-oubliee\/\" title=\"La Leuz\u00e9e conif\u00e8re, la pomme de pin oubli\u00e9e.\">[&#8230;]<\/a><\/div>\n","protected":false},"author":9,"featured_media":67613,"comment_status":"open","ping_status":"open","sticky":false,"template":"","format":"standard","meta":{"om_disable_all_campaigns":false,"advanced_seo_description":"","jetpack_seo_html_title":"","jetpack_seo_noindex":false,"_jetpack_memberships_contains_paid_content":false,"footnotes":"","_links_to":"","_links_to_target":""},"categories":[36,6390],"tags":[2944,105],"class_list":{"0":"post-67611","1":"post","2":"type-post","3":"status-publish","4":"format-standard","5":"has-post-thumbnail","7":"category-editorial","8":"category-n236-novembre-2025","9":"tag-pantes-sauvages","10":"tag-nature"},"jetpack_featured_media_url":"https:\/\/i0.wp.com\/www.o-p-i.fr\/parlonsen\/wp-content\/uploads\/2025-11-13-photo-edito-leuzee-conifere-scaled.jpg?fit=2560%2C2560&ssl=1","views":{"total":15,"cached_at":"","cached_date":1777646340},"jetpack_likes_enabled":true,"jetpack_sharing_enabled":true,"jetpack_shortlink":"https:\/\/wp.me\/pg7Wxj-hAv","jetpack-related-posts":[],"_links":{"self":[{"href":"https:\/\/www.o-p-i.fr\/parlonsen\/wp-json\/wp\/v2\/posts\/67611","targetHints":{"allow":["GET"]}}],"collection":[{"href":"https:\/\/www.o-p-i.fr\/parlonsen\/wp-json\/wp\/v2\/posts"}],"about":[{"href":"https:\/\/www.o-p-i.fr\/parlonsen\/wp-json\/wp\/v2\/types\/post"}],"author":[{"embeddable":true,"href":"https:\/\/www.o-p-i.fr\/parlonsen\/wp-json\/wp\/v2\/users\/9"}],"replies":[{"embeddable":true,"href":"https:\/\/www.o-p-i.fr\/parlonsen\/wp-json\/wp\/v2\/comments?post=67611"}],"version-history":[{"count":2,"href":"https:\/\/www.o-p-i.fr\/parlonsen\/wp-json\/wp\/v2\/posts\/67611\/revisions"}],"predecessor-version":[{"id":67614,"href":"https:\/\/www.o-p-i.fr\/parlonsen\/wp-json\/wp\/v2\/posts\/67611\/revisions\/67614"}],"wp:featuredmedia":[{"embeddable":true,"href":"https:\/\/www.o-p-i.fr\/parlonsen\/wp-json\/wp\/v2\/media\/67613"}],"wp:attachment":[{"href":"https:\/\/www.o-p-i.fr\/parlonsen\/wp-json\/wp\/v2\/media?parent=67611"}],"wp:term":[{"taxonomy":"category","embeddable":true,"href":"https:\/\/www.o-p-i.fr\/parlonsen\/wp-json\/wp\/v2\/categories?post=67611"},{"taxonomy":"post_tag","embeddable":true,"href":"https:\/\/www.o-p-i.fr\/parlonsen\/wp-json\/wp\/v2\/tags?post=67611"}],"curies":[{"name":"wp","href":"https:\/\/api.w.org\/{rel}","templated":true}]}}