{"id":67619,"date":"2025-11-14T14:04:18","date_gmt":"2025-11-14T13:04:18","guid":{"rendered":"https:\/\/www.o-p-i.fr\/parlonsen\/?p=67619"},"modified":"2025-11-26T21:53:00","modified_gmt":"2025-11-26T20:53:00","slug":"les-bords-de-tauge-repas-du-telethon-a-saint-etienne-de-tulmont-82","status":"publish","type":"post","link":"https:\/\/www.o-p-i.fr\/parlonsen\/parlons-en\/solidarite\/les-bords-de-tauge-repas-du-telethon-a-saint-etienne-de-tulmont-82\/","title":{"rendered":"Les  Bords de Tauge &#8211; Repas du T\u00e9l\u00e9thon &#8230; \u00e0 Saint Etienne de Tulmont (82)"},"content":{"rendered":"<p><strong>Samedi 29 novembre 2025 \u00e0 19h00<\/strong><br \/>\n<!--more--><\/p>\n<p><img data-recalc-dims=\"1\" loading=\"lazy\" decoding=\"async\" class=\" wp-image-67621 alignright\" src=\"https:\/\/i0.wp.com\/www.o-p-i.fr\/parlonsen\/wp-content\/uploads\/2025-bord-tauge-repas-telethon_st_etienne.jpg?resize=482%2C682&#038;ssl=1\" alt=\"\" width=\"482\" height=\"682\" srcset=\"https:\/\/i0.wp.com\/www.o-p-i.fr\/parlonsen\/wp-content\/uploads\/2025-bord-tauge-repas-telethon_st_etienne.jpg?resize=212%2C300&amp;ssl=1 212w, https:\/\/i0.wp.com\/www.o-p-i.fr\/parlonsen\/wp-content\/uploads\/2025-bord-tauge-repas-telethon_st_etienne.jpg?resize=724%2C1024&amp;ssl=1 724w, https:\/\/i0.wp.com\/www.o-p-i.fr\/parlonsen\/wp-content\/uploads\/2025-bord-tauge-repas-telethon_st_etienne.jpg?resize=768%2C1086&amp;ssl=1 768w, https:\/\/i0.wp.com\/www.o-p-i.fr\/parlonsen\/wp-content\/uploads\/2025-bord-tauge-repas-telethon_st_etienne.jpg?resize=1086%2C1536&amp;ssl=1 1086w, https:\/\/i0.wp.com\/www.o-p-i.fr\/parlonsen\/wp-content\/uploads\/2025-bord-tauge-repas-telethon_st_etienne.jpg?resize=1448%2C2048&amp;ssl=1 1448w, https:\/\/i0.wp.com\/www.o-p-i.fr\/parlonsen\/wp-content\/uploads\/2025-bord-tauge-repas-telethon_st_etienne.jpg?w=1654&amp;ssl=1 1654w\" sizes=\"auto, (max-width: 482px) 100vw, 482px\" \/>Repas du T\u00e9l\u00e9thon &#8211; participation de Country Saloon 82 et du groupe Cap Danses d&rsquo;Albias. Traiteur Pa\u00eblla y Fiesta &#8211; Menu : entr\u00e9e &#8211; poulet basquaise &#8211; fromage &#8211; g\u00e2teau \u00e0 la broche &#8211; caf\u00e9 &#8211; vins compris<\/p>\n<h2>Adresse de l&rsquo;\u00e9v\u00e8nement<\/h2>\n<p>Salle des f\u00eates de Saint-Etienne de Tulmont<\/p>\n<h2>Tarif unique<\/h2>\n<p>22 euros<\/p>\n<h2>Tarif r\u00e9duit &#8211; combien et pour qui ?<\/h2>\n<p>10 euros pour les 6\/12 ans<\/p>\n<h2>Organisateur de l&rsquo;\u00e9n\u00e8vement<\/h2>\n<p>Association LES BORDS DE TAUGE<\/p>\n<h2>Personne \/ Organisation \u00e0 contacter<\/h2>\n<p>Fran\u00e7oise Bachmann<\/p>\n<h2>Adresse<\/h2>\n<p>Mairie &#8211; le Bourg &#8211; 82410 SAINT ETIENNE DE TULMONT<\/p>\n<h2>T\u00e9l\u00e9phone<\/h2>\n<p>06.89.78.55.68.<\/p>\n<h2>Courriel<\/h2>\n<p><a href=\"mailto:lesbordsdetauge@gmail.com\">lesbordsdetauge@gmail.com<\/a><\/p>\n<p><em>Information transmise par Christine CABOT, Charg\u00e9 officiel de la communication de l&rsquo;\u00e9v\u00e8nement<\/em><\/p>\n","protected":false},"excerpt":{"rendered":"<div class=\"mh-excerpt\">Samedi 29 novembre 2025 \u00e0 19h00<\/div>\n","protected":false},"author":9,"featured_media":67621,"comment_status":"open","ping_status":"open","sticky":false,"template":"","format":"standard","meta":{"om_disable_all_campaigns":false,"advanced_seo_description":"","jetpack_seo_html_title":"","jetpack_seo_noindex":false,"_jetpack_memberships_contains_paid_content":false,"footnotes":"","_links_to":"","_links_to_target":""},"categories":[291,6473,6390],"tags":[2564,157,4518,6523],"class_list":{"0":"post-67619","1":"post","2":"type-post","3":"status-publish","4":"format-standard","5":"has-post-thumbnail","7":"category-solidarite","8":"category-st-etienne-de-tulmont","9":"category-n236-novembre-2025","10":"tag-telethon","11":"tag-repas","12":"tag-les-bords-de-tauge","13":"tag-s4825"},"jetpack_featured_media_url":"https:\/\/i0.wp.com\/www.o-p-i.fr\/parlonsen\/wp-content\/uploads\/2025-bord-tauge-repas-telethon_st_etienne.jpg?fit=1654%2C2339&ssl=1","views":"","jetpack_likes_enabled":true,"jetpack_sharing_enabled":true,"jetpack_shortlink":"https:\/\/wp.me\/pg7Wxj-hAD","jetpack-related-posts":[],"_links":{"self":[{"href":"https:\/\/www.o-p-i.fr\/parlonsen\/wp-json\/wp\/v2\/posts\/67619","targetHints":{"allow":["GET"]}}],"collection":[{"href":"https:\/\/www.o-p-i.fr\/parlonsen\/wp-json\/wp\/v2\/posts"}],"about":[{"href":"https:\/\/www.o-p-i.fr\/parlonsen\/wp-json\/wp\/v2\/types\/post"}],"author":[{"embeddable":true,"href":"https:\/\/www.o-p-i.fr\/parlonsen\/wp-json\/wp\/v2\/users\/9"}],"replies":[{"embeddable":true,"href":"https:\/\/www.o-p-i.fr\/parlonsen\/wp-json\/wp\/v2\/comments?post=67619"}],"version-history":[{"count":2,"href":"https:\/\/www.o-p-i.fr\/parlonsen\/wp-json\/wp\/v2\/posts\/67619\/revisions"}],"predecessor-version":[{"id":67622,"href":"https:\/\/www.o-p-i.fr\/parlonsen\/wp-json\/wp\/v2\/posts\/67619\/revisions\/67622"}],"wp:featuredmedia":[{"embeddable":true,"href":"https:\/\/www.o-p-i.fr\/parlonsen\/wp-json\/wp\/v2\/media\/67621"}],"wp:attachment":[{"href":"https:\/\/www.o-p-i.fr\/parlonsen\/wp-json\/wp\/v2\/media?parent=67619"}],"wp:term":[{"taxonomy":"category","embeddable":true,"href":"https:\/\/www.o-p-i.fr\/parlonsen\/wp-json\/wp\/v2\/categories?post=67619"},{"taxonomy":"post_tag","embeddable":true,"href":"https:\/\/www.o-p-i.fr\/parlonsen\/wp-json\/wp\/v2\/tags?post=67619"}],"curies":[{"name":"wp","href":"https:\/\/api.w.org\/{rel}","templated":true}]}}