{"id":67658,"date":"2025-11-20T10:17:35","date_gmt":"2025-11-20T09:17:35","guid":{"rendered":"https:\/\/www.o-p-i.fr\/parlonsen\/?p=67658"},"modified":"2025-11-20T10:17:35","modified_gmt":"2025-11-20T09:17:35","slug":"famille-rurale-du-causse-soiree-cover-vinyle-a-vaour-81","status":"publish","type":"post","link":"https:\/\/www.o-p-i.fr\/parlonsen\/parlons-en\/loisirs\/famille-rurale-du-causse-soiree-cover-vinyle-a-vaour-81\/","title":{"rendered":"Famille Rurale du Causse &#8211; Soir\u00e9e Cover Vinyle&#8230; \u00e0 Vaour (81)"},"content":{"rendered":"<p>Samedi<strong> 22 novembre 2025 \u00e0 partir de 19h30<\/strong><!--more--><\/p>\n<p><img data-recalc-dims=\"1\" loading=\"lazy\" decoding=\"async\" class=\" wp-image-67660 aligncenter\" src=\"https:\/\/i0.wp.com\/www.o-p-i.fr\/parlonsen\/wp-content\/uploads\/2025-famducausse-repas-concert.png?resize=566%2C801&#038;ssl=1\" alt=\"\" width=\"566\" height=\"801\" srcset=\"https:\/\/i0.wp.com\/www.o-p-i.fr\/parlonsen\/wp-content\/uploads\/2025-famducausse-repas-concert.png?resize=212%2C300&amp;ssl=1 212w, https:\/\/i0.wp.com\/www.o-p-i.fr\/parlonsen\/wp-content\/uploads\/2025-famducausse-repas-concert.png?resize=724%2C1024&amp;ssl=1 724w, https:\/\/i0.wp.com\/www.o-p-i.fr\/parlonsen\/wp-content\/uploads\/2025-famducausse-repas-concert.png?resize=768%2C1086&amp;ssl=1 768w, https:\/\/i0.wp.com\/www.o-p-i.fr\/parlonsen\/wp-content\/uploads\/2025-famducausse-repas-concert.png?resize=1086%2C1536&amp;ssl=1 1086w, https:\/\/i0.wp.com\/www.o-p-i.fr\/parlonsen\/wp-content\/uploads\/2025-famducausse-repas-concert.png?resize=1448%2C2048&amp;ssl=1 1448w, https:\/\/i0.wp.com\/www.o-p-i.fr\/parlonsen\/wp-content\/uploads\/2025-famducausse-repas-concert.png?w=1587&amp;ssl=1 1587w\" sizes=\"auto, (max-width: 566px) 100vw, 566px\" \/><\/p>\n<p>Pour nous joindre vous pouvez envoyer un message:<\/p>\n<p><a href=\"mailto:info@famillesruralesducausse.org\" target=\"_blank\" rel=\"noopener\">info@famillesruralesducausse.org<\/a><\/p>\n<p>ou appeler au 06 51 64 48 28.<\/p>\n<p>\u00ad<br \/>\nFamilles rurales du causse<\/p>\n<p>5 Rue du nord, 81140, Vaour<\/p>\n<p><em>Information communiqu\u00e9e par Famille Rurale du Causse<\/em><\/p>\n<p><a href=\"https:\/\/www.o-p-i.fr\/aupays\/au-pays\/agenda\/\">Retrouvez tous les \u00e9v\u00e9nements dans l&rsquo;agenda !<\/a><\/p>\n<p>&nbsp;<\/p>\n","protected":false},"excerpt":{"rendered":"<div class=\"mh-excerpt\">Samedi 22 novembre 2025 \u00e0 partir de 19h30<\/div>\n","protected":false},"author":9,"featured_media":34250,"comment_status":"open","ping_status":"open","sticky":false,"template":"","format":"standard","meta":{"om_disable_all_campaigns":false,"advanced_seo_description":"","jetpack_seo_html_title":"","jetpack_seo_noindex":false,"_jetpack_memberships_contains_paid_content":false,"footnotes":"","_links_to":"","_links_to_target":""},"categories":[54,6434,6390],"tags":[382,3585,6280,6518,187],"class_list":{"0":"post-67658","1":"post","2":"type-post","3":"status-publish","4":"format-standard","5":"has-post-thumbnail","7":"category-loisirs","8":"category-vaour","9":"category-n236-novembre-2025","10":"tag-familles-rurales","11":"tag-causse-cafe","12":"tag-concert-repas","13":"tag-s4725","14":"tag-vaour"},"jetpack_featured_media_url":"https:\/\/i0.wp.com\/www.o-p-i.fr\/parlonsen\/wp-content\/uploads\/logo-Famille-Rurale-Causse.jpg?fit=142%2C165&ssl=1","views":{"total":0,"cached_at":"","cached_date":1738483530},"jetpack_likes_enabled":true,"jetpack_sharing_enabled":true,"jetpack_shortlink":"https:\/\/wp.me\/pg7Wxj-hBg","jetpack-related-posts":[],"_links":{"self":[{"href":"https:\/\/www.o-p-i.fr\/parlonsen\/wp-json\/wp\/v2\/posts\/67658","targetHints":{"allow":["GET"]}}],"collection":[{"href":"https:\/\/www.o-p-i.fr\/parlonsen\/wp-json\/wp\/v2\/posts"}],"about":[{"href":"https:\/\/www.o-p-i.fr\/parlonsen\/wp-json\/wp\/v2\/types\/post"}],"author":[{"embeddable":true,"href":"https:\/\/www.o-p-i.fr\/parlonsen\/wp-json\/wp\/v2\/users\/9"}],"replies":[{"embeddable":true,"href":"https:\/\/www.o-p-i.fr\/parlonsen\/wp-json\/wp\/v2\/comments?post=67658"}],"version-history":[{"count":2,"href":"https:\/\/www.o-p-i.fr\/parlonsen\/wp-json\/wp\/v2\/posts\/67658\/revisions"}],"predecessor-version":[{"id":67661,"href":"https:\/\/www.o-p-i.fr\/parlonsen\/wp-json\/wp\/v2\/posts\/67658\/revisions\/67661"}],"wp:featuredmedia":[{"embeddable":true,"href":"https:\/\/www.o-p-i.fr\/parlonsen\/wp-json\/wp\/v2\/media\/34250"}],"wp:attachment":[{"href":"https:\/\/www.o-p-i.fr\/parlonsen\/wp-json\/wp\/v2\/media?parent=67658"}],"wp:term":[{"taxonomy":"category","embeddable":true,"href":"https:\/\/www.o-p-i.fr\/parlonsen\/wp-json\/wp\/v2\/categories?post=67658"},{"taxonomy":"post_tag","embeddable":true,"href":"https:\/\/www.o-p-i.fr\/parlonsen\/wp-json\/wp\/v2\/tags?post=67658"}],"curies":[{"name":"wp","href":"https:\/\/api.w.org\/{rel}","templated":true}]}}