{"id":67667,"date":"2025-11-20T12:50:19","date_gmt":"2025-11-20T11:50:19","guid":{"rendered":"https:\/\/www.o-p-i.fr\/parlonsen\/?p=67667"},"modified":"2025-11-26T21:54:52","modified_gmt":"2025-11-26T20:54:52","slug":"a-lecrin-festival-cinema-en-balade-documentaire-lharmonie-des-mecaniques-a-salvagnac-81","status":"publish","type":"post","link":"https:\/\/www.o-p-i.fr\/parlonsen\/parlons-en\/culture\/a-lecrin-festival-cinema-en-balade-documentaire-lharmonie-des-mecaniques-a-salvagnac-81\/","title":{"rendered":"A l&rsquo;\u00c9crin &#8211; Festival Cin\u00e9ma en Balade &#8211; Documentaire \u00ab\u00a0L&rsquo;Harmonie des m\u00e9caniques\u00a0\u00bb &#8230; \u00e0 Salvagnac (81)"},"content":{"rendered":"<p><strong>vendredi 28 novembre \u00e0 20h30 \u00e0\u00a0 l&rsquo;\u00c9crin<\/strong><!--more--><\/p>\n<div><strong><img data-recalc-dims=\"1\" loading=\"lazy\" decoding=\"async\" class=\" wp-image-67669 alignright\" src=\"https:\/\/i0.wp.com\/www.o-p-i.fr\/parlonsen\/wp-content\/uploads\/2025-ecrin-affiche-cinema-en-balade.jpg?resize=446%2C631&#038;ssl=1\" alt=\"\" width=\"446\" height=\"631\" srcset=\"https:\/\/i0.wp.com\/www.o-p-i.fr\/parlonsen\/wp-content\/uploads\/2025-ecrin-affiche-cinema-en-balade.jpg?resize=212%2C300&amp;ssl=1 212w, https:\/\/i0.wp.com\/www.o-p-i.fr\/parlonsen\/wp-content\/uploads\/2025-ecrin-affiche-cinema-en-balade.jpg?resize=724%2C1024&amp;ssl=1 724w, https:\/\/i0.wp.com\/www.o-p-i.fr\/parlonsen\/wp-content\/uploads\/2025-ecrin-affiche-cinema-en-balade.jpg?resize=768%2C1086&amp;ssl=1 768w, https:\/\/i0.wp.com\/www.o-p-i.fr\/parlonsen\/wp-content\/uploads\/2025-ecrin-affiche-cinema-en-balade.jpg?resize=1086%2C1536&amp;ssl=1 1086w, https:\/\/i0.wp.com\/www.o-p-i.fr\/parlonsen\/wp-content\/uploads\/2025-ecrin-affiche-cinema-en-balade.jpg?w=1414&amp;ssl=1 1414w\" sizes=\"auto, (max-width: 446px) 100vw, 446px\" \/>Le festival Cin\u00e9ma en Balade sera pr\u00e9sent \u00e0 Salvagnac vendredi 28 novembre \u00e0 20h30 \u00e0\u00a0 l&rsquo;\u00c9crin<\/strong>.<\/div>\n<div>Le documentaire \u00ab\u00a0L&rsquo;Harmonie des m\u00e9caniques\u00a0\u00bb y sera projet\u00e9 en pr\u00e9sence de la r\u00e9alisatrice Fanny Cestier et de l&rsquo;acteur principal.<\/div>\n<div><\/div>\n<div><em>\u00ab\u00a0Pour \u00e9couter le bruit d&rsquo;un moteur, il faut avoir l&rsquo;oreille !\u00a0\u00bb : de la m\u00e9canique \u00e0 la musique, rencontre avec un garagiste m\u00e9lomane.<\/em><\/div>\n<div><em>\u00a0Marc est garagiste de campagne dans un petit village de la vall\u00e9e de l\u2019H\u00e9rault pr\u00e8s de Saint-Guilhem-le-D\u00e9sert. Il a deux passions : la m\u00e9canique et la musique classique. Dans son atelier, au milieu des pneus, outils et bidons d\u2019huile, la t\u00eate pench\u00e9e et les mains plong\u00e9es dans le moteur d&rsquo;une voiture, il s\u2019affaire, entour\u00e9 de ses chiens . La musique nous interpelle&#8230;\u00a0\u00bb.<\/em><\/div>\n<div><\/div>\n<div>Cette soir\u00e9e est organis\u00e9e par le D\u00e9partement du Tarn , la M\u00e9diath\u00e8que D\u00e9partementale et l&rsquo;Association Culturelle du Pays Salvagnacois,en partenariat avec Cin\u00e9cran, Cin\u00e9forum et La Cabane \u00e0 Films.<\/div>\n<div><strong>La s\u00e9ance est gratuite<\/strong><\/div>\n<div><\/div>\n<div>Information transmise par :<\/div>\n<div>\n<div><strong>Biblioth<\/strong><strong>\u00e8<\/strong><strong>que du Pays Salvagnacois\u00a0<\/strong><\/div>\n<div><strong>\u00a0 \u00a0 \u00a0 \u00a0 \u00a0 \u00a0 \u00a0 \u00a0 \u00a0 \u00a0 Bibliobus<\/strong><strong>\u00a0<\/strong><\/div>\n<div><strong>\u00a0 \u00a0 \u00a0 \u00a0 \u00a0 \u00a0 \u00a0 \u00a0 05 63 40 59 02<br \/>\n<\/strong><\/div>\n<div><strong>\u00a0 \u00a0 \u00a0 \u00a0 horaires\u00a0 \u00e0 partir du 7 septembre<\/strong><\/div>\n<div><strong>\u00a0 \u00a0 \u00a0 \u00a0 \u00a0 \u00a0 \u00a0\u00a0<\/strong>\u00a0mercredi de 10h \u00e0 12h30<\/div>\n<div>\u00a0 \u00a0 \u00a0 \u00a0 \u00a0 \u00a0 \u00a0 \u00a0vendredi de 17h \u00e0 19h<\/div>\n<div>\u00a0 \u00a0 \u00a0 \u00a0 \u00a0 \u00a0 \u00a0 dimanche de10h \u00e0 12h30<\/div>\n<\/div>\n","protected":false},"excerpt":{"rendered":"<div class=\"mh-excerpt\">vendredi 28 novembre \u00e0 20h30 \u00e0\u00a0 l&rsquo;\u00c9crin<\/div>\n","protected":false},"author":9,"featured_media":67669,"comment_status":"open","ping_status":"open","sticky":false,"template":"","format":"standard","meta":{"om_disable_all_campaigns":false,"advanced_seo_description":"","jetpack_seo_html_title":"","jetpack_seo_noindex":false,"_jetpack_memberships_contains_paid_content":false,"footnotes":"","_links_to":"","_links_to_target":""},"categories":[1,25,6390],"tags":[110,1766,4489,5056,6521,6522,6523],"class_list":{"0":"post-67667","1":"post","2":"type-post","3":"status-publish","4":"format-standard","5":"has-post-thumbnail","7":"category-culture","8":"category-salvagnac","9":"category-n236-novembre-2025","10":"tag-documentaire","11":"tag-cinema","12":"tag-mediatheque-departementale","13":"tag-association-culturelle-du-pays-salvagnacois","14":"tag-departement-du-tarn","15":"tag-festival-cinema-en-balade","16":"tag-s4825"},"jetpack_featured_media_url":"https:\/\/i0.wp.com\/www.o-p-i.fr\/parlonsen\/wp-content\/uploads\/2025-ecrin-affiche-cinema-en-balade.jpg?fit=1414%2C2000&ssl=1","views":"","jetpack_likes_enabled":true,"jetpack_sharing_enabled":true,"jetpack_shortlink":"https:\/\/wp.me\/pg7Wxj-hBp","jetpack-related-posts":[],"_links":{"self":[{"href":"https:\/\/www.o-p-i.fr\/parlonsen\/wp-json\/wp\/v2\/posts\/67667","targetHints":{"allow":["GET"]}}],"collection":[{"href":"https:\/\/www.o-p-i.fr\/parlonsen\/wp-json\/wp\/v2\/posts"}],"about":[{"href":"https:\/\/www.o-p-i.fr\/parlonsen\/wp-json\/wp\/v2\/types\/post"}],"author":[{"embeddable":true,"href":"https:\/\/www.o-p-i.fr\/parlonsen\/wp-json\/wp\/v2\/users\/9"}],"replies":[{"embeddable":true,"href":"https:\/\/www.o-p-i.fr\/parlonsen\/wp-json\/wp\/v2\/comments?post=67667"}],"version-history":[{"count":2,"href":"https:\/\/www.o-p-i.fr\/parlonsen\/wp-json\/wp\/v2\/posts\/67667\/revisions"}],"predecessor-version":[{"id":67670,"href":"https:\/\/www.o-p-i.fr\/parlonsen\/wp-json\/wp\/v2\/posts\/67667\/revisions\/67670"}],"wp:featuredmedia":[{"embeddable":true,"href":"https:\/\/www.o-p-i.fr\/parlonsen\/wp-json\/wp\/v2\/media\/67669"}],"wp:attachment":[{"href":"https:\/\/www.o-p-i.fr\/parlonsen\/wp-json\/wp\/v2\/media?parent=67667"}],"wp:term":[{"taxonomy":"category","embeddable":true,"href":"https:\/\/www.o-p-i.fr\/parlonsen\/wp-json\/wp\/v2\/categories?post=67667"},{"taxonomy":"post_tag","embeddable":true,"href":"https:\/\/www.o-p-i.fr\/parlonsen\/wp-json\/wp\/v2\/tags?post=67667"}],"curies":[{"name":"wp","href":"https:\/\/api.w.org\/{rel}","templated":true}]}}