{"id":67684,"date":"2025-11-26T22:08:22","date_gmt":"2025-11-26T21:08:22","guid":{"rendered":"https:\/\/www.o-p-i.fr\/parlonsen\/?p=67684"},"modified":"2025-12-03T21:40:21","modified_gmt":"2025-12-03T20:40:21","slug":"lamichemin-le-jeudi-cest-cafe-asso-a-monclar-de-quercy-82-14","status":"publish","type":"post","link":"https:\/\/www.o-p-i.fr\/parlonsen\/localisation\/au-pays-des-tescous\/monclar\/lamichemin-le-jeudi-cest-cafe-asso-a-monclar-de-quercy-82-14\/","title":{"rendered":"LaMICHEmin &#8211; Le jeudi, c&rsquo;est Caf\u00e9 asso &#8230; \u00e0 Monclar de Quercy (82)"},"content":{"rendered":"<div id=\"pl-67684\" class=\"panel-layout\">\n<div id=\"pg-67684-0\" class=\"panel-grid panel-no-style\">\n<div id=\"pgc-67684-0-0\" class=\"panel-grid-cell\" data-weight=\"1\">\n<div id=\"panel-67684-0-0-0\" class=\"so-panel widget widget_sow-editor panel-first-child panel-last-child widgetopts-SO\" data-index=\"0\" data-style=\"{&quot;background_image_attachment&quot;:false,&quot;background_display&quot;:&quot;tile&quot;,&quot;background_image_size&quot;:&quot;full&quot;,&quot;background_image_opacity&quot;:&quot;100&quot;,&quot;border_thickness&quot;:&quot;1px&quot;}\">\n<div class=\"so-widget-sow-editor so-widget-sow-editor-base\">\n<div class=\"siteorigin-widget-tinymce textwidget\">\n<figure id=\"attachment_89\" class=\"wp-caption alignright\" style=\"width: 361px;\" aria-describedby=\"caption-attachment-89\"><a href=\"https:\/\/www.lamichemin.fr\/cafe-asso\/\"><img data-recalc-dims=\"1\" loading=\"lazy\" decoding=\"async\" class=\"wp-image-89 \" src=\"https:\/\/i0.wp.com\/www.lamichemin.fr\/wp-content\/uploads\/2023\/11\/fly-lamicheA4-693x1024.png?resize=361%2C534&#038;ssl=1\" alt=\"L'aMICHEmin, ques aquo ?!\" width=\"361\" height=\"534\" \/><\/a><figcaption id=\"caption-attachment-89\" class=\"wp-caption-text\">L&rsquo;aMICHEmin, ques aquo ?!<\/figcaption><\/figure>\n<p>Le Caf\u00e9 Asso est ouvert de 18h00 \u00e0 21h00 tous les jeudis !<\/p>\n<div class=\"tribe-events-single-event-description tribe-events-content\">\n<div class=\"tribe-events-single-event-description tribe-events-content\"><\/div>\n<p dir=\"ltr\">INFOS PRATIQUES<br \/>\n\ud83d\udd96\ud83c\udffc Ouvert \u00e0 tous\u00b7tes<br \/>\n\ud83d\udd0e L\u2019aMICHEmin, int\u00e9rieur<\/p>\n<\/div>\n<p><a href=\"https:\/\/www.lamichemin.fr\/tag\/biere-du-mois\/\">D\u00e9couvrir la bi\u00e8re du moment<\/a><\/p>\n<\/div>\n<\/div>\n<\/div>\n<\/div>\n<\/div>\n<\/div>\n<h2>Ce soir \u00e0 l&rsquo;aMICHEmin, programme intense &#8230;<\/h2>\n<style>\n       .errordiv { padding:10px; margin:10px; border: 1px solid #555555;color: #000000;background-color: #f8f8f8; width:500px; }#advanced_iframe {visibility:visible;opacity:1;vertical-align:top;}.ai-info-bottom-iframe { position: fixed; z-index: 10000; bottom:0; left: 0; margin: 0px; text-align: center; width: 100%; background-color: #ff9999; padding-left: 5px;padding-bottom: 5px; border-top: 1px solid #aaa } a.ai-bold {font-weight: bold;}#ai-layer-div-advanced_iframe p {height:100%;margin:0;padding:0}<\/style><script type=\"text\/javascript\">var ai_iframe_width_advanced_iframe = 0;var ai_iframe_height_advanced_iframe = 0;function aiReceiveMessageadvanced_iframe(event) {  aiProcessMessage(event,\"advanced_iframe\", \"true\");}if (window.addEventListener) {  window.addEventListener(\"message\", aiReceiveMessageadvanced_iframe);} else if (el.attachEvent)  {  el.attachEvent(\"message\", aiReceiveMessageadvanced_iframe);}var aiOnloadScrollTop=\"true\";var aiShowDebug=false;\n\t\tif (typeof aiReadyCallbacks === 'undefined') {\n\t\t\tvar aiReadyCallbacks = [];\n\t\t} else if (!(aiReadyCallbacks instanceof Array)) {\n\t\t\tvar aiReadyCallbacks = [];\n\t\t}    function aiShowIframeId(id_iframe) { jQuery(\"#\"+id_iframe).css(\"visibility\", \"visible\");    }    function aiResizeIframeHeight(height) { aiResizeIframeHeight(height,advanced_iframe); }    function aiResizeIframeHeightId(height,width,id) {aiResizeIframeHeightById(id,height);}<\/script><iframe id=\"advanced_iframe\"  name=\"advanced_iframe\"  src=\"https:\/\/www.lamichemin.fr\/events\/2025-12-04\/\"  width=\"100%\"  height=\"600\"  frameborder=\"0\"  border=\"0\"  allowtransparency=\"true\"  loading=\"lazy\"  style=\";border-width: 0px;;border: none;;width:100%;height:600px;\" ><\/iframe><script type=\"text\/javascript\">var ifrm_advanced_iframe = document.getElementById(\"advanced_iframe\");var hiddenTabsDoneadvanced_iframe = false;\nfunction resizeCallbackadvanced_iframe() {}<\/script><script type=\"text\/javascript\"><\/script><p style=\"display:block !important; visibility:visible !important;margin: -18px 14px 0 0;padding-left: 3px;padding-top:3px;background: white; overflow: hidden; position: relative; line-height:15px;width: fit-content;\"><small style=\"display:block !important;visibility:visible !important\">powered by Advanced iFrame<\/small><\/p>\n","protected":false},"excerpt":{"rendered":"<div class=\"mh-excerpt\">L&rsquo;aMICHEmin, ques aquo ?! Le Caf\u00e9 Asso est ouvert de 18h00 \u00e0 21h00 tous les jeudis ! INFOS PRATIQUES \ud83d\udd96\ud83c\udffc Ouvert \u00e0 tous\u00b7tes \ud83d\udd0e L\u2019aMICHEmin, int\u00e9rieur D\u00e9couvrir la bi\u00e8re du moment Ce soir \u00e0 l&rsquo;aMICHEmin, <a class=\"mh-excerpt-more\" href=\"https:\/\/www.o-p-i.fr\/parlonsen\/localisation\/au-pays-des-tescous\/monclar\/lamichemin-le-jeudi-cest-cafe-asso-a-monclar-de-quercy-82-14\/\" title=\"LaMICHEmin &#8211; Le jeudi, c&rsquo;est Caf\u00e9 asso &#8230; \u00e0 Monclar de Quercy (82)\">[&#8230;]<\/a><\/div>\n","protected":false},"author":9,"featured_media":55823,"comment_status":"open","ping_status":"open","sticky":false,"template":"","format":"standard","meta":{"om_disable_all_campaigns":false,"advanced_seo_description":"","jetpack_seo_html_title":"","jetpack_seo_noindex":false,"_jetpack_memberships_contains_paid_content":false,"footnotes":"","_links_to":"","_links_to_target":""},"categories":[16,54,6413],"tags":[4936,5164,6525],"class_list":{"0":"post-67684","1":"post","2":"type-post","3":"status-publish","4":"format-standard","5":"has-post-thumbnail","7":"category-monclar","8":"category-loisirs","9":"category-n-237-decembre-2025","10":"tag-cafe-associatif","11":"tag-lamichemin","12":"tag-s4925"},"jetpack_featured_media_url":"https:\/\/i0.wp.com\/www.o-p-i.fr\/parlonsen\/wp-content\/uploads\/lamichemin-en-tete.jpeg?fit=836%2C448&ssl=1","views":{"total":10,"cached_at":"","cached_date":1738509369},"jetpack_likes_enabled":true,"jetpack_sharing_enabled":true,"jetpack_shortlink":"https:\/\/wp.me\/pg7Wxj-hBG","jetpack-related-posts":[],"_links":{"self":[{"href":"https:\/\/www.o-p-i.fr\/parlonsen\/wp-json\/wp\/v2\/posts\/67684","targetHints":{"allow":["GET"]}}],"collection":[{"href":"https:\/\/www.o-p-i.fr\/parlonsen\/wp-json\/wp\/v2\/posts"}],"about":[{"href":"https:\/\/www.o-p-i.fr\/parlonsen\/wp-json\/wp\/v2\/types\/post"}],"author":[{"embeddable":true,"href":"https:\/\/www.o-p-i.fr\/parlonsen\/wp-json\/wp\/v2\/users\/9"}],"replies":[{"embeddable":true,"href":"https:\/\/www.o-p-i.fr\/parlonsen\/wp-json\/wp\/v2\/comments?post=67684"}],"version-history":[{"count":9,"href":"https:\/\/www.o-p-i.fr\/parlonsen\/wp-json\/wp\/v2\/posts\/67684\/revisions"}],"predecessor-version":[{"id":67776,"href":"https:\/\/www.o-p-i.fr\/parlonsen\/wp-json\/wp\/v2\/posts\/67684\/revisions\/67776"}],"wp:featuredmedia":[{"embeddable":true,"href":"https:\/\/www.o-p-i.fr\/parlonsen\/wp-json\/wp\/v2\/media\/55823"}],"wp:attachment":[{"href":"https:\/\/www.o-p-i.fr\/parlonsen\/wp-json\/wp\/v2\/media?parent=67684"}],"wp:term":[{"taxonomy":"category","embeddable":true,"href":"https:\/\/www.o-p-i.fr\/parlonsen\/wp-json\/wp\/v2\/categories?post=67684"},{"taxonomy":"post_tag","embeddable":true,"href":"https:\/\/www.o-p-i.fr\/parlonsen\/wp-json\/wp\/v2\/tags?post=67684"}],"curies":[{"name":"wp","href":"https:\/\/api.w.org\/{rel}","templated":true}]}}