{"id":67696,"date":"2025-11-26T23:37:18","date_gmt":"2025-11-26T22:37:18","guid":{"rendered":"https:\/\/www.o-p-i.fr\/parlonsen\/?p=67696"},"modified":"2025-12-11T13:33:25","modified_gmt":"2025-12-11T12:33:25","slug":"lamichemin-marche-de-noel-a-monclar-de-quercy-82","status":"publish","type":"post","link":"https:\/\/www.o-p-i.fr\/parlonsen\/localisation\/au-pays-des-tescous\/monclar\/lamichemin-marche-de-noel-a-monclar-de-quercy-82\/","title":{"rendered":"LaMICHEmin &#8211; March\u00e9 de No\u00ebl&#8230;\u00e0 Monclar de Quercy (82)"},"content":{"rendered":"<p><strong>Dimanche 14 d\u00e9cembre 2025,<\/strong> de 10h. \u00e0\u00a0 17h. au boulodrome esplanade des lacs.<\/p>\n<p><!--more--><\/p>\n<p><img data-recalc-dims=\"1\" loading=\"lazy\" decoding=\"async\" class=\"size-medium aligncenter\" src=\"https:\/\/i0.wp.com\/www.lamichemin.fr\/wp-content\/uploads\/2025\/10\/noel2025-1024x576.jpg?resize=1024%2C576&#038;ssl=1\" width=\"1024\" height=\"576\" \/><\/p>\n<p>Rendez-vous le\u00a0<strong>Dimanche 14 D\u00e9cembre 2025<\/strong>, de 10h \u00e0 17h, <strong>sous le Boulodrome<\/strong>, esplanade des lacs.<\/p>\n<p><img data-recalc-dims=\"1\" loading=\"lazy\" decoding=\"async\" class=\" alignright\" src=\"https:\/\/i0.wp.com\/www.lamichemin.fr\/wp-content\/uploads\/2025\/10\/flynoel2025-212x300.jpg?resize=287%2C406&#038;ssl=1\" width=\"287\" height=\"406\" \/>Artisanat Local \u2013 Produits du Terroir<br \/>\nJeux en Bois g\u00e9ants \u2013 anim\u00e9 par Lo\u00efc<br \/>\n13h30 : Les Boules de No\u00ebl \u2013 Concours amical de p\u00e9tanque<br \/>\n15h \u2013 17h : Maquillages avec Zo\u00e9 Ballons<\/p>\n<p>Petite restauration sur place avec la Tantine Tok\u00e9 et\u00a0 la <a href=\"https:\/\/www.o-p-i.fr\/aupays\/vie-des-communes\/vie-a-monclar-de-quercy\/la-perle-des-huitres\/\">Perle des Hu\u00eetres<\/a>.<\/p>\n<p>INFOS PRATIQUES<br \/>\n\ud83d\udd96\ud83c\udffc Ouvert \u00e0 tous\u00b7tes<br \/>\n\ud83d\udd0e Esplanade du Lac-Monclar de Quercy<br \/>\n\ud83d\udcb6 Acc\u00e8s Gratuit<br \/>\n\u260e\u00a0 Emilie : 06 85 06 18 13<br \/>\n\u270f\ufe0f\u00a0<a href=\"https:\/\/partage.lamichemin.fr\/apps\/forms\/s\/FqTK763KfMMoiF86x3kWk7xG\" target=\"_blank\" rel=\"noopener\">Inscriptions B\u00e9n\u00e9voles<\/a><\/p>\n<p>&nbsp;<\/p>\n<p><em>Information communiqu\u00e9e par \u00ab\u00a0La Michemin\u00a0\u00bb<\/em><\/p>\n<p><a href=\"mailto:&quot;https:\/\/www.o-p-i.fr\/aupays\/au-pays\/agenda\/&quot;\">Retrouvez tous les \u00e9v\u00e9nements dans l&rsquo;agenda !<\/a><\/p>\n<p>&nbsp;<\/p>\n","protected":false},"excerpt":{"rendered":"<div class=\"mh-excerpt\">Le March\u00e9 de No\u00ebl sera, cette ann\u00e9e encore, riche en productions locales et animations pour les petits et les grands &#8230;<\/div>\n<p> <a class=\"mh-excerpt-more\" href=\"https:\/\/www.o-p-i.fr\/parlonsen\/localisation\/au-pays-des-tescous\/monclar\/lamichemin-marche-de-noel-a-monclar-de-quercy-82\/\" title=\"LaMICHEmin &#8211; March\u00e9 de No\u00ebl&#8230;\u00e0 Monclar de Quercy (82)\">[&#8230;]<\/a><\/p>\n","protected":false},"author":9,"featured_media":56539,"comment_status":"open","ping_status":"open","sticky":false,"template":"","format":"standard","meta":{"om_disable_all_campaigns":false,"advanced_seo_description":"","jetpack_seo_html_title":"","jetpack_seo_noindex":false,"_jetpack_memberships_contains_paid_content":false,"footnotes":"","_links_to":"","_links_to_target":""},"categories":[52,16,6413],"tags":[6527,757,5164,6340],"class_list":{"0":"post-67696","1":"post","2":"type-post","3":"status-publish","4":"format-standard","5":"has-post-thumbnail","7":"category-parlons-en","8":"category-monclar","9":"category-n-237-decembre-2025","10":"tag-s5025","11":"tag-marche-de-noel","12":"tag-lamichemin","13":"tag-a-la-une"},"jetpack_featured_media_url":"https:\/\/i0.wp.com\/www.o-p-i.fr\/parlonsen\/wp-content\/uploads\/laMICHEmin.jpg?fit=198%2C120&ssl=1","views":{"total":28,"cached_at":"","cached_date":1738446698},"jetpack_likes_enabled":true,"jetpack_sharing_enabled":true,"jetpack_shortlink":"https:\/\/wp.me\/pg7Wxj-hBS","jetpack-related-posts":[],"_links":{"self":[{"href":"https:\/\/www.o-p-i.fr\/parlonsen\/wp-json\/wp\/v2\/posts\/67696","targetHints":{"allow":["GET"]}}],"collection":[{"href":"https:\/\/www.o-p-i.fr\/parlonsen\/wp-json\/wp\/v2\/posts"}],"about":[{"href":"https:\/\/www.o-p-i.fr\/parlonsen\/wp-json\/wp\/v2\/types\/post"}],"author":[{"embeddable":true,"href":"https:\/\/www.o-p-i.fr\/parlonsen\/wp-json\/wp\/v2\/users\/9"}],"replies":[{"embeddable":true,"href":"https:\/\/www.o-p-i.fr\/parlonsen\/wp-json\/wp\/v2\/comments?post=67696"}],"version-history":[{"count":6,"href":"https:\/\/www.o-p-i.fr\/parlonsen\/wp-json\/wp\/v2\/posts\/67696\/revisions"}],"predecessor-version":[{"id":67954,"href":"https:\/\/www.o-p-i.fr\/parlonsen\/wp-json\/wp\/v2\/posts\/67696\/revisions\/67954"}],"wp:featuredmedia":[{"embeddable":true,"href":"https:\/\/www.o-p-i.fr\/parlonsen\/wp-json\/wp\/v2\/media\/56539"}],"wp:attachment":[{"href":"https:\/\/www.o-p-i.fr\/parlonsen\/wp-json\/wp\/v2\/media?parent=67696"}],"wp:term":[{"taxonomy":"category","embeddable":true,"href":"https:\/\/www.o-p-i.fr\/parlonsen\/wp-json\/wp\/v2\/categories?post=67696"},{"taxonomy":"post_tag","embeddable":true,"href":"https:\/\/www.o-p-i.fr\/parlonsen\/wp-json\/wp\/v2\/tags?post=67696"}],"curies":[{"name":"wp","href":"https:\/\/api.w.org\/{rel}","templated":true}]}}