{"id":67711,"date":"2025-11-27T14:10:27","date_gmt":"2025-11-27T13:10:27","guid":{"rendered":"https:\/\/www.o-p-i.fr\/parlonsen\/?p=67711"},"modified":"2025-12-26T10:31:37","modified_gmt":"2025-12-26T09:31:37","slug":"cinemonclar-le-programme-du-vendredi-28-novembre-au-mardi-23-decembre-2025-a-monclar-de-quercy-82","status":"publish","type":"post","link":"https:\/\/www.o-p-i.fr\/parlonsen\/parlons-en\/culture\/cinemonclar-le-programme-du-vendredi-28-novembre-au-mardi-23-decembre-2025-a-monclar-de-quercy-82\/","title":{"rendered":"Cin\u00e9monclar, le programme du vendredi 28 novembre au mardi 23 d\u00e9cembre 2025..\u00e0 Monclar de Quercy (82)"},"content":{"rendered":"<p>Voir le programme et les bandes annonces<br \/>\n<!--more--><\/p>\n<ul>\n<li><strong>Vendredi 28 novembre 2025<\/strong> \u00e0 20h30.<br \/>\nKaamelott deuxi\u00e8me volet\/1 <a href=\"https:\/\/www.youtube.com\/watch?v=Q6xiS0nNLQY\" target=\"_blank\" rel=\"noopener\"><em>Pour voir la bande annonce, cliquez ici\u00a0<\/em><\/a><\/li>\n<li><strong>Dimanche 30 novembre 2025<\/strong>\n<ul>\n<li>15h15 Hopper et le secret&#8230; <a href=\"https:\/\/www.youtube.com\/watch?v=lXehTTWTEiU\" target=\"_blank\" rel=\"noopener\"><em>Pour voir la bande annonce, cliquez ici\u00a0<\/em><\/a><\/li>\n<li>17h00 L&rsquo;inconnu de la grande arche \u00a0<a href=\"https:\/\/www.youtube.com\/watch?v=br4gZkvwQps\" target=\"_blank\" rel=\"noopener\"><em>Pour voir la bande annonce, cliquez ici\u00a0<\/em><\/a><\/li>\n<\/ul>\n<\/li>\n<li><strong>Mardi 02 d\u00e9cembre 2025\u00a0<\/strong> \u00e0 20h30<br \/>\n(V.O.) Les aigles de la r\u00e9publique \u00a0 <a href=\"https:\/\/www.youtube.com\/watch?v=2_uBrWb8bWo\"><em>Pour voir la bande annonce, cliquez ici<\/em><\/a><\/li>\n<li><strong>Vendredi 05 d\u00e9cembre 2025<\/strong> \u00e0 20h30<br \/>\nDossier 137 <a href=\"https:\/\/www.youtube.com\/watch?v=Ll17lAq0MWY\" target=\"_blank\" rel=\"noopener\"><em>Pour voir la bande annonce, cliquez ici\u00a0<\/em><\/a><\/li>\n<li><strong>Dimanche 07 d\u00e9cembre 2025\u00a0<\/strong>\n<ul>\n<li>15h00 Pr\u00e9dators : badlands \u00a0<a href=\"https:\/\/www.youtube.com\/watch?v=Eo2iTT-qJAc\" target=\"_blank\" rel=\"noopener\"><em>Pour voir la bande annonce, cliquez ici\u00a0<\/em><\/a><\/li>\n<li>17h15 T&rsquo;as pas chang\u00e9 \u00a0<a href=\"https:\/\/www.youtube.com\/watch?v=JKtdplUdBz0\" target=\"_blank\" rel=\"noopener\"><em>Pour voir la bande annonce, cliquez ici\u00a0<\/em><\/a><\/li>\n<\/ul>\n<\/li>\n<li><strong>Mardi 09 d\u00e9cembre 2025<\/strong> \u00e0 20h30.<br \/>\n(V.O.) Lumi\u00e8re p\u00e2le sur les collines \u00a0<a href=\"https:\/\/www.youtube.com\/watch?v=wkcC0SdbuNc\" target=\"_blank\" rel=\"noopener\"><em>Pour voir la bande annonce, cliquez ici\u00a0<\/em><\/a><\/li>\n<li><strong>Vendredi 12 d\u00e9cembre 2025<\/strong> \u00e0 20h30<br \/>\nLes braises <a href=\"https:\/\/www.youtube.com\/watch?v=So34CJde8RQ\"><em>Pour voir la bande annonce, cliquez ici\u00a0<\/em><\/a><\/li>\n<li><strong>Dimanche 14 d\u00e9cembre 2025<\/strong>\n<ul>\n<li>15h00. Insaisissables 3 <a href=\"https:\/\/www.youtube.com\/watch?v=ReBcfj_JKU8\" target=\"_blank\" rel=\"noopener\"><em>Pour voir la bande annonce, cliquez ici\u00a0<\/em><\/a><\/li>\n<li>17h30. Le cinqui\u00e8me plan de la jet\u00e9e <a href=\"https:\/\/www.youtube.com\/watch?v=0pQkBZrR_9M\" target=\"_blank\" rel=\"noopener\"><em>Pour voir la bande annonce, cliquez ici\u00a0<\/em><\/a><\/li>\n<\/ul>\n<\/li>\n<li><strong>Mardi 16 d\u00e9cembre 2025<\/strong> \u00e0 20h30.<br \/>\n(V.O.) La voix de hind rajab \u00a0<a href=\"https:\/\/www.youtube.com\/watch?v=vtfzaSQi8Fw\" target=\"_blank\" rel=\"noopener\"><em>Pour voir la bande annonce, cliquez ici\u00a0<\/em><\/a><\/li>\n<li><strong>Jeudi 18\u00a0<\/strong><strong>d\u00e9cembre <\/strong>\u00e0 15h00<strong> \/ Cin\u00e9 solidaire<\/strong><br \/>\nLa bonne \u00e9toile \u00a0<a href=\"https:\/\/www.youtube.com\/watch?v=j-G0rpTzdXo\" target=\"_blank\" rel=\"noopener\"><em>Pour voir la bande annonce, cliquez ici\u00a0<\/em><\/a><\/li>\n<li><strong>Vendredi 19 d\u00e9cembre 2025<\/strong> \u00e0 20h30.<br \/>\nL&rsquo;incroyable femme des neiges <a href=\"https:\/\/www.youtube.com\/watch?v=QIPcokpcphs\" target=\"_blank\" rel=\"noopener\"><em>Pour voir la bande annonce, cliquez ici\u00a0<\/em><\/a><\/li>\n<li><strong>Samedi 20 d\u00e9cembre 2025 <\/strong>\u00e0 20h30<strong> \/ Rattrapage<br \/>\n<\/strong>Vie priv\u00e9e <a href=\"https:\/\/www.youtube.com\/watch?v=XNU9OjgNLWE\">Pour voir la bande annonce, cliquez ici<\/a><\/li>\n<li><strong>Dimanche 21 d\u00e9cembre 2025<\/strong>\n<ul>\n<li>15h. Jean Valjean \u00a0<a href=\"https:\/\/www.youtube.com\/watch?v=X3SGsH2nFp8\" target=\"_blank\" rel=\"noopener\"><em>Pour voir la bande annonce, cliquez ici<\/em><\/a><\/li>\n<li>17h. Les r\u00eaveurs <a href=\"https:\/\/www.youtube.com\/watch?v=2JItttYeVFk\" target=\"_blank\" rel=\"noopener\"><em>Pour voir la bande annonce, cliquez ici<\/em><\/a><\/li>\n<\/ul>\n<\/li>\n<li><strong>Mardi 23 d\u00e9cembre 2025<\/strong> \u00e0 20h30.<br \/>\nDites lui que je l&rsquo;aime \u00a0<a href=\"https:\/\/www.youtube.com\/watch?v=zPKJ6_OOM1o\" target=\"_blank\" rel=\"noopener\"><em>Pour voir la bande annonce, cliquez ici\u00a0<\/em><\/a><\/li>\n<\/ul>\n<p>Pour voir le programme illustr\u00e9 cliquez <a href=\"https:\/\/www.o-p-i.fr\/parlonsen\/wp-content\/uploads\/A4-153-decembre.pdf\">programme\u00a0 153<\/a><\/p>\n<p><em>Information communiqu\u00e9e par Guy ROUMAGNAC<\/em><\/p>\n<div class=\"card\" style=\"width: 350px;\">\r\n<div class=\"card-body\">\r\n<h3 class=\"card-title text-center bg-light\">Fiche Annuaire<\/h3>\r\n<a href=\"https:\/\/www.o-p-i.fr\/aupays\/annuaire\/loisirs\/cine-monclar\/\" target=\"_blank\" rel=\"noopener\">\r\n<img data-recalc-dims=\"1\" decoding=\"async\" class=\"card-img\" src=\"https:\/\/i0.wp.com\/www.o-p-i.fr\/aupays\/wp-content\/uploads\/Cin%C3%A9Monclar.jpg?ssl=1\" alt=\"Cin\u00e9 Monclar\" \/><\/a>\r\n<p class=\"card-text\">Place des Capitouls,\r\n82230 <a href=\"https:\/\/www.o-p-i.fr\/aupays\/monclar-de-quercy-82230\/\" target=\"_blank\" rel=\"noopener\">Monclar-de-Quercy<\/a><\/p>\r\n<a class=\"btn btn-primary\" href=\"https:\/\/www.o-p-i.fr\/aupays\/annuaire\/loisirs\/cine-monclar\/\" target=\"_blank\" rel=\"noopener\">Cin\u00e9ma Monclar de Quercy <i class=\"fa-solid fa-arrow-up-right-from-square\"><\/i><\/a>\r\n\r\n<\/div>\r\n<\/div>\n","protected":false},"excerpt":{"rendered":"<div class=\"mh-excerpt\">L&rsquo;agenda des projections du Cin\u00e9 Monclar &#8230;<\/div>\n<p> <a class=\"mh-excerpt-more\" href=\"https:\/\/www.o-p-i.fr\/parlonsen\/parlons-en\/culture\/cinemonclar-le-programme-du-vendredi-28-novembre-au-mardi-23-decembre-2025-a-monclar-de-quercy-82\/\" title=\"Cin\u00e9monclar, le programme du vendredi 28 novembre au mardi 23 d\u00e9cembre 2025..\u00e0 Monclar de Quercy (82)\">[&#8230;]<\/a><\/p>\n","protected":false},"author":9,"featured_media":62094,"comment_status":"open","ping_status":"open","sticky":false,"template":"","format":"standard","meta":{"om_disable_all_campaigns":false,"advanced_seo_description":"","jetpack_seo_html_title":"","jetpack_seo_noindex":false,"_jetpack_memberships_contains_paid_content":false,"footnotes":"","_links_to":"","_links_to_target":""},"categories":[1,16,54,6390,6413],"tags":[2998,6523],"class_list":{"0":"post-67711","1":"post","2":"type-post","3":"status-publish","4":"format-standard","5":"has-post-thumbnail","7":"category-culture","8":"category-monclar","9":"category-loisirs","10":"category-n236-novembre-2025","11":"category-n-237-decembre-2025","12":"tag-cine-monclar","13":"tag-s4825"},"jetpack_featured_media_url":"https:\/\/i0.wp.com\/www.o-p-i.fr\/parlonsen\/wp-content\/uploads\/camera-cinema.jpg?fit=225%2C225&ssl=1","views":"","jetpack_likes_enabled":true,"jetpack_sharing_enabled":true,"jetpack_shortlink":"https:\/\/wp.me\/pg7Wxj-hC7","jetpack-related-posts":[],"_links":{"self":[{"href":"https:\/\/www.o-p-i.fr\/parlonsen\/wp-json\/wp\/v2\/posts\/67711","targetHints":{"allow":["GET"]}}],"collection":[{"href":"https:\/\/www.o-p-i.fr\/parlonsen\/wp-json\/wp\/v2\/posts"}],"about":[{"href":"https:\/\/www.o-p-i.fr\/parlonsen\/wp-json\/wp\/v2\/types\/post"}],"author":[{"embeddable":true,"href":"https:\/\/www.o-p-i.fr\/parlonsen\/wp-json\/wp\/v2\/users\/9"}],"replies":[{"embeddable":true,"href":"https:\/\/www.o-p-i.fr\/parlonsen\/wp-json\/wp\/v2\/comments?post=67711"}],"version-history":[{"count":7,"href":"https:\/\/www.o-p-i.fr\/parlonsen\/wp-json\/wp\/v2\/posts\/67711\/revisions"}],"predecessor-version":[{"id":67859,"href":"https:\/\/www.o-p-i.fr\/parlonsen\/wp-json\/wp\/v2\/posts\/67711\/revisions\/67859"}],"wp:featuredmedia":[{"embeddable":true,"href":"https:\/\/www.o-p-i.fr\/parlonsen\/wp-json\/wp\/v2\/media\/62094"}],"wp:attachment":[{"href":"https:\/\/www.o-p-i.fr\/parlonsen\/wp-json\/wp\/v2\/media?parent=67711"}],"wp:term":[{"taxonomy":"category","embeddable":true,"href":"https:\/\/www.o-p-i.fr\/parlonsen\/wp-json\/wp\/v2\/categories?post=67711"},{"taxonomy":"post_tag","embeddable":true,"href":"https:\/\/www.o-p-i.fr\/parlonsen\/wp-json\/wp\/v2\/tags?post=67711"}],"curies":[{"name":"wp","href":"https:\/\/api.w.org\/{rel}","templated":true}]}}