{"id":67733,"date":"2025-11-27T14:50:31","date_gmt":"2025-11-27T13:50:31","guid":{"rendered":"https:\/\/www.o-p-i.fr\/parlonsen\/?p=67733"},"modified":"2025-11-27T14:50:31","modified_gmt":"2025-11-27T13:50:31","slug":"le-tilleul-a-petites-feuilles-larbre-au-coeur-tendre","status":"publish","type":"post","link":"https:\/\/www.o-p-i.fr\/parlonsen\/parlons-en\/editorial\/le-tilleul-a-petites-feuilles-larbre-au-coeur-tendre\/","title":{"rendered":"Le Tilleul \u00e0 petites feuilles, l\u2019arbre au c\u0153ur tendre."},"content":{"rendered":"<div>\n<div>\n<p><img data-recalc-dims=\"1\" loading=\"lazy\" decoding=\"async\" class=\" wp-image-67735 alignright\" src=\"https:\/\/i0.wp.com\/www.o-p-i.fr\/parlonsen\/wp-content\/uploads\/2025-11-27-photo-edito-tilleul-petites-feuilles.jpg?resize=353%2C353&#038;ssl=1\" alt=\"\" width=\"353\" height=\"353\" srcset=\"https:\/\/i0.wp.com\/www.o-p-i.fr\/parlonsen\/wp-content\/uploads\/2025-11-27-photo-edito-tilleul-petites-feuilles-scaled.jpg?resize=300%2C300&amp;ssl=1 300w, https:\/\/i0.wp.com\/www.o-p-i.fr\/parlonsen\/wp-content\/uploads\/2025-11-27-photo-edito-tilleul-petites-feuilles-scaled.jpg?resize=1024%2C1024&amp;ssl=1 1024w, https:\/\/i0.wp.com\/www.o-p-i.fr\/parlonsen\/wp-content\/uploads\/2025-11-27-photo-edito-tilleul-petites-feuilles-scaled.jpg?resize=50%2C50&amp;ssl=1 50w, https:\/\/i0.wp.com\/www.o-p-i.fr\/parlonsen\/wp-content\/uploads\/2025-11-27-photo-edito-tilleul-petites-feuilles-scaled.jpg?resize=768%2C768&amp;ssl=1 768w, https:\/\/i0.wp.com\/www.o-p-i.fr\/parlonsen\/wp-content\/uploads\/2025-11-27-photo-edito-tilleul-petites-feuilles-scaled.jpg?resize=1536%2C1536&amp;ssl=1 1536w, https:\/\/i0.wp.com\/www.o-p-i.fr\/parlonsen\/wp-content\/uploads\/2025-11-27-photo-edito-tilleul-petites-feuilles-scaled.jpg?resize=2048%2C2048&amp;ssl=1 2048w, https:\/\/i0.wp.com\/www.o-p-i.fr\/parlonsen\/wp-content\/uploads\/2025-11-27-photo-edito-tilleul-petites-feuilles-scaled.jpg?resize=375%2C375&amp;ssl=1 375w\" sizes=\"auto, (max-width: 353px) 100vw, 353px\" \/><\/p>\n<p>Majestueux et discret, Tilia cordata peut vivre cinq si\u00e8cles et atteindre trente m\u00e8tres. Son houppier arrondi se d\u00e9ploie comme une vo\u00fbte bienveillante. Ses feuilles en c\u0153ur fr\u00e9missent au souffle du vent. En juillet, ses fleurs p\u00e2les embaument l\u2019air, attirent les insectes, puis c\u00e8dent la place \u00e0 de petits fruits ronds.<\/p>\n<p>Il pr\u00e9f\u00e8re les sols profonds et riches en eau. Ami de la demi-ombre, il s\u2019\u00e9panouit dans les for\u00eats claires et s\u2019adapte aux terres humides comme aux sols compacts.<\/p>\n<p>Ses jeunes feuilles, tendres et d\u00e9licates, se savourent au printemps en salade, en p\u00e2tisserie ou cuites comme un l\u00e9gume. Plus \u00e2g\u00e9es, elles se pr\u00eatent aux marinades, rappelant que la nature r\u00e9compense la patience.<\/p>\n<p>Dans les villages d\u2019Europe, il veillait au centre des places. Sous ses branches s\u2019unissaient mariages et serments. Ainsi, l\u2019arbre gardait dans son ombre l\u2019\u00e9cho de la fid\u00e9lit\u00e9, la m\u00e9moire des jours de f\u00eate et des promesses offertes \u00e0 la vie.<\/p>\n<p>Aujourd\u2019hui, le tilleul \u00e0 petites feuilles rappelle que la douceur est une force durable. Le planter, c\u2019est offrir un abri aux oiseaux, un festin aux abeilles, une ombre bienveillante aux passants. C\u2019est aussi confier \u00e0 la Terre un gardien silencieux qui relie les g\u00e9n\u00e9rations. Dans le bruissement de ses feuilles r\u00e9sonne une v\u00e9rit\u00e9 simple: prot\u00e9ger l\u2019arbre, c\u2019est prot\u00e9ger la vie.<\/p><\/div>\n<div>\n<p dir=\"ltr\"><div class=\"card\" style=\"width: 350px;\">\r\n<div class=\"card-body\">\r\n<h3 class=\"card-title text-center bg-light\">Fiche Auteur<\/h3>\r\n<a href=\"https:\/\/www.o-p-i.fr\/7alire\/nicolas-duivon\/nicolas-duivon-auteur\/\" target=\"_blank\" rel=\"noopener\">\r\n<img data-recalc-dims=\"1\" decoding=\"async\" class=\"card-img\" src=\"https:\/\/i0.wp.com\/www.o-p-i.fr\/7alire\/wp-content\/uploads\/2025-photo-auteur-nicolas-duivon-scaled-e1765108565599.jpg?ssl=1\" alt=\"Nicolas Duivon\" \/><\/a>\r\n<p class=\"card-text\">Nicolas Duivon<\/p>\r\n<a class=\"btn btn-primary\" href=\"https:\/\/www.o-p-i.fr\/7alire\/nicolas-duivon\/nicolas-duivon-auteur\/\" target=\"_blank\" rel=\"noopener\">Auteur Nicolas Duivon<i class=\"fa-solid fa-arrow-up-right-from-square\"><\/i><\/a>\r\n\r\n<\/div>\r\n<\/div><\/p>\n<p dir=\"ltr\">15 vues<\/p>\n<\/div>\n<\/div>\n","protected":false},"excerpt":{"rendered":"<div class=\"mh-excerpt\">Majestueux et discret, Tilia cordata peut vivre cinq si\u00e8cles et atteindre trente m\u00e8tres. Son houppier arrondi se d\u00e9ploie comme une vo\u00fbte bienveillante. Ses feuilles en c\u0153ur fr\u00e9missent au souffle du vent. En juillet, ses fleurs <a class=\"mh-excerpt-more\" href=\"https:\/\/www.o-p-i.fr\/parlonsen\/parlons-en\/editorial\/le-tilleul-a-petites-feuilles-larbre-au-coeur-tendre\/\" title=\"Le Tilleul \u00e0 petites feuilles, l\u2019arbre au c\u0153ur tendre.\">[&#8230;]<\/a><\/div>\n","protected":false},"author":9,"featured_media":67735,"comment_status":"open","ping_status":"open","sticky":false,"template":"","format":"standard","meta":{"om_disable_all_campaigns":false,"advanced_seo_description":"","jetpack_seo_html_title":"","jetpack_seo_noindex":false,"_jetpack_memberships_contains_paid_content":false,"footnotes":"","_links_to":"","_links_to_target":""},"categories":[36,6390],"tags":[105,2944],"class_list":{"0":"post-67733","1":"post","2":"type-post","3":"status-publish","4":"format-standard","5":"has-post-thumbnail","7":"category-editorial","8":"category-n236-novembre-2025","9":"tag-nature","10":"tag-pantes-sauvages"},"jetpack_featured_media_url":"https:\/\/i0.wp.com\/www.o-p-i.fr\/parlonsen\/wp-content\/uploads\/2025-11-27-photo-edito-tilleul-petites-feuilles-scaled.jpg?fit=2560%2C2560&ssl=1","views":{"total":15,"cached_at":"","cached_date":1777512245},"jetpack_likes_enabled":true,"jetpack_sharing_enabled":true,"jetpack_shortlink":"https:\/\/wp.me\/pg7Wxj-hCt","jetpack-related-posts":[],"_links":{"self":[{"href":"https:\/\/www.o-p-i.fr\/parlonsen\/wp-json\/wp\/v2\/posts\/67733","targetHints":{"allow":["GET"]}}],"collection":[{"href":"https:\/\/www.o-p-i.fr\/parlonsen\/wp-json\/wp\/v2\/posts"}],"about":[{"href":"https:\/\/www.o-p-i.fr\/parlonsen\/wp-json\/wp\/v2\/types\/post"}],"author":[{"embeddable":true,"href":"https:\/\/www.o-p-i.fr\/parlonsen\/wp-json\/wp\/v2\/users\/9"}],"replies":[{"embeddable":true,"href":"https:\/\/www.o-p-i.fr\/parlonsen\/wp-json\/wp\/v2\/comments?post=67733"}],"version-history":[{"count":2,"href":"https:\/\/www.o-p-i.fr\/parlonsen\/wp-json\/wp\/v2\/posts\/67733\/revisions"}],"predecessor-version":[{"id":67736,"href":"https:\/\/www.o-p-i.fr\/parlonsen\/wp-json\/wp\/v2\/posts\/67733\/revisions\/67736"}],"wp:featuredmedia":[{"embeddable":true,"href":"https:\/\/www.o-p-i.fr\/parlonsen\/wp-json\/wp\/v2\/media\/67735"}],"wp:attachment":[{"href":"https:\/\/www.o-p-i.fr\/parlonsen\/wp-json\/wp\/v2\/media?parent=67733"}],"wp:term":[{"taxonomy":"category","embeddable":true,"href":"https:\/\/www.o-p-i.fr\/parlonsen\/wp-json\/wp\/v2\/categories?post=67733"},{"taxonomy":"post_tag","embeddable":true,"href":"https:\/\/www.o-p-i.fr\/parlonsen\/wp-json\/wp\/v2\/tags?post=67733"}],"curies":[{"name":"wp","href":"https:\/\/api.w.org\/{rel}","templated":true}]}}