{"id":67748,"date":"2025-12-03T20:20:08","date_gmt":"2025-12-03T19:20:08","guid":{"rendered":"https:\/\/www.o-p-i.fr\/parlonsen\/?p=67748"},"modified":"2025-12-10T18:22:58","modified_gmt":"2025-12-10T17:22:58","slug":"abdm-concert-duvet-panthere-swing-doux-et-soyeux-a-salvagnac-81","status":"publish","type":"post","link":"https:\/\/www.o-p-i.fr\/parlonsen\/parlons-en\/culture\/abdm-concert-duvet-panthere-swing-doux-et-soyeux-a-salvagnac-81\/","title":{"rendered":"ABDM &#8211; Concert DUVET PANTH\u00c8RE \/ Swing doux et soyeux &#8230; \u00e0 Salvagnac (81)"},"content":{"rendered":"<div class=\"gmail-xdj266r gmail-x14z9mp gmail-xat24cr gmail-x1lziwak gmail-x1vvkbs\">\n<div class=\"gmail-xdj266r gmail-x14z9mp gmail-xat24cr gmail-x1lziwak gmail-x1vvkbs\"><strong>Dimanche 14 d\u00e9cembre 2025 \/ 17h<\/strong><\/div>\n<\/div>\n<p><!--more--><\/p>\n<div class=\"gmail-xdj266r gmail-x14z9mp gmail-xat24cr gmail-x1lziwak gmail-x1vvkbs\">\n<div class=\"gmail-x14z9mp gmail-xat24cr gmail-x1lziwak gmail-x1vvkbs gmail-xtlvy1s\">\n<p><img data-recalc-dims=\"1\" loading=\"lazy\" decoding=\"async\" class=\" wp-image-67750 alignright\" src=\"https:\/\/i0.wp.com\/www.o-p-i.fr\/parlonsen\/wp-content\/uploads\/2025-ABDM-concert-duvet-panthere.jpg?resize=383%2C383&#038;ssl=1\" alt=\"\" width=\"383\" height=\"383\" srcset=\"https:\/\/i0.wp.com\/www.o-p-i.fr\/parlonsen\/wp-content\/uploads\/2025-ABDM-concert-duvet-panthere.jpg?resize=300%2C300&amp;ssl=1 300w, https:\/\/i0.wp.com\/www.o-p-i.fr\/parlonsen\/wp-content\/uploads\/2025-ABDM-concert-duvet-panthere.jpg?resize=50%2C50&amp;ssl=1 50w, https:\/\/i0.wp.com\/www.o-p-i.fr\/parlonsen\/wp-content\/uploads\/2025-ABDM-concert-duvet-panthere.jpg?resize=375%2C375&amp;ssl=1 375w, https:\/\/i0.wp.com\/www.o-p-i.fr\/parlonsen\/wp-content\/uploads\/2025-ABDM-concert-duvet-panthere.jpg?w=421&amp;ssl=1 421w\" sizes=\"auto, (max-width: 383px) 100vw, 383px\" \/><\/p>\n<p>Dans le cadre du march\u00e9 de no\u00ebl du village de Salvagnac, DUVET PANTH\u00c8RE sera en concert au Caf\u00e9 pour cl\u00f4turer cette journ\u00e9e en douceur&#8230; avec un vin chaud, r\u00e9confortant comme dans un bon duvet !<\/p>\n<p>Duvet Panth\u00e8re c&rsquo;est le doux swing d&rsquo;une voix jazz et l&rsquo;\u00e9clat sauvage du vibraphone dans l&rsquo;\u00e9crin color\u00e9 d&rsquo;une ambiance cabaret. Une balade inattendue entre standards incontournables et setlist audacieuse.<br \/>\nLe charme garanti d&rsquo;arrangements uniques et d&rsquo;\u00e9motions authentiques.<\/p>\n<p><a href=\"https:\/\/www.instagram.com\/duvetpanthere\/\">https:\/\/www.instagram.com\/duvetpanthere\/<\/a><\/p>\n<p>______________________<br \/>\nINFOS PRATIQUES<br \/>\n\ud83d\udccd Caf\u00e9 Au bord du monde, Salvagnac, Tarn<br \/>\n\ud83d\udcde Participation au chapeau pour les artistes<\/p>\n<\/div>\n<\/div>\n","protected":false},"excerpt":{"rendered":"<div class=\"mh-excerpt\">Duvet Panth\u00e8re c&rsquo;est le doux swing d&rsquo;une voix jazz et l&rsquo;\u00e9clat sauvage du vibraphone dans l&rsquo;\u00e9crin color\u00e9 d&rsquo;une ambiance cabaret &#8230;<\/div>\n<p> <a class=\"mh-excerpt-more\" href=\"https:\/\/www.o-p-i.fr\/parlonsen\/parlons-en\/culture\/abdm-concert-duvet-panthere-swing-doux-et-soyeux-a-salvagnac-81\/\" title=\"ABDM &#8211; Concert DUVET PANTH\u00c8RE \/ Swing doux et soyeux &#8230; \u00e0 Salvagnac (81)\">[&#8230;]<\/a><\/p>\n","protected":false},"author":9,"featured_media":46799,"comment_status":"open","ping_status":"open","sticky":false,"template":"","format":"standard","meta":{"om_disable_all_campaigns":false,"advanced_seo_description":"","jetpack_seo_html_title":"","jetpack_seo_noindex":false,"_jetpack_memberships_contains_paid_content":false,"footnotes":"","_links_to":"","_links_to_target":""},"categories":[1,25,6413],"tags":[43,3830,6527],"class_list":{"0":"post-67748","1":"post","2":"type-post","3":"status-publish","4":"format-standard","5":"has-post-thumbnail","7":"category-culture","8":"category-salvagnac","9":"category-n-237-decembre-2025","10":"tag-concert","11":"tag-cafe-au-bord-du-monde","12":"tag-s5025"},"jetpack_featured_media_url":"https:\/\/i0.wp.com\/www.o-p-i.fr\/parlonsen\/wp-content\/uploads\/Bord-monde.jpg?fit=227%2C226&ssl=1","views":"","jetpack_likes_enabled":true,"jetpack_sharing_enabled":true,"jetpack_shortlink":"https:\/\/wp.me\/pg7Wxj-hCI","jetpack-related-posts":[],"_links":{"self":[{"href":"https:\/\/www.o-p-i.fr\/parlonsen\/wp-json\/wp\/v2\/posts\/67748","targetHints":{"allow":["GET"]}}],"collection":[{"href":"https:\/\/www.o-p-i.fr\/parlonsen\/wp-json\/wp\/v2\/posts"}],"about":[{"href":"https:\/\/www.o-p-i.fr\/parlonsen\/wp-json\/wp\/v2\/types\/post"}],"author":[{"embeddable":true,"href":"https:\/\/www.o-p-i.fr\/parlonsen\/wp-json\/wp\/v2\/users\/9"}],"replies":[{"embeddable":true,"href":"https:\/\/www.o-p-i.fr\/parlonsen\/wp-json\/wp\/v2\/comments?post=67748"}],"version-history":[{"count":3,"href":"https:\/\/www.o-p-i.fr\/parlonsen\/wp-json\/wp\/v2\/posts\/67748\/revisions"}],"predecessor-version":[{"id":67862,"href":"https:\/\/www.o-p-i.fr\/parlonsen\/wp-json\/wp\/v2\/posts\/67748\/revisions\/67862"}],"wp:featuredmedia":[{"embeddable":true,"href":"https:\/\/www.o-p-i.fr\/parlonsen\/wp-json\/wp\/v2\/media\/46799"}],"wp:attachment":[{"href":"https:\/\/www.o-p-i.fr\/parlonsen\/wp-json\/wp\/v2\/media?parent=67748"}],"wp:term":[{"taxonomy":"category","embeddable":true,"href":"https:\/\/www.o-p-i.fr\/parlonsen\/wp-json\/wp\/v2\/categories?post=67748"},{"taxonomy":"post_tag","embeddable":true,"href":"https:\/\/www.o-p-i.fr\/parlonsen\/wp-json\/wp\/v2\/tags?post=67748"}],"curies":[{"name":"wp","href":"https:\/\/api.w.org\/{rel}","templated":true}]}}