{"id":67760,"date":"2025-12-03T20:57:07","date_gmt":"2025-12-03T19:57:07","guid":{"rendered":"https:\/\/www.o-p-i.fr\/parlonsen\/?p=67760"},"modified":"2025-12-18T11:23:34","modified_gmt":"2025-12-18T10:23:34","slug":"abdm-diner-lecture-du-solstice-dhiver-repas-vegetal-etoilant-et-petillant-par-isabelle-vidal-cheffe-traiteur-phisalys-a-salvagnac-81","status":"publish","type":"post","link":"https:\/\/www.o-p-i.fr\/parlonsen\/parlons-en\/culture\/abdm-diner-lecture-du-solstice-dhiver-repas-vegetal-etoilant-et-petillant-par-isabelle-vidal-cheffe-traiteur-phisalys-a-salvagnac-81\/","title":{"rendered":"ABDM &#8211; D\u00eener-Lecture du solstice d&rsquo;hiver \/ Repas v\u00e9g\u00e9tal \u00e9toilant et p\u00e9tillant par Isabelle Vidal (Cheffe traiteur Phisalys) &#8230; \u00e0 Salvagnac (81)"},"content":{"rendered":"<div class=\"gmail-xdj266r gmail-x14z9mp gmail-xat24cr gmail-x1lziwak gmail-x1vvkbs\">\n<div class=\"gmail-xdj266r gmail-x14z9mp gmail-xat24cr gmail-x1lziwak gmail-x1vvkbs\"><strong>Samedi 20 d\u00e9cembre 2025 \/ 19h<\/strong><\/div>\n<\/div>\n<p><!--more--><\/p>\n<div class=\"gmail-xdj266r gmail-x14z9mp gmail-xat24cr gmail-x1lziwak gmail-x1vvkbs\">\n<div class=\"gmail-x14z9mp gmail-xat24cr gmail-x1lziwak gmail-x1vvkbs gmail-xtlvy1s\">\n<p><span class=\"gmail-x193iq5w gmail-xeuugli gmail-x13faqbe gmail-x1vvkbs gmail-x1xmvt09 gmail-x1lliihq gmail-x1s928wv gmail-xhkezso gmail-x1gmr53x gmail-x1cpjm7i gmail-x1fgarty gmail-x1943h6x gmail-xudqn12 gmail-x3x7a5m gmail-x6prxxf gmail-xvq8zen gmail-xo1l8bm gmail-xzsf02u\" dir=\"auto\"><img data-recalc-dims=\"1\" loading=\"lazy\" decoding=\"async\" class=\" wp-image-67762 alignright\" src=\"https:\/\/i0.wp.com\/www.o-p-i.fr\/parlonsen\/wp-content\/uploads\/2025-ABDM-diner-solstice-hiver.jpg?resize=403%2C403&#038;ssl=1\" alt=\"\" width=\"403\" height=\"403\" srcset=\"https:\/\/i0.wp.com\/www.o-p-i.fr\/parlonsen\/wp-content\/uploads\/2025-ABDM-diner-solstice-hiver.jpg?resize=300%2C300&amp;ssl=1 300w, https:\/\/i0.wp.com\/www.o-p-i.fr\/parlonsen\/wp-content\/uploads\/2025-ABDM-diner-solstice-hiver.jpg?resize=50%2C50&amp;ssl=1 50w, https:\/\/i0.wp.com\/www.o-p-i.fr\/parlonsen\/wp-content\/uploads\/2025-ABDM-diner-solstice-hiver.jpg?resize=375%2C375&amp;ssl=1 375w, https:\/\/i0.wp.com\/www.o-p-i.fr\/parlonsen\/wp-content\/uploads\/2025-ABDM-diner-solstice-hiver.jpg?w=585&amp;ssl=1 585w\" sizes=\"auto, (max-width: 403px) 100vw, 403px\" \/><\/span>Soyez le spectacle !<br \/>\nSi le coeur vous en dit, venez avec votre texte, conte ou po\u00e8me sur l&rsquo;hiver \u00e0 clamer&#8230;<\/p>\n<p>Menu complet 25\u20ac (hors boissons)<\/p>\n<p>Entr\u00e9e:<br \/>\nPetit \u00e9peautre et fenouil marin\u00e9 aux agrumes<br \/>\nSalade d\u2019oranges et kakis fuyu au cynorrhodon<\/p>\n<p>Plat:<br \/>\nDuo de potimarron\/patates douces<br \/>\nEtoile de millet dor\u00e9 aux noisettes<br \/>\nLentilles aux pleurotes sauce citron et gingembre<\/p>\n<p>Dessert au choix:<br \/>\nG\u00e9noise au citron en \u00e9toile<br \/>\nPommes poch\u00e9es et noix torr\u00e9fi\u00e9es<br \/>\nSorbet au sapin blanc<br \/>\nOu<br \/>\nMoelleux aux ch\u00e2taignes<br \/>\nPoires infus\u00e9es au m\u00e9lilo<br \/>\nCroquant aux amandes<\/p>\n<p><span class=\"gmail-x193iq5w gmail-xeuugli gmail-x13faqbe gmail-x1vvkbs gmail-x1xmvt09 gmail-x1lliihq gmail-x1s928wv gmail-xhkezso gmail-x1gmr53x gmail-x1cpjm7i gmail-x1fgarty gmail-x1943h6x gmail-xudqn12 gmail-x3x7a5m gmail-x6prxxf gmail-xvq8zen gmail-xo1l8bm gmail-xzsf02u\" dir=\"auto\">_________________________<br class=\"gmail-html-br\" \/>INFOS PRATIQUES<br class=\"gmail-html-br\" \/><span class=\"gmail-html-span gmail-xexx8yu gmail-xyri2b gmail-x18d9i69 gmail-x1c1uobl gmail-x1hl2dhg gmail-x16tdsg8 gmail-x1vvkbs gmail-x3nfvp2 gmail-x1j61x8r gmail-x1fcty0u gmail-xdj266r gmail-xat24cr gmail-xm2jcoa gmail-x1mpyi22 gmail-xxymvpz gmail-xlup9mm gmail-x1kky2od\"><img loading=\"lazy\" decoding=\"async\" class=\"gmail-xz74otr gmail-x15mokao gmail-x1ga7v0g gmail-x16uus16 gmail-xbiv7yw\" src=\"https:\/\/static.xx.fbcdn.net\/images\/emoji.php\/v9\/tac\/1\/16\/2665.png\" alt=\"\u2665\" width=\"16\" height=\"16\" \/><\/span> Tout public<br class=\"gmail-html-br\" \/><span class=\"gmail-html-span gmail-xexx8yu gmail-xyri2b gmail-x18d9i69 gmail-x1c1uobl gmail-x1hl2dhg gmail-x16tdsg8 gmail-x1vvkbs gmail-x3nfvp2 gmail-x1j61x8r gmail-x1fcty0u gmail-xdj266r gmail-xat24cr gmail-xm2jcoa gmail-x1mpyi22 gmail-xxymvpz gmail-xlup9mm gmail-x1kky2od\"><img loading=\"lazy\" decoding=\"async\" class=\"gmail-xz74otr gmail-x15mokao gmail-x1ga7v0g gmail-x16uus16 gmail-xbiv7yw\" src=\"https:\/\/static.xx.fbcdn.net\/images\/emoji.php\/v9\/t22\/1\/16\/260e.png\" alt=\"\u260e\" width=\"16\" height=\"16\" \/><\/span> R\u00e9sa : 05 63 55 14 52<\/span><\/p>\n<\/div>\n<\/div>\n<div><\/div>\n<div><img data-recalc-dims=\"1\" loading=\"lazy\" decoding=\"async\" class=\" wp-image-67763 aligncenter\" src=\"https:\/\/i0.wp.com\/www.o-p-i.fr\/parlonsen\/wp-content\/uploads\/2025-ABDM-diner-solstice-hiver-recto.jpg?resize=514%2C727&#038;ssl=1\" alt=\"\" width=\"514\" height=\"727\" srcset=\"https:\/\/i0.wp.com\/www.o-p-i.fr\/parlonsen\/wp-content\/uploads\/2025-ABDM-diner-solstice-hiver-recto-scaled.jpg?resize=212%2C300&amp;ssl=1 212w, https:\/\/i0.wp.com\/www.o-p-i.fr\/parlonsen\/wp-content\/uploads\/2025-ABDM-diner-solstice-hiver-recto-scaled.jpg?resize=724%2C1024&amp;ssl=1 724w, https:\/\/i0.wp.com\/www.o-p-i.fr\/parlonsen\/wp-content\/uploads\/2025-ABDM-diner-solstice-hiver-recto-scaled.jpg?resize=768%2C1086&amp;ssl=1 768w, https:\/\/i0.wp.com\/www.o-p-i.fr\/parlonsen\/wp-content\/uploads\/2025-ABDM-diner-solstice-hiver-recto-scaled.jpg?resize=1086%2C1536&amp;ssl=1 1086w, https:\/\/i0.wp.com\/www.o-p-i.fr\/parlonsen\/wp-content\/uploads\/2025-ABDM-diner-solstice-hiver-recto-scaled.jpg?resize=1448%2C2048&amp;ssl=1 1448w, https:\/\/i0.wp.com\/www.o-p-i.fr\/parlonsen\/wp-content\/uploads\/2025-ABDM-diner-solstice-hiver-recto-scaled.jpg?w=1810&amp;ssl=1 1810w\" sizes=\"auto, (max-width: 514px) 100vw, 514px\" \/><\/div>\n<div><img data-recalc-dims=\"1\" loading=\"lazy\" decoding=\"async\" class=\" wp-image-67764 aligncenter\" src=\"https:\/\/i0.wp.com\/www.o-p-i.fr\/parlonsen\/wp-content\/uploads\/2025-ABDM-diner-solstice-hiver-menu.jpg?resize=514%2C728&#038;ssl=1\" alt=\"\" width=\"514\" height=\"728\" srcset=\"https:\/\/i0.wp.com\/www.o-p-i.fr\/parlonsen\/wp-content\/uploads\/2025-ABDM-diner-solstice-hiver-menu-scaled.jpg?resize=212%2C300&amp;ssl=1 212w, https:\/\/i0.wp.com\/www.o-p-i.fr\/parlonsen\/wp-content\/uploads\/2025-ABDM-diner-solstice-hiver-menu-scaled.jpg?resize=724%2C1024&amp;ssl=1 724w, https:\/\/i0.wp.com\/www.o-p-i.fr\/parlonsen\/wp-content\/uploads\/2025-ABDM-diner-solstice-hiver-menu-scaled.jpg?resize=768%2C1086&amp;ssl=1 768w, https:\/\/i0.wp.com\/www.o-p-i.fr\/parlonsen\/wp-content\/uploads\/2025-ABDM-diner-solstice-hiver-menu-scaled.jpg?resize=1086%2C1536&amp;ssl=1 1086w, https:\/\/i0.wp.com\/www.o-p-i.fr\/parlonsen\/wp-content\/uploads\/2025-ABDM-diner-solstice-hiver-menu-scaled.jpg?resize=1448%2C2048&amp;ssl=1 1448w, https:\/\/i0.wp.com\/www.o-p-i.fr\/parlonsen\/wp-content\/uploads\/2025-ABDM-diner-solstice-hiver-menu-scaled.jpg?w=1810&amp;ssl=1 1810w\" sizes=\"auto, (max-width: 514px) 100vw, 514px\" \/><\/div>\n","protected":false},"excerpt":{"rendered":"<div class=\"mh-excerpt\">Soyez le spectacle ! Si le c\u0153ur vous en dit, venez avec votre texte, conte ou po\u00e8me sur l&rsquo;hiver \u00e0 clamer&#8230;<\/div>\n<p> <a class=\"mh-excerpt-more\" href=\"https:\/\/www.o-p-i.fr\/parlonsen\/parlons-en\/culture\/abdm-diner-lecture-du-solstice-dhiver-repas-vegetal-etoilant-et-petillant-par-isabelle-vidal-cheffe-traiteur-phisalys-a-salvagnac-81\/\" title=\"ABDM &#8211; D\u00eener-Lecture du solstice d&rsquo;hiver \/ Repas v\u00e9g\u00e9tal \u00e9toilant et p\u00e9tillant par Isabelle Vidal (Cheffe traiteur Phisalys) &#8230; \u00e0 Salvagnac (81)\">[&#8230;]<\/a><\/p>\n","protected":false},"author":9,"featured_media":46799,"comment_status":"open","ping_status":"open","sticky":false,"template":"","format":"standard","meta":{"om_disable_all_campaigns":false,"advanced_seo_description":"","jetpack_seo_html_title":"","jetpack_seo_noindex":false,"_jetpack_memberships_contains_paid_content":false,"footnotes":"","_links_to":"","_links_to_target":""},"categories":[1,25,6413],"tags":[6524,6543,3830],"class_list":{"0":"post-67760","1":"post","2":"type-post","3":"status-publish","4":"format-standard","5":"has-post-thumbnail","7":"category-culture","8":"category-salvagnac","9":"category-n-237-decembre-2025","10":"tag-diner-lecture","11":"tag-s5125","12":"tag-cafe-au-bord-du-monde"},"jetpack_featured_media_url":"https:\/\/i0.wp.com\/www.o-p-i.fr\/parlonsen\/wp-content\/uploads\/Bord-monde.jpg?fit=227%2C226&ssl=1","views":"","jetpack_likes_enabled":true,"jetpack_sharing_enabled":true,"jetpack_shortlink":"https:\/\/wp.me\/pg7Wxj-hCU","jetpack-related-posts":[],"_links":{"self":[{"href":"https:\/\/www.o-p-i.fr\/parlonsen\/wp-json\/wp\/v2\/posts\/67760","targetHints":{"allow":["GET"]}}],"collection":[{"href":"https:\/\/www.o-p-i.fr\/parlonsen\/wp-json\/wp\/v2\/posts"}],"about":[{"href":"https:\/\/www.o-p-i.fr\/parlonsen\/wp-json\/wp\/v2\/types\/post"}],"author":[{"embeddable":true,"href":"https:\/\/www.o-p-i.fr\/parlonsen\/wp-json\/wp\/v2\/users\/9"}],"replies":[{"embeddable":true,"href":"https:\/\/www.o-p-i.fr\/parlonsen\/wp-json\/wp\/v2\/comments?post=67760"}],"version-history":[{"count":3,"href":"https:\/\/www.o-p-i.fr\/parlonsen\/wp-json\/wp\/v2\/posts\/67760\/revisions"}],"predecessor-version":[{"id":67873,"href":"https:\/\/www.o-p-i.fr\/parlonsen\/wp-json\/wp\/v2\/posts\/67760\/revisions\/67873"}],"wp:featuredmedia":[{"embeddable":true,"href":"https:\/\/www.o-p-i.fr\/parlonsen\/wp-json\/wp\/v2\/media\/46799"}],"wp:attachment":[{"href":"https:\/\/www.o-p-i.fr\/parlonsen\/wp-json\/wp\/v2\/media?parent=67760"}],"wp:term":[{"taxonomy":"category","embeddable":true,"href":"https:\/\/www.o-p-i.fr\/parlonsen\/wp-json\/wp\/v2\/categories?post=67760"},{"taxonomy":"post_tag","embeddable":true,"href":"https:\/\/www.o-p-i.fr\/parlonsen\/wp-json\/wp\/v2\/tags?post=67760"}],"curies":[{"name":"wp","href":"https:\/\/api.w.org\/{rel}","templated":true}]}}