{"id":67780,"date":"2025-12-03T22:03:23","date_gmt":"2025-12-03T21:03:23","guid":{"rendered":"https:\/\/www.o-p-i.fr\/parlonsen\/?p=67780"},"modified":"2025-12-04T13:19:08","modified_gmt":"2025-12-04T12:19:08","slug":"le-banc-sonore-documentaire-soudan-souviens-toi-a-rabastens-81","status":"publish","type":"post","link":"https:\/\/www.o-p-i.fr\/parlonsen\/parlons-en\/culture\/le-banc-sonore-documentaire-soudan-souviens-toi-a-rabastens-81\/","title":{"rendered":"Le Banc Sonore &#8211; Documentaire &#8211; SOUDAN, souviens-toi \u00ad &#8230; \u00e0 Rabastens (81)"},"content":{"rendered":"<h4 class=\"default-heading4\">Mardi 09 d\u00e9cembre &#8211; 20h30<!--more--><\/h4>\n<p><img data-recalc-dims=\"1\" loading=\"lazy\" decoding=\"async\" class=\" wp-image-67782 alignright\" src=\"https:\/\/i0.wp.com\/www.o-p-i.fr\/parlonsen\/wp-content\/uploads\/2025-banc-sonore-documentaire-soudan.png?resize=451%2C319&#038;ssl=1\" alt=\"\" width=\"451\" height=\"319\" srcset=\"https:\/\/i0.wp.com\/www.o-p-i.fr\/parlonsen\/wp-content\/uploads\/2025-banc-sonore-documentaire-soudan.png?resize=300%2C212&amp;ssl=1 300w, https:\/\/i0.wp.com\/www.o-p-i.fr\/parlonsen\/wp-content\/uploads\/2025-banc-sonore-documentaire-soudan.png?resize=768%2C543&amp;ssl=1 768w, https:\/\/i0.wp.com\/www.o-p-i.fr\/parlonsen\/wp-content\/uploads\/2025-banc-sonore-documentaire-soudan.png?w=1024&amp;ssl=1 1024w\" sizes=\"auto, (max-width: 451px) 100vw, 451px\" \/>Pour essayer de comprendre ensemble ce qu\u2019il se passe actuellement au Soudan, Projection du documentaire qui suit le soul\u00e8vement de la jeunesse soudanaise contre le r\u00e9gime d\u2019Omar el-B\u00e9chir, de la r\u00e9volution pacifique en 2019 au d\u00e9but de la guerre civile, en 2023.<\/p>\n<p>Information transmise par le <em>Banc Sonore<\/em><\/p>\n","protected":false},"excerpt":{"rendered":"<div class=\"mh-excerpt\">Mardi 09 d\u00e9cembre &#8211; 20h30<\/div>\n","protected":false},"author":9,"featured_media":48776,"comment_status":"open","ping_status":"open","sticky":false,"template":"","format":"standard","meta":{"om_disable_all_campaigns":false,"advanced_seo_description":"","jetpack_seo_html_title":"","jetpack_seo_noindex":false,"_jetpack_memberships_contains_paid_content":false,"footnotes":"","_links_to":"","_links_to_target":""},"categories":[1,6411,6413],"tags":[110,2758,6340,6525],"class_list":{"0":"post-67780","1":"post","2":"type-post","3":"status-publish","4":"format-standard","5":"has-post-thumbnail","7":"category-culture","8":"category-rabastens","9":"category-n-237-decembre-2025","10":"tag-documentaire","11":"tag-le-banc-sonore","12":"tag-a-la-une","13":"tag-s4925"},"jetpack_featured_media_url":"https:\/\/i0.wp.com\/www.o-p-i.fr\/parlonsen\/wp-content\/uploads\/Banc-Sonore-logo.jpg?fit=142%2C145&ssl=1","views":"","jetpack_likes_enabled":true,"jetpack_sharing_enabled":true,"jetpack_shortlink":"https:\/\/wp.me\/pg7Wxj-hDe","jetpack-related-posts":[],"_links":{"self":[{"href":"https:\/\/www.o-p-i.fr\/parlonsen\/wp-json\/wp\/v2\/posts\/67780","targetHints":{"allow":["GET"]}}],"collection":[{"href":"https:\/\/www.o-p-i.fr\/parlonsen\/wp-json\/wp\/v2\/posts"}],"about":[{"href":"https:\/\/www.o-p-i.fr\/parlonsen\/wp-json\/wp\/v2\/types\/post"}],"author":[{"embeddable":true,"href":"https:\/\/www.o-p-i.fr\/parlonsen\/wp-json\/wp\/v2\/users\/9"}],"replies":[{"embeddable":true,"href":"https:\/\/www.o-p-i.fr\/parlonsen\/wp-json\/wp\/v2\/comments?post=67780"}],"version-history":[{"count":2,"href":"https:\/\/www.o-p-i.fr\/parlonsen\/wp-json\/wp\/v2\/posts\/67780\/revisions"}],"predecessor-version":[{"id":67783,"href":"https:\/\/www.o-p-i.fr\/parlonsen\/wp-json\/wp\/v2\/posts\/67780\/revisions\/67783"}],"wp:featuredmedia":[{"embeddable":true,"href":"https:\/\/www.o-p-i.fr\/parlonsen\/wp-json\/wp\/v2\/media\/48776"}],"wp:attachment":[{"href":"https:\/\/www.o-p-i.fr\/parlonsen\/wp-json\/wp\/v2\/media?parent=67780"}],"wp:term":[{"taxonomy":"category","embeddable":true,"href":"https:\/\/www.o-p-i.fr\/parlonsen\/wp-json\/wp\/v2\/categories?post=67780"},{"taxonomy":"post_tag","embeddable":true,"href":"https:\/\/www.o-p-i.fr\/parlonsen\/wp-json\/wp\/v2\/tags?post=67780"}],"curies":[{"name":"wp","href":"https:\/\/api.w.org\/{rel}","templated":true}]}}