{"id":67798,"date":"2025-12-03T22:32:58","date_gmt":"2025-12-03T21:32:58","guid":{"rendered":"https:\/\/www.o-p-i.fr\/parlonsen\/?p=67798"},"modified":"2025-12-03T22:32:58","modified_gmt":"2025-12-03T21:32:58","slug":"le-colombier-projet-de-residence-journalistique-sur-le-departement-du-tarn-a-les-cabannes-cordes-sur-ciel-81","status":"publish","type":"post","link":"https:\/\/www.o-p-i.fr\/parlonsen\/parlons-en\/culture\/le-colombier-projet-de-residence-journalistique-sur-le-departement-du-tarn-a-les-cabannes-cordes-sur-ciel-81\/","title":{"rendered":"Le Colombier &#8211; Projet de r\u00e9sidence journalistique sur le d\u00e9partement du Tarn &#8230; \u00e0 Les Cabannes-Cordes sur Ciel (81)"},"content":{"rendered":"<p class=\"default-heading2\"><strong>Vendredi 5 d\u00e9cembre \u00e0 18h00<\/strong><!--more--><\/p>\n<div>\n<table role=\"presentation\" border=\"0\" width=\"100%\" cellspacing=\"0\" cellpadding=\"0\">\n<tbody>\n<tr>\n<td class=\"r18-c\" align=\"left\">\n<table class=\"r19-o\" role=\"presentation\" border=\"0\" width=\"100%\" cellspacing=\"0\" cellpadding=\"0\">\n<tbody>\n<tr>\n<td class=\"r21-i nl2go-default-textstyle\" align=\"center\" valign=\"top\">\n<div>\n<p><strong>Projet de r\u00e9sidence <\/strong><strong>journalistique sur le d\u00e9partement du Tarn.<\/strong><br \/>\n<strong>Un partenariat entre M\u00e9dia-Tarn, le Th\u00e9\u00e2tre le Colombier et quatre lieux de culture.<\/strong><\/p>\n<\/div>\n<\/td>\n<\/tr>\n<\/tbody>\n<\/table>\n<\/td>\n<\/tr>\n<tr>\n<td class=\"r8-c\" align=\"center\">\n<table class=\"r9-o\" role=\"presentation\" border=\"0\" width=\"351\" cellspacing=\"0\" cellpadding=\"0\">\n<tbody>\n<tr>\n<td class=\"r22-i\"><img data-recalc-dims=\"1\" decoding=\"async\" src=\"https:\/\/i0.wp.com\/1t8el.img.a.d.sendibm1.com\/im\/sh\/sdCrbZibM8uC.png?w=351&#038;ssl=1\"  border=\"0\" \/><\/td>\n<\/tr>\n<\/tbody>\n<\/table>\n<\/td>\n<\/tr>\n<tr>\n<td class=\"r23-c nl2go-default-textstyle\" align=\"left\">\n<div>\n<p>Vous \u00eates amateur de culture (ou pas)\u00a0?<\/p>\n<p>Vous \u00eates curieux des m\u00e9dia\u00a0? Vous vous en m\u00e9fiez\u00a0?<\/p>\n<p>Vous \u00eates attach\u00e9 \u00e0 la vie du territoire \u00a0?<\/p>\n<p>&nbsp;<\/p>\n<p>Venez participer \u00e0 la mise en \u0153uvre d\u2019une enqu\u00eate journalistique collaborative qui d\u00e9roulera le fil rouge\u00a0:<\/p>\n<p><i><strong>\u00a0\u00bb Ici, la culture pour quoi faire\u00a0? \u00ab\u00a0<\/strong><\/i><\/p>\n<p><strong><u>1er temps<\/u> :\u00a0autour d&rsquo;un verre\u00a0<\/strong><br \/>\n<strong>Vendredi 05 d\u00e9cembre 2025 \u00e0 18h,\u00a0<\/strong><br \/>\n<strong>au foyer du Th\u00e9\u00e2tre le Colombier<\/strong><\/p>\n<p>&nbsp;<\/p>\n<ul>\n<li>Pr\u00e9sentation\u00a0du projet<\/li>\n<li>Rencontre avec les deux journalistes invit\u00e9es\u00a0:\n<ul>\n<li><strong>Karine LE LOUET<\/strong>, r\u00e9alisatrice de documentaires sonores<\/li>\n<li><strong>Louise ALAVOINE<\/strong>, journaliste autrice photographe<\/li>\n<\/ul>\n<\/li>\n<\/ul>\n<p>&nbsp;<\/p>\n<ul>\n<li>Calendrier du projet : de f\u00e9vrier \u00e0 mai 2026.<\/li>\n<\/ul>\n<p>&nbsp;<\/p>\n<p>Soyez les bienvenus\u00a0!<\/p>\n<\/div>\n<\/td>\n<\/tr>\n<\/tbody>\n<\/table>\n<\/div>\n<p><img data-recalc-dims=\"1\" loading=\"lazy\" decoding=\"async\" class=\"size-full wp-image-40733 alignleft\" src=\"https:\/\/i0.wp.com\/www.o-p-i.fr\/parlonsen\/wp-content\/uploads\/colombier-2.jpg?resize=283%2C78&#038;ssl=1\" alt=\"\" width=\"283\" height=\"78\" srcset=\"https:\/\/i0.wp.com\/www.o-p-i.fr\/parlonsen\/wp-content\/uploads\/colombier-2.jpg?w=283&amp;ssl=1 283w, https:\/\/i0.wp.com\/www.o-p-i.fr\/parlonsen\/wp-content\/uploads\/colombier-2.jpg?resize=150%2C41&amp;ssl=1 150w\" sizes=\"auto, (max-width: 283px) 100vw, 283px\" \/>\u00a0<a href=\"http:\/\/www.theatrelecolombier\" target=\"_blank\" rel=\"noopener\"><strong>Th\u00e9\u00e2tre Le Colombier<\/strong><\/a><br \/>\n8 rue des Tanneries<br \/>\n81170 Les Cabannes &#8211; Cordes sur Ciel<br \/>\n07 83 26 33 11 &#8211; contact@theatrelecolombier.fr<br \/>\nR\u00c9SERVATIONS : 07 83 26 33 11<br \/>\nou <a href=\"mailto:contact@theatrelecolombier.fr\" target=\"_blank\" rel=\"noopener\">contact@theatrelecolombier.fr<\/a><\/p>\n<p><em>Information communiqu\u00e9e par Le Colombier<\/em><\/p>\n<p><a href=\"http:\/\/www.o-p-i.fr\/parlonsen\/agenda\/\">Retrouvez tous les \u00e9v\u00e9nements dans l&rsquo;agenda !<\/a><\/p>\n","protected":false},"excerpt":{"rendered":"<div class=\"mh-excerpt\">Vendredi 5 d\u00e9cembre \u00e0 18h00<\/div>\n","protected":false},"author":9,"featured_media":54511,"comment_status":"open","ping_status":"open","sticky":false,"template":"","format":"standard","meta":{"om_disable_all_campaigns":false,"advanced_seo_description":"","jetpack_seo_html_title":"","jetpack_seo_noindex":false,"_jetpack_memberships_contains_paid_content":false,"footnotes":"","_links_to":"","_links_to_target":""},"categories":[1,6458,6413],"tags":[559,3055,6525],"class_list":{"0":"post-67798","1":"post","2":"type-post","3":"status-publish","4":"format-standard","5":"has-post-thumbnail","7":"category-culture","8":"category-cordes-sur-ciel","9":"category-n-237-decembre-2025","10":"tag-enquete","11":"tag-theatre-le-colombier","12":"tag-s4925"},"jetpack_featured_media_url":"https:\/\/i0.wp.com\/www.o-p-i.fr\/parlonsen\/wp-content\/uploads\/le-colombier-logo-1.jpg?fit=198%2C198&ssl=1","views":{"total":1,"cached_at":"","cached_date":1738535001},"jetpack_likes_enabled":true,"jetpack_sharing_enabled":true,"jetpack_shortlink":"https:\/\/wp.me\/pg7Wxj-hDw","jetpack-related-posts":[],"_links":{"self":[{"href":"https:\/\/www.o-p-i.fr\/parlonsen\/wp-json\/wp\/v2\/posts\/67798","targetHints":{"allow":["GET"]}}],"collection":[{"href":"https:\/\/www.o-p-i.fr\/parlonsen\/wp-json\/wp\/v2\/posts"}],"about":[{"href":"https:\/\/www.o-p-i.fr\/parlonsen\/wp-json\/wp\/v2\/types\/post"}],"author":[{"embeddable":true,"href":"https:\/\/www.o-p-i.fr\/parlonsen\/wp-json\/wp\/v2\/users\/9"}],"replies":[{"embeddable":true,"href":"https:\/\/www.o-p-i.fr\/parlonsen\/wp-json\/wp\/v2\/comments?post=67798"}],"version-history":[{"count":2,"href":"https:\/\/www.o-p-i.fr\/parlonsen\/wp-json\/wp\/v2\/posts\/67798\/revisions"}],"predecessor-version":[{"id":67800,"href":"https:\/\/www.o-p-i.fr\/parlonsen\/wp-json\/wp\/v2\/posts\/67798\/revisions\/67800"}],"wp:featuredmedia":[{"embeddable":true,"href":"https:\/\/www.o-p-i.fr\/parlonsen\/wp-json\/wp\/v2\/media\/54511"}],"wp:attachment":[{"href":"https:\/\/www.o-p-i.fr\/parlonsen\/wp-json\/wp\/v2\/media?parent=67798"}],"wp:term":[{"taxonomy":"category","embeddable":true,"href":"https:\/\/www.o-p-i.fr\/parlonsen\/wp-json\/wp\/v2\/categories?post=67798"},{"taxonomy":"post_tag","embeddable":true,"href":"https:\/\/www.o-p-i.fr\/parlonsen\/wp-json\/wp\/v2\/tags?post=67798"}],"curies":[{"name":"wp","href":"https:\/\/api.w.org\/{rel}","templated":true}]}}