{"id":67807,"date":"2025-12-04T11:12:08","date_gmt":"2025-12-04T10:12:08","guid":{"rendered":"https:\/\/www.o-p-i.fr\/parlonsen\/?p=67807"},"modified":"2025-12-04T11:12:08","modified_gmt":"2025-12-04T10:12:08","slug":"cine-monclar-v-o-lumiere-pale-sur-les-collines","status":"publish","type":"post","link":"https:\/\/www.o-p-i.fr\/parlonsen\/parlons-en\/culture\/cine-monclar-v-o-lumiere-pale-sur-les-collines\/","title":{"rendered":"Cin\u00e9 Monclar &#8211; (V.O.) Lumi\u00e8re p\u00e2le sur les collines"},"content":{"rendered":"<div id=\"pl-67807\"  class=\"panel-layout\" ><div id=\"pg-67807-0\"  class=\"panel-grid panel-no-style\" ><div id=\"pgc-67807-0-0\"  class=\"panel-grid-cell\" ><div id=\"panel-67807-0-0-0\" class=\"so-panel widget widget_sow-editor panel-first-child widgetopts-SO\" data-index=\"0\" ><div\n\t\t\t\n\t\t\tclass=\"so-widget-sow-editor so-widget-sow-editor-base\"\n\t\t\t\n\t\t>\n<div class=\"siteorigin-widget-tinymce textwidget\">\n\t<p><strong>Mardi 09 d\u00e9cembre 2025<\/strong> \u00e0 20h30.<\/p>\n<p>(V.O.) Lumi\u00e8re p\u00e2le sur les collines<\/p>\n<p><a href=\"https:\/\/www.youtube.com\/watch?v=wkcC0SdbuNc\" target=\"_blank\" rel=\"noopener\"><em>Pour voir la bande annonce, cliquez ici\u00a0<\/em><\/a><\/p>\n<\/div>\n<\/div><\/div><div id=\"panel-67807-0-0-1\" class=\"so-panel widget widget_sow-video widgetopts-SO\" data-index=\"1\" ><div\n\t\t\t\n\t\t\tclass=\"so-widget-sow-video so-widget-sow-video-default-c08170c47cfb-67807\"\n\t\t\t\n\t\t><h3 class=\"widget-title\">Bande annonce<\/h3>\n<div class=\"sow-video-wrapper\n\">\n\t\t\t<iframe loading=\"lazy\" title=\"LUMI\u00c8RE P\u00c2LE SUR LES COLLINES - Bande-annonce\" width=\"640\" height=\"360\" src=\"https:\/\/www.youtube.com\/embed\/wkcC0SdbuNc?feature=oembed&enablejsapi=1\" frameborder=\"0\" allow=\"accelerometer; autoplay; clipboard-write; encrypted-media; gyroscope; picture-in-picture; web-share\" referrerpolicy=\"strict-origin-when-cross-origin\" allowfullscreen allowfullscreen mozallowfullscreen webkitallowfullscreen sandbox=\"allow-scripts allow-same-origin allow-presentation\"><\/iframe>\t<\/div>\n<\/div><\/div><div id=\"panel-67807-0-0-2\" class=\"so-panel widget widget_sow-editor widgetopts-SO\" data-index=\"2\" ><div\n\t\t\t\n\t\t\tclass=\"so-widget-sow-editor so-widget-sow-editor-base\"\n\t\t\t\n\t\t>\n<div class=\"siteorigin-widget-tinymce textwidget\">\n\t<p><strong><a href=\"https:\/\/www.o-p-i.fr\/parlonsen\/wp-content\/uploads\/A4-153-decembre.pdf\">Pour voir le programme illustr\u00e9 cliquez ici<\/a><\/strong><\/p>\n<p><em>Information communiqu\u00e9e par Guy ROUMAGNAC<\/em><\/p>\n<div class=\"card\" style=\"width: 350px;\">\r\n<div class=\"card-body\">\r\n<h3 class=\"card-title text-center bg-light\">Fiche Annuaire<\/h3>\r\n<a href=\"https:\/\/www.o-p-i.fr\/aupays\/annuaire\/loisirs\/cine-monclar\/\" target=\"_blank\" rel=\"noopener\">\r\n<img data-recalc-dims=\"1\" decoding=\"async\" class=\"card-img\" src=\"https:\/\/i0.wp.com\/www.o-p-i.fr\/aupays\/wp-content\/uploads\/Cin%C3%A9Monclar.jpg?ssl=1\" alt=\"Cin\u00e9 Monclar\" \/><\/a>\r\n<p class=\"card-text\">Place des Capitouls,\r\n82230 <a href=\"https:\/\/www.o-p-i.fr\/aupays\/monclar-de-quercy-82230\/\" target=\"_blank\" rel=\"noopener\">Monclar-de-Quercy<\/a><\/p>\r\n<a class=\"btn btn-primary\" href=\"https:\/\/www.o-p-i.fr\/aupays\/annuaire\/loisirs\/cine-monclar\/\" target=\"_blank\" rel=\"noopener\">Cin\u00e9ma Monclar de Quercy <i class=\"fa-solid fa-arrow-up-right-from-square\"><\/i><\/a>\r\n\r\n<\/div>\r\n<\/div>\n<\/div>\n<\/div><\/div><div id=\"panel-67807-0-0-3\" class=\"so-panel widget widget_block panel-last-child widgetopts-SO\" data-index=\"3\" ><\/div><\/div><\/div><\/div>","protected":false},"excerpt":{"rendered":"<div class=\"mh-excerpt\">Mardi 09 d\u00e9cembre 2025 \u00e0 20h30. (V.O.) Lumi\u00e8re p\u00e2le sur les collines Pour voir la bande annonce, cliquez ici\u00a0 Pour voir le programme illustr\u00e9 cliquez ici Information communiqu\u00e9e par Guy ROUMAGNAC<\/div>\n","protected":false},"author":9,"featured_media":62094,"comment_status":"open","ping_status":"open","sticky":false,"template":"","format":"video","meta":{"om_disable_all_campaigns":false,"advanced_seo_description":"","jetpack_seo_html_title":"","jetpack_seo_noindex":false,"_jetpack_memberships_contains_paid_content":false,"footnotes":"","_links_to":"","_links_to_target":""},"categories":[1,16,54,6413],"tags":[2998,6525],"class_list":{"0":"post-67807","1":"post","2":"type-post","3":"status-publish","4":"format-video","5":"has-post-thumbnail","7":"category-culture","8":"category-monclar","9":"category-loisirs","10":"category-n-237-decembre-2025","11":"tag-cine-monclar","12":"tag-s4925","13":"post_format-post-format-video"},"jetpack_featured_media_url":"https:\/\/i0.wp.com\/www.o-p-i.fr\/parlonsen\/wp-content\/uploads\/camera-cinema.jpg?fit=225%2C225&ssl=1","views":{"total":3,"cached_at":"","cached_date":1738528338},"jetpack_likes_enabled":true,"jetpack_sharing_enabled":true,"jetpack_shortlink":"https:\/\/wp.me\/pg7Wxj-hDF","jetpack-related-posts":[],"_links":{"self":[{"href":"https:\/\/www.o-p-i.fr\/parlonsen\/wp-json\/wp\/v2\/posts\/67807","targetHints":{"allow":["GET"]}}],"collection":[{"href":"https:\/\/www.o-p-i.fr\/parlonsen\/wp-json\/wp\/v2\/posts"}],"about":[{"href":"https:\/\/www.o-p-i.fr\/parlonsen\/wp-json\/wp\/v2\/types\/post"}],"author":[{"embeddable":true,"href":"https:\/\/www.o-p-i.fr\/parlonsen\/wp-json\/wp\/v2\/users\/9"}],"replies":[{"embeddable":true,"href":"https:\/\/www.o-p-i.fr\/parlonsen\/wp-json\/wp\/v2\/comments?post=67807"}],"version-history":[{"count":2,"href":"https:\/\/www.o-p-i.fr\/parlonsen\/wp-json\/wp\/v2\/posts\/67807\/revisions"}],"predecessor-version":[{"id":67809,"href":"https:\/\/www.o-p-i.fr\/parlonsen\/wp-json\/wp\/v2\/posts\/67807\/revisions\/67809"}],"wp:featuredmedia":[{"embeddable":true,"href":"https:\/\/www.o-p-i.fr\/parlonsen\/wp-json\/wp\/v2\/media\/62094"}],"wp:attachment":[{"href":"https:\/\/www.o-p-i.fr\/parlonsen\/wp-json\/wp\/v2\/media?parent=67807"}],"wp:term":[{"taxonomy":"category","embeddable":true,"href":"https:\/\/www.o-p-i.fr\/parlonsen\/wp-json\/wp\/v2\/categories?post=67807"},{"taxonomy":"post_tag","embeddable":true,"href":"https:\/\/www.o-p-i.fr\/parlonsen\/wp-json\/wp\/v2\/tags?post=67807"}],"curies":[{"name":"wp","href":"https:\/\/api.w.org\/{rel}","templated":true}]}}