{"id":67818,"date":"2025-12-04T11:50:17","date_gmt":"2025-12-04T10:50:17","guid":{"rendered":"https:\/\/www.o-p-i.fr\/parlonsen\/?p=67818"},"modified":"2025-12-10T17:36:34","modified_gmt":"2025-12-10T16:36:34","slug":"lembellie-spectacle-jeune-public-ligloo-fantastique-a-montauban-82","status":"publish","type":"post","link":"https:\/\/www.o-p-i.fr\/parlonsen\/parlons-en\/loisirs\/lembellie-spectacle-jeune-public-ligloo-fantastique-a-montauban-82\/","title":{"rendered":"L&#8217;embellie &#8211; Spectacle jeune public &#8211; L\u2019igloo fantastique &#8230; \u00e0 Montauban (82)"},"content":{"rendered":"<p><strong>Dimanche 11 janvier 2026 \u00e0 10h00<\/strong><!--more--><\/p>\n<p><strong><img data-recalc-dims=\"1\" loading=\"lazy\" decoding=\"async\" class=\" wp-image-67820 alignright\" src=\"https:\/\/i0.wp.com\/www.o-p-i.fr\/parlonsen\/wp-content\/uploads\/2025-embellie-spectacle-igloo-fantastique.jpg?resize=374%2C374&#038;ssl=1\" alt=\"\" width=\"374\" height=\"374\" srcset=\"https:\/\/i0.wp.com\/www.o-p-i.fr\/parlonsen\/wp-content\/uploads\/2025-embellie-spectacle-igloo-fantastique.jpg?resize=300%2C300&amp;ssl=1 300w, https:\/\/i0.wp.com\/www.o-p-i.fr\/parlonsen\/wp-content\/uploads\/2025-embellie-spectacle-igloo-fantastique.jpg?resize=1024%2C1024&amp;ssl=1 1024w, https:\/\/i0.wp.com\/www.o-p-i.fr\/parlonsen\/wp-content\/uploads\/2025-embellie-spectacle-igloo-fantastique.jpg?resize=50%2C50&amp;ssl=1 50w, https:\/\/i0.wp.com\/www.o-p-i.fr\/parlonsen\/wp-content\/uploads\/2025-embellie-spectacle-igloo-fantastique.jpg?resize=768%2C768&amp;ssl=1 768w, https:\/\/i0.wp.com\/www.o-p-i.fr\/parlonsen\/wp-content\/uploads\/2025-embellie-spectacle-igloo-fantastique.jpg?resize=375%2C375&amp;ssl=1 375w, https:\/\/i0.wp.com\/www.o-p-i.fr\/parlonsen\/wp-content\/uploads\/2025-embellie-spectacle-igloo-fantastique.jpg?w=1500&amp;ssl=1 1500w\" sizes=\"auto, (max-width: 374px) 100vw, 374px\" \/>Spectacle \u00e0 partir de 6 mois (dur\u00e9e 45 mn) &#8211; <\/strong><\/p>\n<p>Sora aime la neige et la magie de l\u2019hiver !<\/p>\n<p>Elle adore jouer dehors dans son pays froid. Aujourd\u2019hui, lors d\u2019une sortie, elle aper\u00e7oit un igloo et d\u00e9cide de s\u2019y aventurer !<br \/>\nElle va rencontrer un nouvel ami, s\u2019\u00e9merveiller devant la beaut\u00e9 des paysages f\u00e9\u00e9riques et chanter au milieu des grands espaces avec les enfants\u2026<\/p>\n<p>Une histoire color\u00e9e, po\u00e9tique, enneig\u00e9e et musicale. Un spectacle de magie bor\u00e9ale, \u00e0 partir de 6 mois !<\/p>\n<h2>Adresse de l&rsquo;\u00e9v\u00e8nement<\/h2>\n<p>Th\u00e9\u00e2tre de l&rsquo;Embellie 840 avenue de Bordeaux 82000 Montauban<\/p>\n<h2>Lien internet vers votre \u00e9v\u00e8nement<\/h2>\n<p><a href=\"https:\/\/theatre-embellie.fr\/\">https:\/\/theatre-embellie.fr\/<\/a><\/p>\n<h2>Tarif principal<\/h2>\n<p>Enfants 6\u20ac &#8211; Adultes Plein tarif 8\u20ac &#8211;<\/p>\n<h2>Tarif r\u00e9duit &#8211; combien et pour qui ?<\/h2>\n<p>Adultes Tarif r\u00e9duit 6\u20ac<\/p>\n<h2>Organisateur de l&rsquo;\u00e9v\u00e8nement<\/h2>\n<p>Th\u00e9\u00e2tre de l&rsquo;Embellie<\/p>\n<h2>Personne \/ Organisation \u00e0 contacter<\/h2>\n<p>Th\u00e9\u00e2tre de l&rsquo;Embellie<\/p>\n<h2>Adresse<\/h2>\n<p>840 avenue de Bordeaux 82000 Montauban<\/p>\n<h2>T\u00e9l\u00e9phone<\/h2>\n<p>05 63 91 96 20<\/p>\n<h2>Courriel<\/h2>\n<p><a href=\"mailto:embellie82@gmail.com\">embellie82@gmail.com<\/a><\/p>\n<p>&nbsp;<\/p>\n<p><img data-recalc-dims=\"1\" loading=\"lazy\" decoding=\"async\" class=\" wp-image-18509\" src=\"https:\/\/i0.wp.com\/www.o-p-i.fr\/parlonsen\/wp-content\/uploads\/theatredelembellie.jpg?resize=360%2C132&#038;ssl=1\" alt=\"\" width=\"360\" height=\"132\" srcset=\"https:\/\/i0.wp.com\/www.o-p-i.fr\/parlonsen\/wp-content\/uploads\/theatredelembellie.jpg?w=600&amp;ssl=1 600w, https:\/\/i0.wp.com\/www.o-p-i.fr\/parlonsen\/wp-content\/uploads\/theatredelembellie.jpg?resize=300%2C110&amp;ssl=1 300w\" sizes=\"auto, (max-width: 360px) 100vw, 360px\" \/><\/p>\n<p>Organisateur de l&rsquo;\u00e9n\u00e8vement<br \/>\nTh\u00e9\u00e2tre de l&rsquo;Embellie<br \/>\n828 Avenue de Bordeaux<br \/>\nMontauban (82)<br \/>\nT\u00e9l\u00e9phone : 05 63 91 96 20<br \/>\nCourriel : <a href=\"mailto:embellie82@gmail.com\" target=\"_blank\" rel=\"noopener\">embellie82@gmail.com<\/a><\/p>\n<p><em>Information communiqu\u00e9e par le th\u00e9\u00e2tre de l&rsquo;Embellie<\/em><\/p>\n<p><a href=\"http:\/\/www.o-p-i.fr\/parlonsen\/agenda\/\">Retrouvez tous les \u00e9v\u00e9nements dans l&rsquo;agenda !<\/a><\/p>\n<p>&nbsp;<\/p>\n","protected":false},"excerpt":{"rendered":"<div class=\"mh-excerpt\">Sora aime la neige et la magie de l\u2019hiver !<br \/>\nElle adore jouer dehors dans son pays froid. Aujourd\u2019hui, lors d\u2019une sortie, elle aper\u00e7oit un igloo et d\u00e9cide de s\u2019y aventurer !<\/div>\n<p> <a class=\"mh-excerpt-more\" href=\"https:\/\/www.o-p-i.fr\/parlonsen\/parlons-en\/loisirs\/lembellie-spectacle-jeune-public-ligloo-fantastique-a-montauban-82\/\" title=\"L&#8217;embellie &#8211; Spectacle jeune public &#8211; L\u2019igloo fantastique &#8230; \u00e0 Montauban (82)\">[&#8230;]<\/a><\/p>\n","protected":false},"author":9,"featured_media":18509,"comment_status":"open","ping_status":"open","sticky":false,"template":"","format":"standard","meta":{"om_disable_all_campaigns":false,"advanced_seo_description":"","jetpack_seo_html_title":"","jetpack_seo_noindex":false,"_jetpack_memberships_contains_paid_content":false,"footnotes":"","_links_to":"","_links_to_target":""},"categories":[6526,54,6414],"tags":[441,2736,6453],"class_list":{"0":"post-67818","1":"post","2":"type-post","3":"status-publish","4":"format-standard","5":"has-post-thumbnail","7":"category-n-238-janvier-2026","8":"category-loisirs","9":"category-montauban","10":"tag-spectacle-enfant","11":"tag-theatre-de-lembellie","12":"tag-a-venir"},"jetpack_featured_media_url":"https:\/\/i0.wp.com\/www.o-p-i.fr\/parlonsen\/wp-content\/uploads\/theatredelembellie.jpg?fit=600%2C220&ssl=1","views":"","jetpack_likes_enabled":true,"jetpack_sharing_enabled":true,"jetpack_shortlink":"https:\/\/wp.me\/pg7Wxj-hDQ","jetpack-related-posts":[],"_links":{"self":[{"href":"https:\/\/www.o-p-i.fr\/parlonsen\/wp-json\/wp\/v2\/posts\/67818","targetHints":{"allow":["GET"]}}],"collection":[{"href":"https:\/\/www.o-p-i.fr\/parlonsen\/wp-json\/wp\/v2\/posts"}],"about":[{"href":"https:\/\/www.o-p-i.fr\/parlonsen\/wp-json\/wp\/v2\/types\/post"}],"author":[{"embeddable":true,"href":"https:\/\/www.o-p-i.fr\/parlonsen\/wp-json\/wp\/v2\/users\/9"}],"replies":[{"embeddable":true,"href":"https:\/\/www.o-p-i.fr\/parlonsen\/wp-json\/wp\/v2\/comments?post=67818"}],"version-history":[{"count":3,"href":"https:\/\/www.o-p-i.fr\/parlonsen\/wp-json\/wp\/v2\/posts\/67818\/revisions"}],"predecessor-version":[{"id":67848,"href":"https:\/\/www.o-p-i.fr\/parlonsen\/wp-json\/wp\/v2\/posts\/67818\/revisions\/67848"}],"wp:featuredmedia":[{"embeddable":true,"href":"https:\/\/www.o-p-i.fr\/parlonsen\/wp-json\/wp\/v2\/media\/18509"}],"wp:attachment":[{"href":"https:\/\/www.o-p-i.fr\/parlonsen\/wp-json\/wp\/v2\/media?parent=67818"}],"wp:term":[{"taxonomy":"category","embeddable":true,"href":"https:\/\/www.o-p-i.fr\/parlonsen\/wp-json\/wp\/v2\/categories?post=67818"},{"taxonomy":"post_tag","embeddable":true,"href":"https:\/\/www.o-p-i.fr\/parlonsen\/wp-json\/wp\/v2\/tags?post=67818"}],"curies":[{"name":"wp","href":"https:\/\/api.w.org\/{rel}","templated":true}]}}