{"id":67826,"date":"2025-12-04T13:11:01","date_gmt":"2025-12-04T12:11:01","guid":{"rendered":"https:\/\/www.o-p-i.fr\/parlonsen\/?p=67826"},"modified":"2025-12-10T17:33:12","modified_gmt":"2025-12-10T16:33:12","slug":"lembellie-spectacle-ze-miouzik-ol-a-montauban-82","status":"publish","type":"post","link":"https:\/\/www.o-p-i.fr\/parlonsen\/parlons-en\/loisirs\/lembellie-spectacle-ze-miouzik-ol-a-montauban-82\/","title":{"rendered":"L&rsquo;Embellie &#8211; Spectacle &#8211; Ze Miouzik \u00d4l &#8230; \u00e0 Montauban (82)"},"content":{"rendered":"<p><strong>Samedi 31 janvier 2026 \u00e0 21h00<\/strong><br \/>\n<!--more--><\/p>\n<p><strong><img data-recalc-dims=\"1\" loading=\"lazy\" decoding=\"async\" class=\" wp-image-67828 alignright\" src=\"https:\/\/i0.wp.com\/www.o-p-i.fr\/parlonsen\/wp-content\/uploads\/2025-embellie-spectacle-zemiouzikol.jpg?resize=389%2C389&#038;ssl=1\" alt=\"\" width=\"389\" height=\"389\" srcset=\"https:\/\/i0.wp.com\/www.o-p-i.fr\/parlonsen\/wp-content\/uploads\/2025-embellie-spectacle-zemiouzikol.jpg?resize=300%2C300&amp;ssl=1 300w, https:\/\/i0.wp.com\/www.o-p-i.fr\/parlonsen\/wp-content\/uploads\/2025-embellie-spectacle-zemiouzikol.jpg?resize=1024%2C1024&amp;ssl=1 1024w, https:\/\/i0.wp.com\/www.o-p-i.fr\/parlonsen\/wp-content\/uploads\/2025-embellie-spectacle-zemiouzikol.jpg?resize=50%2C50&amp;ssl=1 50w, https:\/\/i0.wp.com\/www.o-p-i.fr\/parlonsen\/wp-content\/uploads\/2025-embellie-spectacle-zemiouzikol.jpg?resize=768%2C768&amp;ssl=1 768w, https:\/\/i0.wp.com\/www.o-p-i.fr\/parlonsen\/wp-content\/uploads\/2025-embellie-spectacle-zemiouzikol.jpg?resize=375%2C375&amp;ssl=1 375w, https:\/\/i0.wp.com\/www.o-p-i.fr\/parlonsen\/wp-content\/uploads\/2025-embellie-spectacle-zemiouzikol.jpg?w=1500&amp;ssl=1 1500w\" sizes=\"auto, (max-width: 389px) 100vw, 389px\" \/><\/strong><\/p>\n<p><strong>Spectacle clownesque<\/strong><\/p>\n<p>Les Tamalloux ont d\u00e9cid\u00e9 de se rapprocher de leurs anc\u00eatres Clowns en renouant avec la tradition du Cirque et du Music-Hall.<br \/>\nAussi, d\u00e8s votre arriv\u00e9e sur les lieux du spectacle, ce sont eux qui vous aideront \u00e0 trouver votre place&#8230; et comme ils n&rsquo;ont pas de programme \u00e0 vendre, que la glace \u00e7a fond, et que les bonbons \u00e7a fait mal aux dents, ils ont choisi de vous r\u00e9troc\u00e9der quelques objets inutiles, incongrues, voir inutilisables&#8230;<br \/>\nSans trap\u00e9zistes, sans magiciens, sans femmes nues, sans repas aux mets raffin\u00e9s, et sans filet, ils vont r\u00e9aliser pour vous l\u2019impossible : A eux seuls, ils vont jouer une revue ! Il leur suffit d\u2019ouvrir leur valise, d&rsquo;y puiser leurs num\u00e9ros emmaillot\u00e9s d&rsquo;absurdit\u00e9, de po\u00e9sie, de tendresse et de bonne humeur et de vous les offrir en partage.<\/p>\n<p>Ze Miousik \u00d4l c&rsquo;est quoi ? C&rsquo;est un spectacle pour se distraire en famille !<\/p>\n<h2>Adresse de l&rsquo;\u00e9v\u00e8nement<\/h2>\n<p>Th\u00e9\u00e2tre de l&rsquo;Embellie 840 avenue de Bordeaux 82000 Montauban<\/p>\n<h2>Lien internet vers votre \u00e9v\u00e8nement<\/h2>\n<p><a href=\"https:\/\/theatre-embellie.fr\/\">https:\/\/theatre-embellie.fr\/<\/a><\/p>\n<h2>Tarif principal<\/h2>\n<p>Plein tarif 12\u20ac &#8211;<\/p>\n<h2>Tarif r\u00e9duit &#8211; combien et pour qui ?<\/h2>\n<ul>\n<li>Tarif r\u00e9duit 10\u20ac<\/li>\n<li>Tarif mini 8\u20ac<\/li>\n<li>Gratuit -6 ans<\/li>\n<\/ul>\n<h2>Organisateur de l&rsquo;\u00e9v\u00e8nement<\/h2>\n<p>Th\u00e9\u00e2tre de l&rsquo;Embellie<\/p>\n<h2>Personne \/ Organisation \u00e0 contacter<\/h2>\n<p>Th\u00e9\u00e2tre de l&rsquo;Embellie<\/p>\n<h2>Adresse<\/h2>\n<p>840 avenue de Bordeaux 82000 Montauban<\/p>\n<h2>T\u00e9l\u00e9phone<\/h2>\n<p>05 63 91 96 20<\/p>\n<h2>Courriel<\/h2>\n<p><a href=\"mailto:embellie82@gmail.com\">embellie82@gmail.com<\/a><\/p>\n<p>&nbsp;<\/p>\n<p><img data-recalc-dims=\"1\" loading=\"lazy\" decoding=\"async\" class=\" wp-image-18509\" src=\"https:\/\/i0.wp.com\/www.o-p-i.fr\/parlonsen\/wp-content\/uploads\/theatredelembellie.jpg?resize=360%2C132&#038;ssl=1\" alt=\"\" width=\"360\" height=\"132\" srcset=\"https:\/\/i0.wp.com\/www.o-p-i.fr\/parlonsen\/wp-content\/uploads\/theatredelembellie.jpg?w=600&amp;ssl=1 600w, https:\/\/i0.wp.com\/www.o-p-i.fr\/parlonsen\/wp-content\/uploads\/theatredelembellie.jpg?resize=300%2C110&amp;ssl=1 300w\" sizes=\"auto, (max-width: 360px) 100vw, 360px\" \/><\/p>\n<p>Organisateur de l&rsquo;\u00e9n\u00e8vement<br \/>\nTh\u00e9\u00e2tre de l&rsquo;Embellie<br \/>\n828 Avenue de Bordeaux<br \/>\nMontauban (82)<br \/>\nT\u00e9l\u00e9phone : 05 63 91 96 20<br \/>\nCourriel : <a href=\"mailto:embellie82@gmail.com\" target=\"_blank\" rel=\"noopener\">embellie82@gmail.com<\/a><\/p>\n<p><em>Information communiqu\u00e9e par le th\u00e9\u00e2tre de l&rsquo;Embellie<\/em><\/p>\n<p><a href=\"http:\/\/www.o-p-i.fr\/parlonsen\/agenda\/\">Retrouvez tous les \u00e9v\u00e9nements dans l&rsquo;agenda !<\/a><\/p>\n<p>&nbsp;<\/p>\n","protected":false},"excerpt":{"rendered":"<div class=\"mh-excerpt\">Les Tamalloux ont d\u00e9cid\u00e9 de se rapprocher de leurs anc\u00eatres Clowns en renouant avec la tradition du Cirque et du Music-Hall &#8230;<\/div>\n<p> <a class=\"mh-excerpt-more\" href=\"https:\/\/www.o-p-i.fr\/parlonsen\/parlons-en\/loisirs\/lembellie-spectacle-ze-miouzik-ol-a-montauban-82\/\" title=\"L&rsquo;Embellie &#8211; Spectacle &#8211; Ze Miouzik \u00d4l &#8230; \u00e0 Montauban (82)\">[&#8230;]<\/a><\/p>\n","protected":false},"author":9,"featured_media":18509,"comment_status":"open","ping_status":"open","sticky":false,"template":"","format":"standard","meta":{"om_disable_all_campaigns":false,"advanced_seo_description":"","jetpack_seo_html_title":"","jetpack_seo_noindex":false,"_jetpack_memberships_contains_paid_content":false,"footnotes":"","_links_to":"","_links_to_target":""},"categories":[6526,54,6414],"tags":[132,2736,6453],"class_list":{"0":"post-67826","1":"post","2":"type-post","3":"status-publish","4":"format-standard","5":"has-post-thumbnail","7":"category-n-238-janvier-2026","8":"category-loisirs","9":"category-montauban","10":"tag-spectacle","11":"tag-theatre-de-lembellie","12":"tag-a-venir"},"jetpack_featured_media_url":"https:\/\/i0.wp.com\/www.o-p-i.fr\/parlonsen\/wp-content\/uploads\/theatredelembellie.jpg?fit=600%2C220&ssl=1","views":"","jetpack_likes_enabled":true,"jetpack_sharing_enabled":true,"jetpack_shortlink":"https:\/\/wp.me\/pg7Wxj-hDY","jetpack-related-posts":[],"_links":{"self":[{"href":"https:\/\/www.o-p-i.fr\/parlonsen\/wp-json\/wp\/v2\/posts\/67826","targetHints":{"allow":["GET"]}}],"collection":[{"href":"https:\/\/www.o-p-i.fr\/parlonsen\/wp-json\/wp\/v2\/posts"}],"about":[{"href":"https:\/\/www.o-p-i.fr\/parlonsen\/wp-json\/wp\/v2\/types\/post"}],"author":[{"embeddable":true,"href":"https:\/\/www.o-p-i.fr\/parlonsen\/wp-json\/wp\/v2\/users\/9"}],"replies":[{"embeddable":true,"href":"https:\/\/www.o-p-i.fr\/parlonsen\/wp-json\/wp\/v2\/comments?post=67826"}],"version-history":[{"count":4,"href":"https:\/\/www.o-p-i.fr\/parlonsen\/wp-json\/wp\/v2\/posts\/67826\/revisions"}],"predecessor-version":[{"id":67846,"href":"https:\/\/www.o-p-i.fr\/parlonsen\/wp-json\/wp\/v2\/posts\/67826\/revisions\/67846"}],"wp:featuredmedia":[{"embeddable":true,"href":"https:\/\/www.o-p-i.fr\/parlonsen\/wp-json\/wp\/v2\/media\/18509"}],"wp:attachment":[{"href":"https:\/\/www.o-p-i.fr\/parlonsen\/wp-json\/wp\/v2\/media?parent=67826"}],"wp:term":[{"taxonomy":"category","embeddable":true,"href":"https:\/\/www.o-p-i.fr\/parlonsen\/wp-json\/wp\/v2\/categories?post=67826"},{"taxonomy":"post_tag","embeddable":true,"href":"https:\/\/www.o-p-i.fr\/parlonsen\/wp-json\/wp\/v2\/tags?post=67826"}],"curies":[{"name":"wp","href":"https:\/\/api.w.org\/{rel}","templated":true}]}}