{"id":67830,"date":"2025-12-04T13:24:46","date_gmt":"2025-12-04T12:24:46","guid":{"rendered":"https:\/\/www.o-p-i.fr\/parlonsen\/?p=67830"},"modified":"2025-12-04T13:24:46","modified_gmt":"2025-12-04T12:24:46","slug":"la-vergerette-du-canada-conquerante-aux-vertus-cachees","status":"publish","type":"post","link":"https:\/\/www.o-p-i.fr\/parlonsen\/parlons-en\/editorial\/la-vergerette-du-canada-conquerante-aux-vertus-cachees\/","title":{"rendered":"La Vergerette du Canada, conqu\u00e9rante aux vertus cach\u00e9es."},"content":{"rendered":"<div>\n<div>\n<p><img data-recalc-dims=\"1\" loading=\"lazy\" decoding=\"async\" class=\" wp-image-67832 alignright\" src=\"https:\/\/i0.wp.com\/www.o-p-i.fr\/parlonsen\/wp-content\/uploads\/2025-12-04-photo-edito-vergerette-canada.jpg?resize=374%2C374&#038;ssl=1\" alt=\"\" width=\"374\" height=\"374\" srcset=\"https:\/\/i0.wp.com\/www.o-p-i.fr\/parlonsen\/wp-content\/uploads\/2025-12-04-photo-edito-vergerette-canada-scaled.jpg?resize=300%2C300&amp;ssl=1 300w, https:\/\/i0.wp.com\/www.o-p-i.fr\/parlonsen\/wp-content\/uploads\/2025-12-04-photo-edito-vergerette-canada-scaled.jpg?resize=1024%2C1024&amp;ssl=1 1024w, https:\/\/i0.wp.com\/www.o-p-i.fr\/parlonsen\/wp-content\/uploads\/2025-12-04-photo-edito-vergerette-canada-scaled.jpg?resize=50%2C50&amp;ssl=1 50w, https:\/\/i0.wp.com\/www.o-p-i.fr\/parlonsen\/wp-content\/uploads\/2025-12-04-photo-edito-vergerette-canada-scaled.jpg?resize=768%2C768&amp;ssl=1 768w, https:\/\/i0.wp.com\/www.o-p-i.fr\/parlonsen\/wp-content\/uploads\/2025-12-04-photo-edito-vergerette-canada-scaled.jpg?resize=1536%2C1536&amp;ssl=1 1536w, https:\/\/i0.wp.com\/www.o-p-i.fr\/parlonsen\/wp-content\/uploads\/2025-12-04-photo-edito-vergerette-canada-scaled.jpg?resize=2048%2C2048&amp;ssl=1 2048w, https:\/\/i0.wp.com\/www.o-p-i.fr\/parlonsen\/wp-content\/uploads\/2025-12-04-photo-edito-vergerette-canada-scaled.jpg?resize=375%2C375&amp;ssl=1 375w\" sizes=\"auto, (max-width: 374px) 100vw, 374px\" \/><\/p>\n<p>Aussi nomm\u00e9e vergerolle ou \u00e9rig\u00e9ron, la Vergerette du Canada, fine et discr\u00e8te, dresse ses tiges pubescentes jusqu\u2019\u00e0 un m\u00e8tre. Son feuillage cendr\u00e9 porte de minuscules fleurs blanch\u00e2tres dont les graines, l\u00e9g\u00e8res comme du duvet, s\u2019envolent au gr\u00e9 du vent.<\/p>\n<p>Originaire d\u2019Am\u00e9rique, elle s\u2019est install\u00e9e en Europe avec une t\u00e9nacit\u00e9 remarquable. Des friches aux vignes, des champs aux trottoirs, elle s\u2019impose partout o\u00f9 chaleur et lumi\u00e8re dominent. Class\u00e9e invasive, elle incarne la force des plantes pr\u00eates \u00e0 occuper chaque espace laiss\u00e9 nu.<\/p>\n<p>Mais derri\u00e8re cette conqu\u00eate se cache une alli\u00e9e. Toutes ses parties a\u00e9riennes sont comestibles, crues ou bri\u00e8vement cuites, au go\u00fbt poivr\u00e9 et piquant. Aromatique et nutritive, elle rappelle que les \u00ab\u00a0mauvaises herbes\u00a0\u00bb peuvent aussi nourrir.<\/p>\n<p>Plante m\u00e9dicinale, elle concentre huiles essentielles, tanins et r\u00e9sines. Cicatrisante, anti-inflammatoire, diur\u00e9tique, antirhumatismale, elle apaise douleurs et fi\u00e8vres, fid\u00e8le h\u00e9riti\u00e8re des simples qui soignent dans la discr\u00e9tion.<\/p>\n<p>Voyageuse effront\u00e9e, envahissante et gu\u00e9risseuse \u00e0 la fois, la vergerette du Canada rappelle que la fronti\u00e8re entre nuisance et ressource tient souvent \u00e0 un regard. Dans les lieux que l\u2019homme d\u00e9laisse, elle se dresse, fragile et tenace, comme pour murmurer que le sauvage n\u2019a jamais cess\u00e9 de tendre la main.<\/p>\n<div class=\"card\" style=\"width: 350px;\">\r\n<div class=\"card-body\">\r\n<h3 class=\"card-title text-center bg-light\">Fiche Auteur<\/h3>\r\n<a href=\"https:\/\/www.o-p-i.fr\/7alire\/nicolas-duivon\/nicolas-duivon-auteur\/\" target=\"_blank\" rel=\"noopener\">\r\n<img data-recalc-dims=\"1\" decoding=\"async\" class=\"card-img\" src=\"https:\/\/i0.wp.com\/www.o-p-i.fr\/7alire\/wp-content\/uploads\/2025-photo-auteur-nicolas-duivon-scaled-e1765108565599.jpg?ssl=1\" alt=\"Nicolas Duivon\" \/><\/a>\r\n<p class=\"card-text\">Nicolas Duivon<\/p>\r\n<a class=\"btn btn-primary\" href=\"https:\/\/www.o-p-i.fr\/7alire\/nicolas-duivon\/nicolas-duivon-auteur\/\" target=\"_blank\" rel=\"noopener\">Auteur Nicolas Duivon<i class=\"fa-solid fa-arrow-up-right-from-square\"><\/i><\/a>\r\n\r\n<\/div>\r\n<\/div><\/div>\n<div>\n<p dir=\"ltr\">21 vues<\/p>\n<\/div>\n<\/div>\n","protected":false},"excerpt":{"rendered":"<div class=\"mh-excerpt\">Aussi nomm\u00e9e vergerolle ou \u00e9rig\u00e9ron, la Vergerette du Canada, fine et discr\u00e8te, dresse ses tiges pubescentes jusqu\u2019\u00e0 un m\u00e8tre. Son feuillage cendr\u00e9 porte de minuscules fleurs blanch\u00e2tres dont les graines, l\u00e9g\u00e8res comme du duvet, s\u2019envolent <a class=\"mh-excerpt-more\" href=\"https:\/\/www.o-p-i.fr\/parlonsen\/parlons-en\/editorial\/la-vergerette-du-canada-conquerante-aux-vertus-cachees\/\" title=\"La Vergerette du Canada, conqu\u00e9rante aux vertus cach\u00e9es.\">[&#8230;]<\/a><\/div>\n","protected":false},"author":9,"featured_media":67832,"comment_status":"open","ping_status":"open","sticky":false,"template":"","format":"standard","meta":{"om_disable_all_campaigns":false,"advanced_seo_description":"","jetpack_seo_html_title":"","jetpack_seo_noindex":false,"_jetpack_memberships_contains_paid_content":false,"footnotes":"","_links_to":"","_links_to_target":""},"categories":[36,6413],"tags":[105,2944],"class_list":{"0":"post-67830","1":"post","2":"type-post","3":"status-publish","4":"format-standard","5":"has-post-thumbnail","7":"category-editorial","8":"category-n-237-decembre-2025","9":"tag-nature","10":"tag-pantes-sauvages"},"jetpack_featured_media_url":"https:\/\/i0.wp.com\/www.o-p-i.fr\/parlonsen\/wp-content\/uploads\/2025-12-04-photo-edito-vergerette-canada-scaled.jpg?fit=2560%2C2560&ssl=1","views":{"total":21,"cached_at":"","cached_date":1777613663},"jetpack_likes_enabled":true,"jetpack_sharing_enabled":true,"jetpack_shortlink":"https:\/\/wp.me\/pg7Wxj-hE2","jetpack-related-posts":[],"_links":{"self":[{"href":"https:\/\/www.o-p-i.fr\/parlonsen\/wp-json\/wp\/v2\/posts\/67830","targetHints":{"allow":["GET"]}}],"collection":[{"href":"https:\/\/www.o-p-i.fr\/parlonsen\/wp-json\/wp\/v2\/posts"}],"about":[{"href":"https:\/\/www.o-p-i.fr\/parlonsen\/wp-json\/wp\/v2\/types\/post"}],"author":[{"embeddable":true,"href":"https:\/\/www.o-p-i.fr\/parlonsen\/wp-json\/wp\/v2\/users\/9"}],"replies":[{"embeddable":true,"href":"https:\/\/www.o-p-i.fr\/parlonsen\/wp-json\/wp\/v2\/comments?post=67830"}],"version-history":[{"count":2,"href":"https:\/\/www.o-p-i.fr\/parlonsen\/wp-json\/wp\/v2\/posts\/67830\/revisions"}],"predecessor-version":[{"id":67833,"href":"https:\/\/www.o-p-i.fr\/parlonsen\/wp-json\/wp\/v2\/posts\/67830\/revisions\/67833"}],"wp:featuredmedia":[{"embeddable":true,"href":"https:\/\/www.o-p-i.fr\/parlonsen\/wp-json\/wp\/v2\/media\/67832"}],"wp:attachment":[{"href":"https:\/\/www.o-p-i.fr\/parlonsen\/wp-json\/wp\/v2\/media?parent=67830"}],"wp:term":[{"taxonomy":"category","embeddable":true,"href":"https:\/\/www.o-p-i.fr\/parlonsen\/wp-json\/wp\/v2\/categories?post=67830"},{"taxonomy":"post_tag","embeddable":true,"href":"https:\/\/www.o-p-i.fr\/parlonsen\/wp-json\/wp\/v2\/tags?post=67830"}],"curies":[{"name":"wp","href":"https:\/\/api.w.org\/{rel}","templated":true}]}}