{"id":67874,"date":"2025-12-10T18:54:46","date_gmt":"2025-12-10T17:54:46","guid":{"rendered":"https:\/\/www.o-p-i.fr\/parlonsen\/?p=67874"},"modified":"2025-12-10T18:54:46","modified_gmt":"2025-12-10T17:54:46","slug":"lamichemin-bal-trad-saint-balentin-opus-2-a-montgaillard-81","status":"publish","type":"post","link":"https:\/\/www.o-p-i.fr\/parlonsen\/localisation\/au-pays-des-tescous\/montgaillard\/lamichemin-bal-trad-saint-balentin-opus-2-a-montgaillard-81\/","title":{"rendered":"LaMICHEmin &#8211; Bal Trad &#8211; Saint BAL\u2019entin \u2013 Opus 2&#8230;\u00e0 Montgaillard (81)"},"content":{"rendered":"<p><strong>Samedi 14 f\u00e9vrier 2026,<\/strong> \u00e0 partir de 18h00.<\/p>\n<p><!--more--><\/p>\n<p>&nbsp;<\/p>\n<div class=\"tribe-events-single-event-description tribe-events-content\">\n<p data-wp-editing=\"1\"><img data-recalc-dims=\"1\" loading=\"lazy\" decoding=\"async\" class=\"alignnone size-medium\" src=\"https:\/\/i0.wp.com\/www.lamichemin.fr\/wp-content\/uploads\/2025\/11\/baltrad-1-1024x576.jpg?resize=1024%2C576&#038;ssl=1\" alt=\"Bal'Trad de la Saint Bal'Entin - Samedi 14 f\u00e9vrier\" width=\"1024\" height=\"576\" \/>Pour le Saint BAL\u2019entin vient danser seul\u00b7e ou accompagn\u00e9\u00b7e sur le PARQUET de la salle des f\u00eates de Montgaillard (81) le samedi 14 f\u00e9vrier 2026, dans ta plus belle tenue color\u00e9e !<\/p>\n<p>Au programme pour s\u2019amuser, se r\u00e9galer et s\u2019emballer :<\/p>\n<p><strong>\u2013 18h00 :<\/strong> une initiation pour te mettre \u00e0 l\u2019aise<\/p>\n<p><strong>\u2013 19h00 :<\/strong> un bon repas bio et\/ou local confectionn\u00e9 par nos soins, pour te r\u00e9compenser des premiers efforts<\/p>\n<p><strong>\u2013 20h30 :<\/strong> le bal d\u00e9bute de toute beaut\u00e9 avec <a href=\"https:\/\/nokkenoc.wixsite.com\/nokkenoc\" target=\"_blank\" rel=\"noopener\"><strong>N\u00f8kkenok<\/strong><\/a> et ses sublimes acoustiques teint\u00e9es de rock-m\u00e9tal.<br \/>\n<em>Traditions gasconnes et scandinaves se m\u00ealent aux sons de la nyckelharpa, de la guitare et du cistre, dans une \u00e9nergie acoustique touch\u00e9e de rock-m\u00e9tal.<\/em><br class=\"wixui-rich-text__text\" \/><em>N\u00f8kkenoc fait ainsi fr\u00e9tiller les pieds gr\u00e2ce \u00e0 cette musique cadenc\u00e9e au frais parfum de Su\u00e8de et \u00e0 la chaleur du terroir occitan<\/em><\/p>\n<p><strong>\u2013 22h45 :<\/strong> et parce qu\u2019on aime danser, on continue avec<strong> Tromboscopic<\/strong> pour nous embarquer dans un voyage dans\u00e9 sur des airs electro-groovy sur base de trombone\u2026<br \/>\n<em><strong>Tromboscopic <\/strong>C\u2019est un Loop Live Project Solo. Un quoi ?\u00a0De la musique live o\u00f9 tout est enregistr\u00e9 \/ boucl\u00e9 \/ loop\u00e9 sur sc\u00e8ne avec 10 doigts, une bouche et 2 pieds <img decoding=\"async\" class=\"emoji\" role=\"img\" draggable=\"false\" src=\"https:\/\/s.w.org\/images\/core\/emoji\/17.0.2\/svg\/1f609.svg\" alt=\"\ud83d\ude09\" \/> .\u00a0 Un Trombone, du Beatbox, des machines, pour un \u00c9lectro bal Trombone groovy construit pour vos oreilles et pour la danse.<\/em><\/p>\n<p>Parce qu\u2019on pense \u00e0 tout le monde, on a pr\u00e9vu un coin enfants !<\/p>\n<p>Pense \u00e0 r\u00e9server ton repas avant le 12\/02 par sms au\u00a0 06 30 18 30 57 et \u00e0 apporter tes couverts et assiette ou bol.<\/p>\n<p class=\"text-build-content\"><strong>L\u2019APPEL \u00e0 G\u00e2teaux !<br \/>\n<\/strong>MERCI \u00e0 VOUS de nous aider \u00e0 organiser ce bel \u00e9v\u00e8nement en pr\u00e9parant un g\u00e2teau ou un dessert \u00e0 vendre !<br \/>\n<a class=\"link-build-content\" href=\"https:\/\/docs.google.com\/spreadsheets\/d\/1v3ClW0yJbT172q4nPwWvl8UC_wtlQsGo3UIIvHWbWi0\/edit?usp=sharing\" target=\"_blank\" rel=\"noopener\">Clique ici si tu veux participer !<\/a><\/p>\n<p>INFOS PRATIQUES<br \/>\n<img decoding=\"async\" class=\"emoji\" role=\"img\" draggable=\"false\" src=\"https:\/\/s.w.org\/images\/core\/emoji\/17.0.2\/svg\/1f596-1f3fc.svg\" alt=\"\ud83d\udd96\ud83c\udffc\" \/> Ouvert \u00e0 tous\u00b7tes<br \/>\n<img decoding=\"async\" class=\"emoji\" role=\"img\" draggable=\"false\" src=\"https:\/\/s.w.org\/images\/core\/emoji\/17.0.2\/svg\/1f50e.svg\" alt=\"\ud83d\udd0e\" \/> Salle des f\u00eates de Montgaillard (81)<br \/>\n<img decoding=\"async\" class=\"emoji\" role=\"img\" draggable=\"false\" src=\"https:\/\/s.w.org\/images\/core\/emoji\/17.0.2\/svg\/1f4b6.svg\" alt=\"\ud83d\udcb6\" \/> Entr\u00e9e : 10\/12\/14 \u20ac (solidaire\/\u00e9quilibre\/soutien)<br \/>\n<img decoding=\"async\" class=\"emoji\" role=\"img\" draggable=\"false\" src=\"https:\/\/s.w.org\/images\/core\/emoji\/17.0.2\/svg\/1f4b6.svg\" alt=\"\ud83d\udcb6\" \/> Repas &gt; En cous d\u2019\u00e9laboration !<br \/>\n<img decoding=\"async\" class=\"emoji\" role=\"img\" draggable=\"false\" src=\"https:\/\/s.w.org\/images\/core\/emoji\/17.0.2\/svg\/260e.svg\" alt=\"\u260e\" \/> Elsa : 06 30 18 30 57 (par SMS)<br \/>\n<img decoding=\"async\" class=\"emoji\" role=\"img\" draggable=\"false\" src=\"https:\/\/s.w.org\/images\/core\/emoji\/17.0.2\/svg\/270f.svg\" alt=\"\u270f\ufe0f\" \/> Repas sur inscription<\/p>\n<\/div>\n<p>&nbsp;<\/p>\n<p>&nbsp;<\/p>\n<p><em>Information communiqu\u00e9e par \u00ab\u00a0La Michemin\u00a0\u00bb<\/em><\/p>\n<p><a href=\"mailto:&quot;https:\/\/www.o-p-i.fr\/aupays\/au-pays\/agenda\/&quot;\">Retrouvez tous les \u00e9v\u00e9nements dans l&rsquo;agenda !<\/a><\/p>\n<p>&nbsp;<\/p>\n","protected":false},"excerpt":{"rendered":"<div class=\"mh-excerpt\">Pour le Saint BAL\u2019entin vient danser seul\u00b7e ou accompagn\u00e9\u00b7e sur le PARQUET dans ta plus belle tenue color\u00e9e !<\/div>\n<p> <a class=\"mh-excerpt-more\" href=\"https:\/\/www.o-p-i.fr\/parlonsen\/localisation\/au-pays-des-tescous\/montgaillard\/lamichemin-bal-trad-saint-balentin-opus-2-a-montgaillard-81\/\" title=\"LaMICHEmin &#8211; Bal Trad &#8211; Saint BAL\u2019entin \u2013 Opus 2&#8230;\u00e0 Montgaillard (81)\">[&#8230;]<\/a><\/p>\n","protected":false},"author":9,"featured_media":56539,"comment_status":"open","ping_status":"open","sticky":false,"template":"","format":"standard","meta":{"om_disable_all_campaigns":false,"advanced_seo_description":"","jetpack_seo_html_title":"","jetpack_seo_noindex":false,"_jetpack_memberships_contains_paid_content":false,"footnotes":"","_links_to":"","_links_to_target":""},"categories":[6528,52,54,31],"tags":[157,4275,5164,6453,6529,6530],"class_list":{"0":"post-67874","1":"post","2":"type-post","3":"status-publish","4":"format-standard","5":"has-post-thumbnail","7":"category-n-239-fevrier-2026","8":"category-parlons-en","9":"category-loisirs","10":"category-montgaillard","11":"tag-repas","12":"tag-bal-trad","13":"tag-lamichemin","14":"tag-a-venir","15":"tag-nokkenoc","16":"tag-tromboscopic"},"jetpack_featured_media_url":"https:\/\/i0.wp.com\/www.o-p-i.fr\/parlonsen\/wp-content\/uploads\/laMICHEmin.jpg?fit=198%2C120&ssl=1","views":{"total":28,"cached_at":"","cached_date":1738446698},"jetpack_likes_enabled":true,"jetpack_sharing_enabled":true,"jetpack_shortlink":"https:\/\/wp.me\/pg7Wxj-hEK","jetpack-related-posts":[],"_links":{"self":[{"href":"https:\/\/www.o-p-i.fr\/parlonsen\/wp-json\/wp\/v2\/posts\/67874","targetHints":{"allow":["GET"]}}],"collection":[{"href":"https:\/\/www.o-p-i.fr\/parlonsen\/wp-json\/wp\/v2\/posts"}],"about":[{"href":"https:\/\/www.o-p-i.fr\/parlonsen\/wp-json\/wp\/v2\/types\/post"}],"author":[{"embeddable":true,"href":"https:\/\/www.o-p-i.fr\/parlonsen\/wp-json\/wp\/v2\/users\/9"}],"replies":[{"embeddable":true,"href":"https:\/\/www.o-p-i.fr\/parlonsen\/wp-json\/wp\/v2\/comments?post=67874"}],"version-history":[{"count":2,"href":"https:\/\/www.o-p-i.fr\/parlonsen\/wp-json\/wp\/v2\/posts\/67874\/revisions"}],"predecessor-version":[{"id":67876,"href":"https:\/\/www.o-p-i.fr\/parlonsen\/wp-json\/wp\/v2\/posts\/67874\/revisions\/67876"}],"wp:featuredmedia":[{"embeddable":true,"href":"https:\/\/www.o-p-i.fr\/parlonsen\/wp-json\/wp\/v2\/media\/56539"}],"wp:attachment":[{"href":"https:\/\/www.o-p-i.fr\/parlonsen\/wp-json\/wp\/v2\/media?parent=67874"}],"wp:term":[{"taxonomy":"category","embeddable":true,"href":"https:\/\/www.o-p-i.fr\/parlonsen\/wp-json\/wp\/v2\/categories?post=67874"},{"taxonomy":"post_tag","embeddable":true,"href":"https:\/\/www.o-p-i.fr\/parlonsen\/wp-json\/wp\/v2\/tags?post=67874"}],"curies":[{"name":"wp","href":"https:\/\/api.w.org\/{rel}","templated":true}]}}