{"id":67884,"date":"2025-12-10T19:25:47","date_gmt":"2025-12-10T18:25:47","guid":{"rendered":"https:\/\/www.o-p-i.fr\/parlonsen\/?p=67884"},"modified":"2025-12-10T19:29:34","modified_gmt":"2025-12-10T18:29:34","slug":"compagnie-loiseau-lyre-seul-en-scene-une-girafe-au-champ-de-mars-gaillac-81","status":"publish","type":"post","link":"https:\/\/www.o-p-i.fr\/parlonsen\/parlons-en\/loisirs\/compagnie-loiseau-lyre-seul-en-scene-une-girafe-au-champ-de-mars-gaillac-81\/","title":{"rendered":"Compagnie l\u2019Oiseau Lyre &#8211; Seul en sc\u00e8ne &#8211; Une Girafe au Champ-de-Mars &#8230; Gaillac (81)"},"content":{"rendered":"<p><strong>Dimanche 14 d\u00e9cembre 2025 \u00e0 17h00<\/strong><!--more--><\/p>\n<div><span style=\"font-family: verdana, sans-serif;\"><span class=\"gmail_default\"><i><img data-recalc-dims=\"1\" loading=\"lazy\" decoding=\"async\" class=\" wp-image-67885 alignright\" src=\"https:\/\/i0.wp.com\/www.o-p-i.fr\/parlonsen\/wp-content\/uploads\/2025-compagnie-oiseau-lyre-spectacle-chantons-sous-la-pluie.jpg?resize=298%2C422&#038;ssl=1\" alt=\"\" width=\"298\" height=\"422\" srcset=\"https:\/\/i0.wp.com\/www.o-p-i.fr\/parlonsen\/wp-content\/uploads\/2025-compagnie-oiseau-lyre-spectacle-chantons-sous-la-pluie-scaled.jpg?resize=212%2C300&amp;ssl=1 212w, https:\/\/i0.wp.com\/www.o-p-i.fr\/parlonsen\/wp-content\/uploads\/2025-compagnie-oiseau-lyre-spectacle-chantons-sous-la-pluie-scaled.jpg?resize=724%2C1024&amp;ssl=1 724w, https:\/\/i0.wp.com\/www.o-p-i.fr\/parlonsen\/wp-content\/uploads\/2025-compagnie-oiseau-lyre-spectacle-chantons-sous-la-pluie-scaled.jpg?resize=768%2C1086&amp;ssl=1 768w, https:\/\/i0.wp.com\/www.o-p-i.fr\/parlonsen\/wp-content\/uploads\/2025-compagnie-oiseau-lyre-spectacle-chantons-sous-la-pluie-scaled.jpg?resize=1086%2C1536&amp;ssl=1 1086w, https:\/\/i0.wp.com\/www.o-p-i.fr\/parlonsen\/wp-content\/uploads\/2025-compagnie-oiseau-lyre-spectacle-chantons-sous-la-pluie-scaled.jpg?resize=1448%2C2048&amp;ssl=1 1448w, https:\/\/i0.wp.com\/www.o-p-i.fr\/parlonsen\/wp-content\/uploads\/2025-compagnie-oiseau-lyre-spectacle-chantons-sous-la-pluie-scaled.jpg?w=1810&amp;ssl=1 1810w\" sizes=\"auto, (max-width: 298px) 100vw, 298px\" \/>Le r\u00eave de F\u00e9lix, mendigot des temps modernes, nous transporte \u00e0 l&rsquo;Exposition Universelle de 1889 \u00e0 Paris, o\u00f9 la foule se concentre sur un nouvel \u00e9difice qui fait couler beaucoup d&rsquo;encre et de salive..<\/i>.<\/span><\/span><\/div>\n<div><span style=\"font-family: verdana, sans-serif;\"><span class=\"gmail_default\">\u00a0<\/span><\/span><\/div>\n<div><span style=\"font-family: verdana, sans-serif;\"><span class=\"gmail_default\">Un seul en sc\u00e8ne th\u00e9\u00e2tral virevoltant, dans lequel d\u00e9file une galerie de personnages hauts en couleur. Chansons originales et notes de guitare \u00e9maillent la pi\u00e8ce.\u00a0<i>Mise en sc\u00e8ne \/ Virginie Mouchel<\/i>.<\/span><\/span><\/div>\n<div><\/div>\n<div><span class=\"gmail_default\">Deux dates possibles pour d\u00e9couvrir ce travail de longue haleine, \u00e9dit\u00e9 par le Domaine Articole.<\/span><\/div>\n<div><span class=\"gmail_default\">\u00a0<\/span><\/div>\n<div><span class=\"gmail_default\">Nous esp\u00e9rons que votre curiosit\u00e9 vous conduira \u00e0 <b><i>suivre<\/i> <i>la Girafe<\/i> <i>!<\/i><\/b><\/span><\/div>\n<div><\/div>\n<div>\n<div>\n<p><span style=\"font-family: verdana, sans-serif;\">dim. 7 <span class=\"gmail_default\">&amp; dim. 14\u00a0<\/span>\/ 17h00 <b>Fr\u00e9d\u00e9ric BLANCHARD<\/b>\u00a0<span class=\"gmail_default\">Une girafe au Champ-de-Mars<\/span><\/span><\/p>\n<p><span style=\"font-family: verdana, sans-serif;\">Gaillac (81)\u00a0<\/span>Salon Articole 05 63 81 78 33<\/p>\n<p><span style=\"font-family: verdana, sans-serif;\"><i><span class=\"gmail_default\">Spectacle suivi d&rsquo;une auberge espagnole au coin du feu<\/span><\/i><\/span><\/p>\n<p><span style=\"font-family: verdana, sans-serif;\"><b>Pensez \u00e0 <span class=\"gmail_default\">r\u00e9server au plus t\u00f4t<\/span><\/b><\/span><\/p>\n<p><span style=\"font-family: verdana, sans-serif;\"><b><span class=\"gmail_default\">Votre entr\u00e9e<\/span><span class=\"gmail_default\">\u00a0\u00e0 <i>l&rsquo;Expo<\/i>\u00a0<\/span>!<\/b><\/span><\/p>\n<\/div>\n<div>\n<p><span style=\"font-family: verdana, sans-serif;\">A bient\u00f4t au bord des petites sc\u00e8nes qui nous ressemblent et nous assemblent<\/span><\/p>\n<\/div>\n<div><span style=\"font-family: verdana, sans-serif;\">Amiti\u00e9 de\u00a0L&rsquo;OISEAU<\/span><\/div>\n<div><span style=\"font-family: verdana, sans-serif;\">\u00a0<\/span><\/div>\n<div><span style=\"font-family: verdana, sans-serif;\"><a href=\"https:\/\/loiseaulyrecompagnie.wixsite.com\/chantonssouslestoits\" target=\"_blank\" rel=\"noopener\">Le site de Chantons sous les toits !<\/a><br \/>\n<\/span><\/div>\n<div>\n<div><span style=\"font-family: verdana, sans-serif;\"><a href=\"https:\/\/www.instagram.com\/chantonssouslestoits\/\" target=\"_blank\" rel=\"noopener\">Instagram<\/a><br \/>\n<\/span><\/div>\n<div><a href=\"https:\/\/www.facebook.com\/share\/1FY6Ux4Q3r\/?mibextid=wwXIfr\" target=\"_blank\" rel=\"noopener\"><span style=\"font-family: verdana, sans-serif;\">Facebook<\/span><\/a><\/div>\n<\/div>\n<\/div>\n","protected":false},"excerpt":{"rendered":"<div class=\"mh-excerpt\">Le r\u00eave de F\u00e9lix, mendigot des temps modernes, nous transporte \u00e0 l&rsquo;Exposition Universelle de 1889 \u00e0 Paris, o\u00f9 la foule se concentre sur un nouvel \u00e9difice qui fait couler beaucoup d&rsquo;encre et de salive&#8230;<\/div>\n<p> <a class=\"mh-excerpt-more\" href=\"https:\/\/www.o-p-i.fr\/parlonsen\/parlons-en\/loisirs\/compagnie-loiseau-lyre-seul-en-scene-une-girafe-au-champ-de-mars-gaillac-81\/\" title=\"Compagnie l\u2019Oiseau Lyre &#8211; Seul en sc\u00e8ne &#8211; Une Girafe au Champ-de-Mars &#8230; Gaillac (81)\">[&#8230;]<\/a><\/p>\n","protected":false},"author":9,"featured_media":67885,"comment_status":"open","ping_status":"open","sticky":false,"template":"","format":"standard","meta":{"om_disable_all_campaigns":false,"advanced_seo_description":"","jetpack_seo_html_title":"","jetpack_seo_noindex":false,"_jetpack_memberships_contains_paid_content":false,"footnotes":"","_links_to":"","_links_to_target":""},"categories":[54,6419,6413],"tags":[6531,6532,57,416,6527],"class_list":{"0":"post-67884","1":"post","2":"type-post","3":"status-publish","4":"format-standard","5":"has-post-thumbnail","7":"category-loisirs","8":"category-gaillac","9":"category-n-237-decembre-2025","10":"tag-compagnie-loiseau-lyre","11":"tag-seul-en-scene","12":"tag-theatre","13":"tag-chanson","14":"tag-s5025"},"jetpack_featured_media_url":"https:\/\/i0.wp.com\/www.o-p-i.fr\/parlonsen\/wp-content\/uploads\/2025-compagnie-oiseau-lyre-spectacle-chantons-sous-la-pluie-scaled.jpg?fit=1810%2C2560&ssl=1","views":"","jetpack_likes_enabled":true,"jetpack_sharing_enabled":true,"jetpack_shortlink":"https:\/\/wp.me\/pg7Wxj-hEU","jetpack-related-posts":[],"_links":{"self":[{"href":"https:\/\/www.o-p-i.fr\/parlonsen\/wp-json\/wp\/v2\/posts\/67884","targetHints":{"allow":["GET"]}}],"collection":[{"href":"https:\/\/www.o-p-i.fr\/parlonsen\/wp-json\/wp\/v2\/posts"}],"about":[{"href":"https:\/\/www.o-p-i.fr\/parlonsen\/wp-json\/wp\/v2\/types\/post"}],"author":[{"embeddable":true,"href":"https:\/\/www.o-p-i.fr\/parlonsen\/wp-json\/wp\/v2\/users\/9"}],"replies":[{"embeddable":true,"href":"https:\/\/www.o-p-i.fr\/parlonsen\/wp-json\/wp\/v2\/comments?post=67884"}],"version-history":[{"count":3,"href":"https:\/\/www.o-p-i.fr\/parlonsen\/wp-json\/wp\/v2\/posts\/67884\/revisions"}],"predecessor-version":[{"id":67888,"href":"https:\/\/www.o-p-i.fr\/parlonsen\/wp-json\/wp\/v2\/posts\/67884\/revisions\/67888"}],"wp:featuredmedia":[{"embeddable":true,"href":"https:\/\/www.o-p-i.fr\/parlonsen\/wp-json\/wp\/v2\/media\/67885"}],"wp:attachment":[{"href":"https:\/\/www.o-p-i.fr\/parlonsen\/wp-json\/wp\/v2\/media?parent=67884"}],"wp:term":[{"taxonomy":"category","embeddable":true,"href":"https:\/\/www.o-p-i.fr\/parlonsen\/wp-json\/wp\/v2\/categories?post=67884"},{"taxonomy":"post_tag","embeddable":true,"href":"https:\/\/www.o-p-i.fr\/parlonsen\/wp-json\/wp\/v2\/tags?post=67884"}],"curies":[{"name":"wp","href":"https:\/\/api.w.org\/{rel}","templated":true}]}}