{"id":67889,"date":"2025-12-10T19:40:44","date_gmt":"2025-12-10T18:40:44","guid":{"rendered":"https:\/\/www.o-p-i.fr\/parlonsen\/?p=67889"},"modified":"2025-12-11T09:54:30","modified_gmt":"2025-12-11T08:54:30","slug":"le-galetas-concert-bleu-nage-a-salvagnac-81","status":"publish","type":"post","link":"https:\/\/www.o-p-i.fr\/parlonsen\/parlons-en\/culture\/le-galetas-concert-bleu-nage-a-salvagnac-81\/","title":{"rendered":"Le Galetas &#8211; Concert BLEU NAGE &#8230; \u00e0 Salvagnac (81)"},"content":{"rendered":"<p><strong>Samedi 13 d\u00e9cembre 2025 \u00e0 21h00<\/strong><!--more--><\/p>\n<p><img data-recalc-dims=\"1\" loading=\"lazy\" decoding=\"async\" class=\" alignright\" src=\"https:\/\/i0.wp.com\/www.le-galetas-salvagnac.com\/img\/portfolio\/masonry\/prog_bleunage.jpg?resize=399%2C293&#038;ssl=1\" alt=\"Trio Bleu Nage\" width=\"399\" height=\"293\" \/>Tarifs concert : 10\u20ac (gratuit pour les -12 ans)<\/p>\n<p><strong>Pop Alternative<\/strong><br \/>\nCe trio de pop m\u00eale guitares \u00e9lectriques et synth\u00e9s pour explorer des ambiances cin\u00e9matographiques, \u00e0 la recherche d\u2019une lumi\u00e8re enfouie au c\u0153ur de l\u2019intime.<br \/>\nDes textes po\u00e9tiques, les vibrations d&rsquo;une guitare \u00e9lectrique, des rythmiques synth\u00e9tiques. Des ambiances de routes, en qu\u00eate de grands espaces. Nouveau single: Le cri des chiens. <a href=\"https:\/\/ffm.to\/lecrideschiens\" rel=\"nofollow\">https:\/\/ffm.to\/lecrideschiens<\/a><\/p>\n<table width=\"100%\">\n<tbody>\n<tr>\n<td><strong>Adresse de l&rsquo;\u00e9v\u00e8nement<\/strong><\/td>\n<\/tr>\n<tr>\n<td>l&rsquo;\u00c9CRIN<br \/>\nPlace de l&rsquo;ancien presbyt\u00e8re<br \/>\nSalvagnac<\/td>\n<\/tr>\n<\/tbody>\n<\/table>\n<p><strong>Contact : <\/strong>Le Galetas<br \/>\nAncien presbyt\u00e8re<br \/>\nPlace de l\u2019\u00c9glise<br \/>\n81630 Salvagnac<br \/>\nT\u00e9l. :\u00a0 06 78 30 92 81<br \/>\nCourriel : <a href=\"mailto:galetas.salvagnac@gmail.com\">galetas.salvagnac@gmail.com<\/a><\/p>\n<p><em>Communiqu\u00e9 par l\u2019\u00e9quipe du Galetas<\/em><\/p>\n","protected":false},"excerpt":{"rendered":"<div class=\"mh-excerpt\">Pop Alternative &#8211; Ce trio de pop m\u00eale guitares \u00e9lectriques et synth\u00e9s pour explorer des ambiances cin\u00e9matographiques<\/div>\n<p> <a class=\"mh-excerpt-more\" href=\"https:\/\/www.o-p-i.fr\/parlonsen\/parlons-en\/culture\/le-galetas-concert-bleu-nage-a-salvagnac-81\/\" title=\"Le Galetas &#8211; Concert BLEU NAGE &#8230; \u00e0 Salvagnac (81)\">[&#8230;]<\/a><\/p>\n","protected":false},"author":9,"featured_media":67583,"comment_status":"open","ping_status":"open","sticky":false,"template":"","format":"standard","meta":{"om_disable_all_campaigns":false,"advanced_seo_description":"","jetpack_seo_html_title":"","jetpack_seo_noindex":false,"_jetpack_memberships_contains_paid_content":false,"footnotes":"","_links_to":"","_links_to_target":""},"categories":[1,54,25,6413],"tags":[43,2548,1319,4427,6527],"class_list":{"0":"post-67889","1":"post","2":"type-post","3":"status-publish","4":"format-standard","5":"has-post-thumbnail","7":"category-culture","8":"category-loisirs","9":"category-salvagnac","10":"category-n-237-decembre-2025","11":"tag-concert","12":"tag-salvagnac","13":"tag-le-galetas","14":"tag-lecrin","15":"tag-s5025"},"jetpack_featured_media_url":"https:\/\/i0.wp.com\/www.o-p-i.fr\/parlonsen\/wp-content\/uploads\/logo-galetas.jpg?fit=851%2C127&ssl=1","views":{"total":0,"cached_at":"","cached_date":1738468757},"jetpack_likes_enabled":true,"jetpack_sharing_enabled":true,"jetpack_shortlink":"https:\/\/wp.me\/pg7Wxj-hEZ","jetpack-related-posts":[],"_links":{"self":[{"href":"https:\/\/www.o-p-i.fr\/parlonsen\/wp-json\/wp\/v2\/posts\/67889","targetHints":{"allow":["GET"]}}],"collection":[{"href":"https:\/\/www.o-p-i.fr\/parlonsen\/wp-json\/wp\/v2\/posts"}],"about":[{"href":"https:\/\/www.o-p-i.fr\/parlonsen\/wp-json\/wp\/v2\/types\/post"}],"author":[{"embeddable":true,"href":"https:\/\/www.o-p-i.fr\/parlonsen\/wp-json\/wp\/v2\/users\/9"}],"replies":[{"embeddable":true,"href":"https:\/\/www.o-p-i.fr\/parlonsen\/wp-json\/wp\/v2\/comments?post=67889"}],"version-history":[{"count":5,"href":"https:\/\/www.o-p-i.fr\/parlonsen\/wp-json\/wp\/v2\/posts\/67889\/revisions"}],"predecessor-version":[{"id":67906,"href":"https:\/\/www.o-p-i.fr\/parlonsen\/wp-json\/wp\/v2\/posts\/67889\/revisions\/67906"}],"wp:featuredmedia":[{"embeddable":true,"href":"https:\/\/www.o-p-i.fr\/parlonsen\/wp-json\/wp\/v2\/media\/67583"}],"wp:attachment":[{"href":"https:\/\/www.o-p-i.fr\/parlonsen\/wp-json\/wp\/v2\/media?parent=67889"}],"wp:term":[{"taxonomy":"category","embeddable":true,"href":"https:\/\/www.o-p-i.fr\/parlonsen\/wp-json\/wp\/v2\/categories?post=67889"},{"taxonomy":"post_tag","embeddable":true,"href":"https:\/\/www.o-p-i.fr\/parlonsen\/wp-json\/wp\/v2\/tags?post=67889"}],"curies":[{"name":"wp","href":"https:\/\/api.w.org\/{rel}","templated":true}]}}