{"id":67901,"date":"2025-12-11T09:48:48","date_gmt":"2025-12-11T08:48:48","guid":{"rendered":"https:\/\/www.o-p-i.fr\/parlonsen\/?p=67901"},"modified":"2025-12-11T09:48:48","modified_gmt":"2025-12-11T08:48:48","slug":"lumen-and-co-a-lecrin-cinema-de-noel-mon-voisin-totoro-a-salvagnac-81","status":"publish","type":"post","link":"https:\/\/www.o-p-i.fr\/parlonsen\/localisation\/au-pays-des-tescous\/salvagnac\/lumen-and-co-a-lecrin-cinema-de-noel-mon-voisin-totoro-a-salvagnac-81\/","title":{"rendered":"Lumen and Co \/ \u00e0 l&rsquo;Ecrin &#8211; Cin\u00e9ma de No\u00ebl &#8211; Mon Voisin Totoro &#8230; \u00e0 Salvagnac (81)"},"content":{"rendered":"<p><strong>Dimanche 14 d\u00e9cembre \u00e0 16h00<\/strong><!--more--><\/p>\n<p><img data-recalc-dims=\"1\" loading=\"lazy\" decoding=\"async\" class=\" wp-image-67904 alignright\" src=\"https:\/\/i0.wp.com\/www.o-p-i.fr\/parlonsen\/wp-content\/uploads\/2025-lumen-co-ecrin-cinema-mon-voisin-toroto.jpg?resize=333%2C333&#038;ssl=1\" alt=\"\" width=\"333\" height=\"333\" srcset=\"https:\/\/i0.wp.com\/www.o-p-i.fr\/parlonsen\/wp-content\/uploads\/2025-lumen-co-ecrin-cinema-mon-voisin-toroto.jpg?resize=300%2C300&amp;ssl=1 300w, https:\/\/i0.wp.com\/www.o-p-i.fr\/parlonsen\/wp-content\/uploads\/2025-lumen-co-ecrin-cinema-mon-voisin-toroto.jpg?resize=1024%2C1024&amp;ssl=1 1024w, https:\/\/i0.wp.com\/www.o-p-i.fr\/parlonsen\/wp-content\/uploads\/2025-lumen-co-ecrin-cinema-mon-voisin-toroto.jpg?resize=50%2C50&amp;ssl=1 50w, https:\/\/i0.wp.com\/www.o-p-i.fr\/parlonsen\/wp-content\/uploads\/2025-lumen-co-ecrin-cinema-mon-voisin-toroto.jpg?resize=768%2C768&amp;ssl=1 768w, https:\/\/i0.wp.com\/www.o-p-i.fr\/parlonsen\/wp-content\/uploads\/2025-lumen-co-ecrin-cinema-mon-voisin-toroto.jpg?resize=375%2C375&amp;ssl=1 375w, https:\/\/i0.wp.com\/www.o-p-i.fr\/parlonsen\/wp-content\/uploads\/2025-lumen-co-ecrin-cinema-mon-voisin-toroto.jpg?w=1200&amp;ssl=1 1200w\" sizes=\"auto, (max-width: 333px) 100vw, 333px\" \/>Projection du film dans la salle de l&rsquo;Ecrin \u00e0 Salvagnac.<\/p>\n<p><em>\u00ab\u00a0Un film adapt\u00e9 pour les enfants d\u00e8s 4 ans, m\u00eame s\u2019il faudra penser les accompagner, certaines sc\u00e8nes peuvent surprendre, mais elles ne sont jamais stressantes. Tranquillit\u00e9, contemplation, et surtout du merveilleux. Un film pour toute la famille, vraiment \u00e0 conseiller.\u00a0\u00bb (filmspourenfants.net)<\/em><\/p>\n<table width=\"100%\">\n<tbody>\n<tr>\n<td>\n<table width=\"100%\">\n<tbody>\n<tr>\n<td><\/td>\n<\/tr>\n<\/tbody>\n<\/table>\n<\/td>\n<\/tr>\n<\/tbody>\n<\/table>\n<table width=\"100%\">\n<tbody>\n<tr>\n<td>\n<table width=\"100%\">\n<tbody>\n<tr>\n<td><\/td>\n<\/tr>\n<\/tbody>\n<\/table>\n<\/td>\n<\/tr>\n<\/tbody>\n<\/table>\n<table width=\"100%\">\n<tbody>\n<tr>\n<td>\n<table width=\"100%\">\n<tbody>\n<tr>\n<td>\u00a0<strong>AG 2026 en Janvier !<\/strong><\/p>\n<p>Invitation Assembl\u00e9e G\u00e9n\u00e9rale<\/p>\n<p>\u00e0 noter dans vos agendas, Lumen&amp;Co vous convie \u00e0 son assembl\u00e9e G\u00e9n\u00e9rale 2026<br \/>\nle samedi 17 janvier \u00e0 La Maison -15h<br \/>\n(lieu dit La Pigeonni\u00e8re)<\/p>\n<p><u>\u00c0 l&rsquo;ordre du jour:<\/u><br \/>\n&#8211; bilan d&rsquo;activit\u00e9 et financier<br \/>\n&#8211; Projet associatif &#8211;<br \/>\n&#8211; en\u00a02026&#8230;<br \/>\n&#8211; \u00e9lection du bureau et conseil d&rsquo;administration<\/p>\n<p>S&rsquo;ensuivra un partage de verre et cacahu\u00e8tes pour poursuivre les \u00e9changes.<\/td>\n<\/tr>\n<\/tbody>\n<\/table>\n<\/td>\n<\/tr>\n<\/tbody>\n<\/table>\n<table width=\"100%\">\n<tbody>\n<tr>\n<td>\n<table width=\"100%\">\n<tbody>\n<tr>\n<td><\/td>\n<\/tr>\n<\/tbody>\n<\/table>\n<\/td>\n<\/tr>\n<\/tbody>\n<\/table>\n<table width=\"100%\">\n<tbody>\n<tr>\n<td>\n<table width=\"100%\">\n<tbody>\n<tr>\n<td>&#8230;et vous pouvez toujours nous contacter via notre site internet :<br \/>\n<a href=\"https:\/\/facebook.us13.list-manage.com\/track\/click?u=62bb608acf9e16bf0a6da75a8&amp;id=ad4a28296c&amp;e=46ef606e30\">www.lumen-co.fr<\/a><\/td>\n<\/tr>\n<\/tbody>\n<\/table>\n<\/td>\n<\/tr>\n<\/tbody>\n<\/table>\n<p><em>Information communiqu\u00e9e par Lumen &amp; Co<\/em><\/p>\n<p><a href=\"https:\/\/www.o-p-i.fr\/aupays\/au-pays\/agenda\/\">Retrouvez tous les \u00e9v\u00e9nements dans l&rsquo;agenda !<\/a><\/p>\n","protected":false},"excerpt":{"rendered":"<div class=\"mh-excerpt\">Lumen&#038;Co projette un magnifique film pour enfants ce dimanche \u00e0 l&rsquo;Ecrin.<\/div>\n<p> <a class=\"mh-excerpt-more\" href=\"https:\/\/www.o-p-i.fr\/parlonsen\/localisation\/au-pays-des-tescous\/salvagnac\/lumen-and-co-a-lecrin-cinema-de-noel-mon-voisin-totoro-a-salvagnac-81\/\" title=\"Lumen and Co \/ \u00e0 l&rsquo;Ecrin &#8211; Cin\u00e9ma de No\u00ebl &#8211; Mon Voisin Totoro &#8230; \u00e0 Salvagnac (81)\">[&#8230;]<\/a><\/p>\n","protected":false},"author":9,"featured_media":42626,"comment_status":"open","ping_status":"open","sticky":false,"template":"","format":"standard","meta":{"om_disable_all_campaigns":false,"advanced_seo_description":"","jetpack_seo_html_title":"","jetpack_seo_noindex":false,"_jetpack_memberships_contains_paid_content":false,"footnotes":"","_links_to":"","_links_to_target":""},"categories":[52,54,25,6413],"tags":[2992,4427,6079,6527],"class_list":{"0":"post-67901","1":"post","2":"type-post","3":"status-publish","4":"format-standard","5":"has-post-thumbnail","7":"category-parlons-en","8":"category-loisirs","9":"category-salvagnac","10":"category-n-237-decembre-2025","11":"tag-lumen-co","12":"tag-lecrin","13":"tag-cinema-enfants","14":"tag-s5025"},"jetpack_featured_media_url":"https:\/\/i0.wp.com\/www.o-p-i.fr\/parlonsen\/wp-content\/uploads\/logo-Lumen-Co.jpg?fit=243%2C75&ssl=1","views":{"total":0,"cached_at":"","cached_date":1738456604},"jetpack_likes_enabled":true,"jetpack_sharing_enabled":true,"jetpack_shortlink":"https:\/\/wp.me\/pg7Wxj-hFb","jetpack-related-posts":[],"_links":{"self":[{"href":"https:\/\/www.o-p-i.fr\/parlonsen\/wp-json\/wp\/v2\/posts\/67901","targetHints":{"allow":["GET"]}}],"collection":[{"href":"https:\/\/www.o-p-i.fr\/parlonsen\/wp-json\/wp\/v2\/posts"}],"about":[{"href":"https:\/\/www.o-p-i.fr\/parlonsen\/wp-json\/wp\/v2\/types\/post"}],"author":[{"embeddable":true,"href":"https:\/\/www.o-p-i.fr\/parlonsen\/wp-json\/wp\/v2\/users\/9"}],"replies":[{"embeddable":true,"href":"https:\/\/www.o-p-i.fr\/parlonsen\/wp-json\/wp\/v2\/comments?post=67901"}],"version-history":[{"count":2,"href":"https:\/\/www.o-p-i.fr\/parlonsen\/wp-json\/wp\/v2\/posts\/67901\/revisions"}],"predecessor-version":[{"id":67905,"href":"https:\/\/www.o-p-i.fr\/parlonsen\/wp-json\/wp\/v2\/posts\/67901\/revisions\/67905"}],"wp:featuredmedia":[{"embeddable":true,"href":"https:\/\/www.o-p-i.fr\/parlonsen\/wp-json\/wp\/v2\/media\/42626"}],"wp:attachment":[{"href":"https:\/\/www.o-p-i.fr\/parlonsen\/wp-json\/wp\/v2\/media?parent=67901"}],"wp:term":[{"taxonomy":"category","embeddable":true,"href":"https:\/\/www.o-p-i.fr\/parlonsen\/wp-json\/wp\/v2\/categories?post=67901"},{"taxonomy":"post_tag","embeddable":true,"href":"https:\/\/www.o-p-i.fr\/parlonsen\/wp-json\/wp\/v2\/tags?post=67901"}],"curies":[{"name":"wp","href":"https:\/\/api.w.org\/{rel}","templated":true}]}}