{"id":67907,"date":"2025-12-11T10:10:50","date_gmt":"2025-12-11T09:10:50","guid":{"rendered":"https:\/\/www.o-p-i.fr\/parlonsen\/?p=67907"},"modified":"2025-12-18T11:33:33","modified_gmt":"2025-12-18T10:33:33","slug":"la-muse-cinema-infocine-du-10dec-16dec-a-bressols-82","status":"publish","type":"post","link":"https:\/\/www.o-p-i.fr\/parlonsen\/parlons-en\/loisirs\/la-muse-cinema-infocine-du-10dec-16dec-a-bressols-82\/","title":{"rendered":"La Muse Cin\u00e9ma, Infocin\u00e9 du [10DEC -> 16DEC]&#8230;\u00e0 Bressols (82)"},"content":{"rendered":"<p><strong>Du 10 d\u00e9cembre au 16 d\u00e9cembre 2025<\/strong><!--more--><\/p>\n<p>&nbsp;<\/p>\n<p><em><img data-recalc-dims=\"1\" loading=\"lazy\" decoding=\"async\" class=\"alignnone\" src=\"https:\/\/i0.wp.com\/www.lamusecinema.org\/sites\/default\/files\/images\/BANIERE_BLEUE_JAUNE.png?resize=960%2C210&#038;ssl=1\" alt=\"\" width=\"960\" height=\"210\" \/><\/em><\/p>\n<div id=\"tarifs-news\">\n<p id=\"tarifs-title-news\"><a href=\"https:\/\/www.lamusecinema.org\/evenements#e3938\" target=\"_blank\" rel=\"noopener\"><img data-recalc-dims=\"1\" loading=\"lazy\" decoding=\"async\" class=\"alignnone\" src=\"https:\/\/i0.wp.com\/www.lamusecinema.org\/sites\/default\/files\/programme\/Carrousel%20vieux%20site%20%281%29.jpg?resize=1200%2C344&#038;ssl=1\" alt=\"\" width=\"1200\" height=\"344\" \/><\/a><img data-recalc-dims=\"1\" decoding=\"async\" src=\"https:\/\/i0.wp.com\/www.lamusecinema.org\/sites\/default\/files\/programme\/SpecialNoel_109_0.png?ssl=1\" alt=\"\" \/><a href=\"https:\/\/www.lamusecinema.org\/evenements#e3939\" target=\"_blank\" rel=\"noopener\"><img data-recalc-dims=\"1\" loading=\"lazy\" decoding=\"async\" class=\"alignnone\" src=\"https:\/\/i0.wp.com\/www.lamusecinema.org\/sites\/default\/files\/programme\/Cin%C3%A9Gouter_109.png?resize=1200%2C344&#038;ssl=1\" alt=\"\" width=\"1200\" height=\"344\" \/><\/a><a href=\"https:\/\/www.lamusecinema.org\/evenements#e3940\" target=\"_blank\" rel=\"noopener\"><img data-recalc-dims=\"1\" loading=\"lazy\" decoding=\"async\" class=\"alignnone\" src=\"https:\/\/i0.wp.com\/www.lamusecinema.org\/sites\/default\/files\/programme\/Cin%C3%A9-R%C3%A9veillon24_109.png?resize=1200%2C344&#038;ssl=1\" alt=\"\" width=\"1200\" height=\"344\" \/><\/a><a href=\"https:\/\/www.lamusecinema.org\/evenements#e3941\" target=\"_blank\" rel=\"noopener\"><img data-recalc-dims=\"1\" loading=\"lazy\" decoding=\"async\" class=\"alignnone\" src=\"https:\/\/i0.wp.com\/www.lamusecinema.org\/sites\/default\/files\/programme\/Cin%C3%A9-Reveillon31_109.png?resize=1200%2C344&#038;ssl=1\" alt=\"\" width=\"1200\" height=\"344\" \/><\/a>Les tarifs<\/p>\n<table id=\"tarifs-table-news\">\n<tbody>\n<tr>\n<td class=\"tarifs-td-1\">Plein tarif<\/td>\n<td class=\"tarifs-td-2\">7,50 \u20ac<\/td>\n<\/tr>\n<tr>\n<td class=\"tarifs-td-1\">Tarif r\u00e9duit (<strong>lundi<\/strong>, s\u00e9ances sp\u00e9ciales, moins de 26 ans, minima sociaux)<\/td>\n<td class=\"tarifs-td-2\">6,00 \u20ac<\/td>\n<\/tr>\n<tr>\n<td class=\"tarifs-td-1\">Tarif adh\u00e9rent<\/td>\n<td class=\"tarifs-td-2\">5 \u20ac<\/td>\n<\/tr>\n<tr>\n<td class=\"tarifs-td-1\">Moins de 14 ans<\/td>\n<td class=\"tarifs-td-2\">4 \u20ac<\/td>\n<\/tr>\n<tr>\n<td class=\"tarifs-td-1\">Carnet 5 places<\/td>\n<td class=\"tarifs-td-2\">30,00 \u20ac<\/td>\n<\/tr>\n<tr>\n<td class=\"tarifs-td-1\">Groupe scolaire<\/td>\n<td class=\"tarifs-td-2\">3,20 \u20ac<\/td>\n<\/tr>\n<\/tbody>\n<\/table>\n<\/div>\n<p class=\"strong-news\">Pour toute information compl\u00e9mentaire, n&rsquo;h\u00e9sitez pas \u00e0 visiter notre site web : <a href=\"http:\/\/www.lamusecinema.org\/\">http:\/\/www.lamusecinema.org\/<\/a><\/p>\n<p class=\"strong-news\">Vous pouvez \u00e9galement nous suivre sur Facebook \u00e0 cette adresse : <a href=\"http:\/\/www.facebook.com\/lamusecinema\">www.facebook.com\/lamusecinema<\/a><\/p>\n<p class=\"strong-news\">Et sur Instagram en suivant le compte :\u00a0\u00a0<a href=\"https:\/\/www.instagram.com\/lamuse_cinema\/\">@lamuse_cinema<\/a><\/p>\n<p><em>Information communiqu\u00e9e par La Muse Cin\u00e9ma<\/em><\/p>\n<p><a href=\"http:\/\/www.o-p-i.fr\/parlonsen\/agenda\/\">Retrouvez tous les \u00e9v\u00e9nements dans l&rsquo;agenda !<\/a><\/p>\n","protected":false},"excerpt":{"rendered":"<div class=\"mh-excerpt\">Un festival de projection sous le signe des f\u00eates de fin d&rsquo;ann\u00e9e \u00e0 La Muse Cin\u00e9ma &#8230;<\/div>\n<p> <a class=\"mh-excerpt-more\" href=\"https:\/\/www.o-p-i.fr\/parlonsen\/parlons-en\/loisirs\/la-muse-cinema-infocine-du-10dec-16dec-a-bressols-82\/\" title=\"La Muse Cin\u00e9ma, Infocin\u00e9 du [10DEC -&gt; 16DEC]&#8230;\u00e0 Bressols (82)\">[&#8230;]<\/a><\/p>\n","protected":false},"author":9,"featured_media":62094,"comment_status":"open","ping_status":"open","sticky":false,"template":"","format":"standard","meta":{"om_disable_all_campaigns":false,"advanced_seo_description":"","jetpack_seo_html_title":"","jetpack_seo_noindex":false,"_jetpack_memberships_contains_paid_content":false,"footnotes":"","_links_to":"","_links_to_target":""},"categories":[6488,54,6413],"tags":[1766,3350,5674,6527],"class_list":{"0":"post-67907","1":"post","2":"type-post","3":"status-publish","4":"format-standard","5":"has-post-thumbnail","7":"category-bressols","8":"category-loisirs","9":"category-n-237-decembre-2025","10":"tag-cinema","11":"tag-la-muse-cinema","12":"tag-cine-programme","13":"tag-s5025"},"jetpack_featured_media_url":"https:\/\/i0.wp.com\/www.o-p-i.fr\/parlonsen\/wp-content\/uploads\/camera-cinema.jpg?fit=225%2C225&ssl=1","views":{"total":0,"cached_at":"","cached_date":1738391452},"jetpack_likes_enabled":true,"jetpack_sharing_enabled":true,"jetpack_shortlink":"https:\/\/wp.me\/pg7Wxj-hFh","jetpack-related-posts":[],"_links":{"self":[{"href":"https:\/\/www.o-p-i.fr\/parlonsen\/wp-json\/wp\/v2\/posts\/67907","targetHints":{"allow":["GET"]}}],"collection":[{"href":"https:\/\/www.o-p-i.fr\/parlonsen\/wp-json\/wp\/v2\/posts"}],"about":[{"href":"https:\/\/www.o-p-i.fr\/parlonsen\/wp-json\/wp\/v2\/types\/post"}],"author":[{"embeddable":true,"href":"https:\/\/www.o-p-i.fr\/parlonsen\/wp-json\/wp\/v2\/users\/9"}],"replies":[{"embeddable":true,"href":"https:\/\/www.o-p-i.fr\/parlonsen\/wp-json\/wp\/v2\/comments?post=67907"}],"version-history":[{"count":5,"href":"https:\/\/www.o-p-i.fr\/parlonsen\/wp-json\/wp\/v2\/posts\/67907\/revisions"}],"predecessor-version":[{"id":67912,"href":"https:\/\/www.o-p-i.fr\/parlonsen\/wp-json\/wp\/v2\/posts\/67907\/revisions\/67912"}],"wp:featuredmedia":[{"embeddable":true,"href":"https:\/\/www.o-p-i.fr\/parlonsen\/wp-json\/wp\/v2\/media\/62094"}],"wp:attachment":[{"href":"https:\/\/www.o-p-i.fr\/parlonsen\/wp-json\/wp\/v2\/media?parent=67907"}],"wp:term":[{"taxonomy":"category","embeddable":true,"href":"https:\/\/www.o-p-i.fr\/parlonsen\/wp-json\/wp\/v2\/categories?post=67907"},{"taxonomy":"post_tag","embeddable":true,"href":"https:\/\/www.o-p-i.fr\/parlonsen\/wp-json\/wp\/v2\/tags?post=67907"}],"curies":[{"name":"wp","href":"https:\/\/api.w.org\/{rel}","templated":true}]}}