{"id":67913,"date":"2025-12-11T11:05:38","date_gmt":"2025-12-11T10:05:38","guid":{"rendered":"https:\/\/www.o-p-i.fr\/parlonsen\/?p=67913"},"modified":"2025-12-11T11:05:38","modified_gmt":"2025-12-11T10:05:38","slug":"association-lete-de-vaour-spectacle-histoire-dune-mouette-et-du-chat-qui-lui-apprit-a-voler-a-vaours-81","status":"publish","type":"post","link":"https:\/\/www.o-p-i.fr\/parlonsen\/parlons-en\/loisirs\/association-lete-de-vaour-spectacle-histoire-dune-mouette-et-du-chat-qui-lui-apprit-a-voler-a-vaours-81\/","title":{"rendered":"Association L&rsquo;\u00e9t\u00e9 de Vaour &#8211; Spectacle &#8211; Histoire d&rsquo;une mouette et du chat qui lui apprit \u00e0 voler &#8230; \u00e0 Vaours (81)"},"content":{"rendered":"<div class=\"col-sm-7 right-col\">\n<div class=\"field field--name-field-infos-pratiques field--type-text-long field--label-hidden field--item\">\n<p><strong>MERCREDI 17 D\u00c9CEMBRE\u00a0\u00e0 17h\u00a0<\/strong><!--more--><\/p>\n<p><img data-recalc-dims=\"1\" loading=\"lazy\" decoding=\"async\" class=\" alignright\" src=\"https:\/\/i0.wp.com\/www.etedevaour.org\/public\/files\/styles\/visuel_spectacle\/public\/images\/spectacle\/945\/photo2.jpg?resize=273%2C273&#038;ssl=1\" width=\"273\" height=\"273\" \/>Salle des f\u00eates (Vaour)<br \/>\nOuverture \u00e0 16h30<\/p>\n<hr \/>\n<p>D\u00e8s 6 ans<br \/>\nTh\u00e9\u00e2tre et accord\u00e9on<br \/>\nDur\u00e9e : 50 min.<\/p>\n<hr \/>\n<p>GRATUIT (pas de r\u00e9servation)<\/p>\n<p>Spectacle suivi d&rsquo;un go\u00fbter de No\u00ebl\u00a0et d&rsquo;un coin lecture<br \/>\nCo-organis\u00e9 avec\u00a0la M\u00e9diath\u00e8que No\u00ebl Richard, Familles Rurales du Causse et l\u2019APE Penne-Vaour.<\/p>\n<\/div>\n<\/div>\n<div class=\"field field--name-body field--type-text-with-summary field--label-hidden field--item\">\n<p>D\u2019APR\u00c8S LE ROMAN DE LUIS SEPULVEDA \u2013 \u00c9ditions M\u00e9taili\u00e9<\/p>\n<p>Une mouette est prise au pi\u00e8ge dans une mar\u00e9e noire.<br \/>\nElle arrive \u00e0 voler jusqu\u2019au port, et atterrit sur le balcon de Zorbas, le chat grand noir et gros, qui commence \u00e0 peine ses vacances.<\/p>\n<p>Avec ses derni\u00e8res forces elle pond un \u0153uf.<br \/>\nElle fait promettre au chat de s\u2019occuper de l\u2019\u0153uf, du poussin et de lui apprendre \u00e0 voler.<br \/>\nEt comme une promesse d\u2019un chat du port engage tous les chats du port, c\u2019est toute une bande de chats qui va se lancer dans cette folle aventure.<\/p>\n<p>\u00c0 travers les aventures rocambolesques et dr\u00f4les de Zorbas, les chats du port et Afortunada, la petite mouette, on d\u00e9couvre la solidarit\u00e9, la tendresse, la nature et la po\u00e9sie.<\/p>\n<p>Un spectacle dr\u00f4le, touchant et musical, o\u00f9 se m\u00ealent solidarit\u00e9, tendresse, nature et po\u00e9sie.<\/p>\n<\/div>\n<div class=\"field field--name-field-video field--type-video-embed-field field--label-hidden field--items\">\n<div class=\"field--item\">\n<div class=\"video-embed-field-provider-youtube video-embed-field-responsive-video form-group\"><iframe loading=\"lazy\" src=\"https:\/\/www.youtube.com\/embed\/gqRvNP0I93k?autoplay=1&amp;start=0&amp;rel=0\" width=\"854\" height=\"480\" frameborder=\"0\" allowfullscreen=\"allowfullscreen\" data-mce-fragment=\"1\"><\/iframe><\/div>\n<\/div>\n<\/div>\n<div class=\"field field--name-field-mentions field--type-text-long field--label-hidden field--item\">\n<div>\n<div>\n<div>\n<p>Conception, Adaptation et jeu : Charlotte Tessier<br \/>\nCollaboration a\u0300 l\u2019e\u0301criture et a\u0300 la mise en sce\u0300ne : Shady Nafar et Emmanuel Guyot<\/p>\n<\/div>\n<\/div>\n<\/div>\n<\/div>\n<p>&nbsp;<\/p>\n","protected":false},"excerpt":{"rendered":"<div class=\"mh-excerpt\">Une mouette est prise au pi\u00e8ge dans une mar\u00e9e noire. Elle arrive \u00e0 voler jusqu\u2019au port, et atterrit sur le balcon de Zorbas, le chat grand noir et gros, qui commence \u00e0 peine ses vacances &#8230;<\/div>\n<p> <a class=\"mh-excerpt-more\" href=\"https:\/\/www.o-p-i.fr\/parlonsen\/parlons-en\/loisirs\/association-lete-de-vaour-spectacle-histoire-dune-mouette-et-du-chat-qui-lui-apprit-a-voler-a-vaours-81\/\" title=\"Association L&rsquo;\u00e9t\u00e9 de Vaour &#8211; Spectacle &#8211; Histoire d&rsquo;une mouette et du chat qui lui apprit \u00e0 voler &#8230; \u00e0 Vaours (81)\">[&#8230;]<\/a><\/p>\n","protected":false},"author":9,"featured_media":67915,"comment_status":"open","ping_status":"open","sticky":false,"template":"","format":"standard","meta":{"om_disable_all_campaigns":false,"advanced_seo_description":"","jetpack_seo_html_title":"","jetpack_seo_noindex":false,"_jetpack_memberships_contains_paid_content":false,"footnotes":"","_links_to":"","_links_to_target":""},"categories":[54,6434,6413],"tags":[5414,6527,6533,6534,6535,3584],"class_list":{"0":"post-67913","1":"post","2":"type-post","3":"status-publish","4":"format-standard","5":"has-post-thumbnail","7":"category-loisirs","8":"category-vaour","9":"category-n-237-decembre-2025","10":"tag-spectacle-enfants","11":"tag-s5025","12":"tag-mediatheque-noel-richard","13":"tag-ape-penne-vaour","14":"tag-association-lete-de-vaour","15":"tag-familles-rurales-du-causse"},"jetpack_featured_media_url":"https:\/\/i0.wp.com\/www.o-p-i.fr\/parlonsen\/wp-content\/uploads\/logo-association-ete-vaours.png?fit=604%2C148&ssl=1","views":"","jetpack_likes_enabled":true,"jetpack_sharing_enabled":true,"jetpack_shortlink":"https:\/\/wp.me\/pg7Wxj-hFn","jetpack-related-posts":[],"_links":{"self":[{"href":"https:\/\/www.o-p-i.fr\/parlonsen\/wp-json\/wp\/v2\/posts\/67913","targetHints":{"allow":["GET"]}}],"collection":[{"href":"https:\/\/www.o-p-i.fr\/parlonsen\/wp-json\/wp\/v2\/posts"}],"about":[{"href":"https:\/\/www.o-p-i.fr\/parlonsen\/wp-json\/wp\/v2\/types\/post"}],"author":[{"embeddable":true,"href":"https:\/\/www.o-p-i.fr\/parlonsen\/wp-json\/wp\/v2\/users\/9"}],"replies":[{"embeddable":true,"href":"https:\/\/www.o-p-i.fr\/parlonsen\/wp-json\/wp\/v2\/comments?post=67913"}],"version-history":[{"count":2,"href":"https:\/\/www.o-p-i.fr\/parlonsen\/wp-json\/wp\/v2\/posts\/67913\/revisions"}],"predecessor-version":[{"id":67916,"href":"https:\/\/www.o-p-i.fr\/parlonsen\/wp-json\/wp\/v2\/posts\/67913\/revisions\/67916"}],"wp:featuredmedia":[{"embeddable":true,"href":"https:\/\/www.o-p-i.fr\/parlonsen\/wp-json\/wp\/v2\/media\/67915"}],"wp:attachment":[{"href":"https:\/\/www.o-p-i.fr\/parlonsen\/wp-json\/wp\/v2\/media?parent=67913"}],"wp:term":[{"taxonomy":"category","embeddable":true,"href":"https:\/\/www.o-p-i.fr\/parlonsen\/wp-json\/wp\/v2\/categories?post=67913"},{"taxonomy":"post_tag","embeddable":true,"href":"https:\/\/www.o-p-i.fr\/parlonsen\/wp-json\/wp\/v2\/tags?post=67913"}],"curies":[{"name":"wp","href":"https:\/\/api.w.org\/{rel}","templated":true}]}}