{"id":67917,"date":"2025-12-11T11:14:32","date_gmt":"2025-12-11T10:14:32","guid":{"rendered":"https:\/\/www.o-p-i.fr\/parlonsen\/?p=67917"},"modified":"2026-01-15T13:49:12","modified_gmt":"2026-01-15T12:49:12","slug":"abdm-concert-recif-quartet-vocal-poetico-percussif-a-salvagnac-81","status":"publish","type":"post","link":"https:\/\/www.o-p-i.fr\/parlonsen\/parlons-en\/culture\/abdm-concert-recif-quartet-vocal-poetico-percussif-a-salvagnac-81\/","title":{"rendered":"ABDM &#8211; Concert R\u00c9CIF \/ Quartet vocal po\u00e9tico-percussif &#8230; \u00e0 Salvagnac (81)"},"content":{"rendered":"<div class=\"gmail-xdj266r gmail-x14z9mp gmail-xat24cr gmail-x1lziwak gmail-x1vvkbs\">\n<div class=\"gmail-xdj266r gmail-x14z9mp gmail-xat24cr gmail-x1lziwak gmail-x1vvkbs\"><strong>Vendredi 16 janvier 2026 \/ 21h<\/strong><\/div>\n<\/div>\n<div class=\"gmail-xdj266r gmail-x14z9mp gmail-xat24cr gmail-x1lziwak gmail-x1vvkbs\">\n<div class=\"gmail-x14z9mp gmail-xat24cr gmail-x1lziwak gmail-x1vvkbs gmail-xtlvy1s\">\n<div class=\"gmail-x14z9mp gmail-xat24cr gmail-x1lziwak gmail-x1vvkbs gmail-xtlvy1s\">\n<p><!--more--><\/p>\n<div class=\"gmail-x14z9mp gmail-xat24cr gmail-x1lziwak gmail-x1vvkbs gmail-xtlvy1s\"><img data-recalc-dims=\"1\" loading=\"lazy\" decoding=\"async\" class=\" wp-image-67918 alignright\" src=\"https:\/\/i0.wp.com\/www.o-p-i.fr\/parlonsen\/wp-content\/uploads\/2025-ABDM-concert-recif-quartet-vocal-percussif.jpg?resize=344%2C344&#038;ssl=1\" alt=\"\" width=\"344\" height=\"344\" srcset=\"https:\/\/i0.wp.com\/www.o-p-i.fr\/parlonsen\/wp-content\/uploads\/2025-ABDM-concert-recif-quartet-vocal-percussif.jpg?resize=300%2C300&amp;ssl=1 300w, https:\/\/i0.wp.com\/www.o-p-i.fr\/parlonsen\/wp-content\/uploads\/2025-ABDM-concert-recif-quartet-vocal-percussif.jpg?resize=50%2C50&amp;ssl=1 50w, https:\/\/i0.wp.com\/www.o-p-i.fr\/parlonsen\/wp-content\/uploads\/2025-ABDM-concert-recif-quartet-vocal-percussif.jpg?resize=768%2C768&amp;ssl=1 768w, https:\/\/i0.wp.com\/www.o-p-i.fr\/parlonsen\/wp-content\/uploads\/2025-ABDM-concert-recif-quartet-vocal-percussif.jpg?resize=375%2C375&amp;ssl=1 375w, https:\/\/i0.wp.com\/www.o-p-i.fr\/parlonsen\/wp-content\/uploads\/2025-ABDM-concert-recif-quartet-vocal-percussif.jpg?w=877&amp;ssl=1 877w\" sizes=\"auto, (max-width: 344px) 100vw, 344px\" \/>R\u00c9CIF est un quartet f\u00e9minin o\u00f9 dialoguent voix et percussions corporelles.<br class=\"gmail-html-br\" \/>Leurs compositions originales sont riches d&rsquo;influences: jazz, maloya, chanson franc\u0327aise, groove de guine\u0301e&#8230;<br class=\"gmail-html-br\" \/>Les percussions corporelles deviennent chore\u0301graphies et les polyphonies se fondent par instant avec le public.<\/div>\n<div class=\"gmail-x14z9mp gmail-xat24cr gmail-x1lziwak gmail-x1vvkbs gmail-xtlvy1s\">Avec: Julie CAIL,<br class=\"gmail-html-br\" \/>Ananda MONTANGE,<br class=\"gmail-html-br\" \/>Sonia MONTEL,<br class=\"gmail-html-br\" \/>Soizic MUGUET<\/div>\n<div class=\"gmail-x14z9mp gmail-xat24cr gmail-x1lziwak gmail-x1vvkbs gmail-xtlvy1s\">Accompagnement artistique : R\u00e9mi LECLERC et Gina VILA BRUCH<\/div>\n<div class=\"gmail-x14z9mp gmail-xat24cr gmail-x1lziwak gmail-x1vvkbs gmail-xtlvy1s\">_________________________<br class=\"gmail-html-br\" \/>INFOS PRATIQUES<br class=\"gmail-html-br\" \/><span class=\"gmail-html-span gmail-xexx8yu gmail-xyri2b gmail-x18d9i69 gmail-x1c1uobl gmail-x1hl2dhg gmail-x16tdsg8 gmail-x1vvkbs gmail-x3nfvp2 gmail-x1j61x8r gmail-x1fcty0u gmail-xdj266r gmail-xat24cr gmail-xm2jcoa gmail-x1mpyi22 gmail-xxymvpz gmail-xlup9mm gmail-x1kky2od\"><img loading=\"lazy\" decoding=\"async\" class=\"gmail-xz74otr gmail-x15mokao gmail-x1ga7v0g gmail-x16uus16 gmail-xbiv7yw\" src=\"https:\/\/static.xx.fbcdn.net\/images\/emoji.php\/v9\/t2d\/1\/16\/1f4cd.png\" alt=\"\ud83d\udccd\" width=\"16\" height=\"16\" \/><\/span>\u00a0Caf\u00e9 Au bord du monde, Salvagnac, Tarn<br class=\"gmail-html-br\" \/>\u20ac Passage du chapeau pour les artistes<br class=\"gmail-html-br\" \/><span class=\"gmail-html-span gmail-xexx8yu gmail-xyri2b gmail-x18d9i69 gmail-x1c1uobl gmail-x1hl2dhg gmail-x16tdsg8 gmail-x1vvkbs gmail-x3nfvp2 gmail-x1j61x8r gmail-x1fcty0u gmail-xdj266r gmail-xat24cr gmail-xm2jcoa gmail-x1mpyi22 gmail-xxymvpz gmail-xlup9mm gmail-x1kky2od\"><img loading=\"lazy\" decoding=\"async\" class=\"gmail-xz74otr gmail-x15mokao gmail-x1ga7v0g gmail-x16uus16 gmail-xbiv7yw\" src=\"https:\/\/static.xx.fbcdn.net\/images\/emoji.php\/v9\/t22\/1\/16\/260e.png\" alt=\"\u260e\" width=\"16\" height=\"16\" \/><\/span>\u00a0R\u00e9sa pour les burgers 05 63 55 14 52<\/div>\n<\/div>\n<\/div>\n<\/div>\n","protected":false},"excerpt":{"rendered":"<div class=\"mh-excerpt\">R\u00c9CIF est un quartet f\u00e9minin o\u00f9 dialoguent voix et percussions corporelles. Leurs compositions originales sont riches d&rsquo;influences &#8230;<\/div>\n<p> <a class=\"mh-excerpt-more\" href=\"https:\/\/www.o-p-i.fr\/parlonsen\/parlons-en\/culture\/abdm-concert-recif-quartet-vocal-poetico-percussif-a-salvagnac-81\/\" title=\"ABDM &#8211; Concert R\u00c9CIF \/ Quartet vocal po\u00e9tico-percussif &#8230; \u00e0 Salvagnac (81)\">[&#8230;]<\/a><\/p>\n","protected":false},"author":9,"featured_media":46799,"comment_status":"open","ping_status":"open","sticky":false,"template":"","format":"standard","meta":{"om_disable_all_campaigns":false,"advanced_seo_description":"","jetpack_seo_html_title":"","jetpack_seo_noindex":false,"_jetpack_memberships_contains_paid_content":false,"footnotes":"","_links_to":"","_links_to_target":""},"categories":[6526,1,25],"tags":[6547,43,3830,6340],"class_list":{"0":"post-67917","1":"post","2":"type-post","3":"status-publish","4":"format-standard","5":"has-post-thumbnail","7":"category-n-238-janvier-2026","8":"category-culture","9":"category-salvagnac","10":"tag-s0326","11":"tag-concert","12":"tag-cafe-au-bord-du-monde","13":"tag-a-la-une"},"jetpack_featured_media_url":"https:\/\/i0.wp.com\/www.o-p-i.fr\/parlonsen\/wp-content\/uploads\/Bord-monde.jpg?fit=227%2C226&ssl=1","views":"","jetpack_likes_enabled":true,"jetpack_sharing_enabled":true,"jetpack_shortlink":"https:\/\/wp.me\/pg7Wxj-hFr","jetpack-related-posts":[],"_links":{"self":[{"href":"https:\/\/www.o-p-i.fr\/parlonsen\/wp-json\/wp\/v2\/posts\/67917","targetHints":{"allow":["GET"]}}],"collection":[{"href":"https:\/\/www.o-p-i.fr\/parlonsen\/wp-json\/wp\/v2\/posts"}],"about":[{"href":"https:\/\/www.o-p-i.fr\/parlonsen\/wp-json\/wp\/v2\/types\/post"}],"author":[{"embeddable":true,"href":"https:\/\/www.o-p-i.fr\/parlonsen\/wp-json\/wp\/v2\/users\/9"}],"replies":[{"embeddable":true,"href":"https:\/\/www.o-p-i.fr\/parlonsen\/wp-json\/wp\/v2\/comments?post=67917"}],"version-history":[{"count":2,"href":"https:\/\/www.o-p-i.fr\/parlonsen\/wp-json\/wp\/v2\/posts\/67917\/revisions"}],"predecessor-version":[{"id":67920,"href":"https:\/\/www.o-p-i.fr\/parlonsen\/wp-json\/wp\/v2\/posts\/67917\/revisions\/67920"}],"wp:featuredmedia":[{"embeddable":true,"href":"https:\/\/www.o-p-i.fr\/parlonsen\/wp-json\/wp\/v2\/media\/46799"}],"wp:attachment":[{"href":"https:\/\/www.o-p-i.fr\/parlonsen\/wp-json\/wp\/v2\/media?parent=67917"}],"wp:term":[{"taxonomy":"category","embeddable":true,"href":"https:\/\/www.o-p-i.fr\/parlonsen\/wp-json\/wp\/v2\/categories?post=67917"},{"taxonomy":"post_tag","embeddable":true,"href":"https:\/\/www.o-p-i.fr\/parlonsen\/wp-json\/wp\/v2\/tags?post=67917"}],"curies":[{"name":"wp","href":"https:\/\/api.w.org\/{rel}","templated":true}]}}