{"id":67927,"date":"2025-12-11T11:54:12","date_gmt":"2025-12-11T10:54:12","guid":{"rendered":"https:\/\/www.o-p-i.fr\/parlonsen\/?p=67927"},"modified":"2025-12-18T11:20:44","modified_gmt":"2025-12-18T10:20:44","slug":"apoirc-les-musicales-du-dimanche-gavroche-a-labastide-st-pierre-82","status":"publish","type":"post","link":"https:\/\/www.o-p-i.fr\/parlonsen\/parlons-en\/loisirs\/apoirc-les-musicales-du-dimanche-gavroche-a-labastide-st-pierre-82\/","title":{"rendered":"APOIRC &#8211; Les Musicales du Dimanche GAVROCHE &#8230; \u00e0 Labastide St Pierre (82)"},"content":{"rendered":"<p><strong>Jeudi 18 d\u00e9cembre \u00e0 17h30<\/strong><!--more--><\/p>\n<figure id=\"attachment_67929\" aria-describedby=\"caption-attachment-67929\" style=\"width: 300px\" class=\"wp-caption alignright\"><img data-recalc-dims=\"1\" loading=\"lazy\" decoding=\"async\" class=\"size-medium wp-image-67929\" src=\"https:\/\/i0.wp.com\/www.o-p-i.fr\/parlonsen\/wp-content\/uploads\/2025-APOIRC-spectacle-govrache-light-sylvain-gripoix.jpg?resize=300%2C200&#038;ssl=1\" alt=\"\" width=\"300\" height=\"200\" srcset=\"https:\/\/i0.wp.com\/www.o-p-i.fr\/parlonsen\/wp-content\/uploads\/2025-APOIRC-spectacle-govrache-light-sylvain-gripoix-scaled.jpg?resize=300%2C200&amp;ssl=1 300w, https:\/\/i0.wp.com\/www.o-p-i.fr\/parlonsen\/wp-content\/uploads\/2025-APOIRC-spectacle-govrache-light-sylvain-gripoix-scaled.jpg?resize=1024%2C683&amp;ssl=1 1024w, https:\/\/i0.wp.com\/www.o-p-i.fr\/parlonsen\/wp-content\/uploads\/2025-APOIRC-spectacle-govrache-light-sylvain-gripoix-scaled.jpg?resize=768%2C512&amp;ssl=1 768w, https:\/\/i0.wp.com\/www.o-p-i.fr\/parlonsen\/wp-content\/uploads\/2025-APOIRC-spectacle-govrache-light-sylvain-gripoix-scaled.jpg?resize=1536%2C1024&amp;ssl=1 1536w, https:\/\/i0.wp.com\/www.o-p-i.fr\/parlonsen\/wp-content\/uploads\/2025-APOIRC-spectacle-govrache-light-sylvain-gripoix-scaled.jpg?resize=2048%2C1365&amp;ssl=1 2048w, https:\/\/i0.wp.com\/www.o-p-i.fr\/parlonsen\/wp-content\/uploads\/2025-APOIRC-spectacle-govrache-light-sylvain-gripoix-scaled.jpg?resize=272%2C182&amp;ssl=1 272w, https:\/\/i0.wp.com\/www.o-p-i.fr\/parlonsen\/wp-content\/uploads\/2025-APOIRC-spectacle-govrache-light-sylvain-gripoix-scaled.jpg?resize=720%2C480&amp;ssl=1 720w, https:\/\/i0.wp.com\/www.o-p-i.fr\/parlonsen\/wp-content\/uploads\/2025-APOIRC-spectacle-govrache-light-sylvain-gripoix-scaled.jpg?resize=950%2C630&amp;ssl=1 950w\" sizes=\"auto, (max-width: 300px) 100vw, 300px\" \/><figcaption id=\"caption-attachment-67929\" class=\"wp-caption-text\">GOVRACHE<br \/>Paris, oct. 2021.<\/figcaption><\/figure>\n<p>Avec Govrache en solo, on retrouvera bien s\u00fbr du slam, mais aussi de la chanson, des lectures et des surprises. Une parenth\u00e8se qui se veut le r\u00e9cit d&rsquo;un parcours, une plong\u00e9e intimiste dans la vie de l&rsquo;artiste qui \u00e9voquera son itin\u00e9raire depuis l&rsquo;\u00e9cole qu&rsquo;il n&rsquo;aimait pas, jusqu&rsquo;\u00e0 l&rsquo;\u00e9criture et la sc\u00e8ne qui l&rsquo;animent aujourd&rsquo;hui.Une belle occasion pour Govrache de (re)cr\u00e9er des moments privil\u00e9gi\u00e9s avec le public, non pas simplement en se racontant, mais en cherchant \u00e0 provoquer un \u00e9cho en chacun de nous.<\/p>\n<p>J\u2019ai cr\u00e9\u00e9 ce spectacle pour \u00eatre au plus proche du public, \u00e9changer avec lui et tenter de mettre en sc\u00e8ne la c\u00e9l\u00e8bre phrase de Victor Hugo : \u00ab Quand je vous parle de moi, je vous parle de vous. \u00bb<\/p>\n<h2>Adresse de l&rsquo;\u00e9v\u00e8nement<\/h2>\n<p>La N\u00e9grette rue Cap\u00e9ran Labastide St Pierre<\/p>\n<h2>Lien internet vers votre \u00e9v\u00e8nement<\/h2>\n<p><a href=\"https:\/\/lecatalogue.jimdofree.com\/les-musicales-du-dimanche\/\">https:\/\/lecatalogue.jimdofree.com\/les-musicales-du-dimanche\/<\/a><\/p>\n<h2>Tarif principal<\/h2>\n<p>8 \u20ac<\/p>\n<h2>Tarif r\u00e9duit &#8211; combien et pour qui ?<\/h2>\n<p>5 \u20ac<\/p>\n<h2>Organisateur de l&rsquo;\u00e9v\u00e8nement<\/h2>\n<p>APOIRC<\/p>\n<h2>Personne \/ Organisation \u00e0 contacter<\/h2>\n<p>SAURIN Jo\u00ebl<\/p>\n<h2>T\u00e9l\u00e9phone<\/h2>\n<p>0664782209<\/p>\n<h2>Courriel<\/h2>\n<p><a href=\"mailto:contact.apoirc@gmail.com\">contact.apoirc@gmail.com<\/a><\/p>\n<p><em>Information transmise par M. SAURIN, L&rsquo;organisateur de l&rsquo;\u00e9v\u00e8nement<\/em><\/p>\n","protected":false},"excerpt":{"rendered":"<div class=\"mh-excerpt\">Avec Govrache en solo, on retrouvera bien s\u00fbr du slam, mais aussi de la chanson, des lectures et des surprises. Une parenth\u00e8se qui se veut le &#8230;<\/div>\n<p> <a class=\"mh-excerpt-more\" href=\"https:\/\/www.o-p-i.fr\/parlonsen\/parlons-en\/loisirs\/apoirc-les-musicales-du-dimanche-gavroche-a-labastide-st-pierre-82\/\" title=\"APOIRC &#8211; Les Musicales du Dimanche GAVROCHE &#8230; \u00e0 Labastide St Pierre (82)\">[&#8230;]<\/a><\/p>\n","protected":false},"author":9,"featured_media":67929,"comment_status":"open","ping_status":"open","sticky":false,"template":"","format":"standard","meta":{"om_disable_all_campaigns":false,"advanced_seo_description":"","jetpack_seo_html_title":"","jetpack_seo_noindex":false,"_jetpack_memberships_contains_paid_content":false,"footnotes":"","_links_to":"","_links_to_target":""},"categories":[6536,54,6413],"tags":[132,2902,3873,6543],"class_list":{"0":"post-67927","1":"post","2":"type-post","3":"status-publish","4":"format-standard","5":"has-post-thumbnail","7":"category-labastide-st-pierre","8":"category-loisirs","9":"category-n-237-decembre-2025","10":"tag-spectacle","11":"tag-apoirc","12":"tag-la-negrette","13":"tag-s5125"},"jetpack_featured_media_url":"https:\/\/i0.wp.com\/www.o-p-i.fr\/parlonsen\/wp-content\/uploads\/2025-APOIRC-spectacle-govrache-light-sylvain-gripoix-scaled.jpg?fit=2560%2C1706&ssl=1","views":"","jetpack_likes_enabled":true,"jetpack_sharing_enabled":true,"jetpack_shortlink":"https:\/\/wp.me\/pg7Wxj-hFB","jetpack-related-posts":[],"_links":{"self":[{"href":"https:\/\/www.o-p-i.fr\/parlonsen\/wp-json\/wp\/v2\/posts\/67927","targetHints":{"allow":["GET"]}}],"collection":[{"href":"https:\/\/www.o-p-i.fr\/parlonsen\/wp-json\/wp\/v2\/posts"}],"about":[{"href":"https:\/\/www.o-p-i.fr\/parlonsen\/wp-json\/wp\/v2\/types\/post"}],"author":[{"embeddable":true,"href":"https:\/\/www.o-p-i.fr\/parlonsen\/wp-json\/wp\/v2\/users\/9"}],"replies":[{"embeddable":true,"href":"https:\/\/www.o-p-i.fr\/parlonsen\/wp-json\/wp\/v2\/comments?post=67927"}],"version-history":[{"count":2,"href":"https:\/\/www.o-p-i.fr\/parlonsen\/wp-json\/wp\/v2\/posts\/67927\/revisions"}],"predecessor-version":[{"id":67930,"href":"https:\/\/www.o-p-i.fr\/parlonsen\/wp-json\/wp\/v2\/posts\/67927\/revisions\/67930"}],"wp:featuredmedia":[{"embeddable":true,"href":"https:\/\/www.o-p-i.fr\/parlonsen\/wp-json\/wp\/v2\/media\/67929"}],"wp:attachment":[{"href":"https:\/\/www.o-p-i.fr\/parlonsen\/wp-json\/wp\/v2\/media?parent=67927"}],"wp:term":[{"taxonomy":"category","embeddable":true,"href":"https:\/\/www.o-p-i.fr\/parlonsen\/wp-json\/wp\/v2\/categories?post=67927"},{"taxonomy":"post_tag","embeddable":true,"href":"https:\/\/www.o-p-i.fr\/parlonsen\/wp-json\/wp\/v2\/tags?post=67927"}],"curies":[{"name":"wp","href":"https:\/\/api.w.org\/{rel}","templated":true}]}}