{"id":67931,"date":"2025-12-11T12:03:25","date_gmt":"2025-12-11T11:03:25","guid":{"rendered":"https:\/\/www.o-p-i.fr\/parlonsen\/?p=67931"},"modified":"2025-12-11T12:04:46","modified_gmt":"2025-12-11T11:04:46","slug":"brunch-lecture-a-salvagnac-81-41","status":"publish","type":"post","link":"https:\/\/www.o-p-i.fr\/parlonsen\/parlons-en\/culture\/brunch-lecture-a-salvagnac-81-41\/","title":{"rendered":"Brunch lecture &#8230; \u00e0 Salvagnac (81)"},"content":{"rendered":"<p><strong>Dimanche 14 d\u00e9cembre 2025<\/strong>, \u00e0 10h.30 \u00e0 l&rsquo;<i><b>\u00c9<\/b><\/i>crin<!--more--><\/p>\n<h3 style=\"text-align: center;\"><img data-recalc-dims=\"1\" loading=\"lazy\" decoding=\"async\" class=\"alignright wp-image-35944\" src=\"https:\/\/i0.wp.com\/www.o-p-i.fr\/parlonsen\/wp-content\/uploads\/BRUNCH.jpg?resize=450%2C243&#038;ssl=1\" alt=\"\" width=\"450\" height=\"243\" srcset=\"https:\/\/i0.wp.com\/www.o-p-i.fr\/parlonsen\/wp-content\/uploads\/BRUNCH.jpg?w=185&amp;ssl=1 185w, https:\/\/i0.wp.com\/www.o-p-i.fr\/parlonsen\/wp-content\/uploads\/BRUNCH.jpg?resize=150%2C81&amp;ssl=1 150w\" sizes=\"auto, (max-width: 450px) 100vw, 450px\" \/><\/h3>\n<p><i>Ch\u00e8res et chers adh\u00e9rents de l&rsquo;Association Culturelle du Pays Salvagnacois<\/i><\/p>\n<p><i>Une ambiance de No\u00ebl flotte -d\u00e9j\u00e0- dans l&rsquo;air !<\/i><\/p>\n<p><i>Ce dernier brunch lecture de l&rsquo;ann\u00e9e est comme un cadeau :<\/i><\/p>\n<p><i>On va faire le plein de nouveaux titres et auteurs qui ont enchant\u00e9s les unes et les autres<\/i><\/p>\n<p><i>Et l&rsquo;on \u00e9vitera ceux qui ont d\u00e9\u00e7us !<\/i><\/p>\n<p><i><b>C&rsquo;est Dimanche 14 d\u00e9cembre, \u00e0 10h30,<\/b> toujours<b> \u00e0 l\u2019\u00c9crin<\/b>,avec caf\u00e9\/th\u00e9 et quelques douceurs !<\/i><\/p>\n<p><i>Nous vous attendons avec grand plaisir, qu&rsquo;on se le dise !<\/i><\/p>\n<p><i>L&rsquo;\u00e9quipe des b\u00e9n\u00e9voles<\/i><\/p>\n<p>&nbsp;<\/p>\n<p><img data-recalc-dims=\"1\" loading=\"lazy\" decoding=\"async\" class=\"size-full wp-image-45520 alignleft\" src=\"https:\/\/i0.wp.com\/www.o-p-i.fr\/parlonsen\/wp-content\/uploads\/biblio.jpg?resize=283%2C198&#038;ssl=1\" alt=\"\" width=\"283\" height=\"198\" srcset=\"https:\/\/i0.wp.com\/www.o-p-i.fr\/parlonsen\/wp-content\/uploads\/biblio.jpg?w=283&amp;ssl=1 283w, https:\/\/i0.wp.com\/www.o-p-i.fr\/parlonsen\/wp-content\/uploads\/biblio.jpg?resize=150%2C105&amp;ssl=1 150w\" sizes=\"auto, (max-width: 283px) 100vw, 283px\" \/><\/p>\n<p><strong>Biblioth\u00e8que du Pays Salvagnacois<\/strong><\/p>\n<p>mercredi de 10h \u00e0 12h30<br \/>\nvendredi de 17h \u00e0 19h<br \/>\ndimanche de10h \u00e0 12h30<\/p>\n<p>&nbsp;<\/p>\n<p><em>Information communiqu\u00e9e par Amedee MALLERET<\/em><\/p>\n<p><a href=\"http:\/\/www.o-p-i.fr\/parlonsen\/agenda\/\">Retrouvez tous les \u00e9v\u00e9nements dans l&rsquo;agenda !<\/a><\/p>\n","protected":false},"excerpt":{"rendered":"<div class=\"mh-excerpt\">Une ambiance de No\u00ebl flotte -d\u00e9j\u00e0- dans l&rsquo;air ! Ce dernier brunch lecture de l&rsquo;ann\u00e9e est comme un cadeau &#8230;<\/div>\n<p> <a class=\"mh-excerpt-more\" href=\"https:\/\/www.o-p-i.fr\/parlonsen\/parlons-en\/culture\/brunch-lecture-a-salvagnac-81-41\/\" title=\"Brunch lecture &#8230; \u00e0 Salvagnac (81)\">[&#8230;]<\/a><\/p>\n","protected":false},"author":9,"featured_media":67932,"comment_status":"open","ping_status":"open","sticky":false,"template":"","format":"standard","meta":{"om_disable_all_campaigns":false,"advanced_seo_description":"","jetpack_seo_html_title":"","jetpack_seo_noindex":false,"_jetpack_memberships_contains_paid_content":false,"footnotes":"","_links_to":"","_links_to_target":""},"categories":[1,25,6413],"tags":[94,3899,6485,6527,6537],"class_list":{"0":"post-67931","1":"post","2":"type-post","3":"status-publish","4":"format-standard","5":"has-post-thumbnail","7":"category-culture","8":"category-salvagnac","9":"category-n-237-decembre-2025","10":"tag-lecture","11":"tag-brunch-lecture","12":"tag-bibliotheque-du-pays-salvagnacois","13":"tag-s5025","14":"tag-association-culturelle-pays-salvagnacois"},"jetpack_featured_media_url":"https:\/\/i0.wp.com\/www.o-p-i.fr\/parlonsen\/wp-content\/uploads\/logo-association-culturelle-pays-salvagnacois.jpg?fit=283%2C198&ssl=1","views":"","jetpack_likes_enabled":true,"jetpack_sharing_enabled":true,"jetpack_shortlink":"https:\/\/wp.me\/pg7Wxj-hFF","jetpack-related-posts":[],"_links":{"self":[{"href":"https:\/\/www.o-p-i.fr\/parlonsen\/wp-json\/wp\/v2\/posts\/67931","targetHints":{"allow":["GET"]}}],"collection":[{"href":"https:\/\/www.o-p-i.fr\/parlonsen\/wp-json\/wp\/v2\/posts"}],"about":[{"href":"https:\/\/www.o-p-i.fr\/parlonsen\/wp-json\/wp\/v2\/types\/post"}],"author":[{"embeddable":true,"href":"https:\/\/www.o-p-i.fr\/parlonsen\/wp-json\/wp\/v2\/users\/9"}],"replies":[{"embeddable":true,"href":"https:\/\/www.o-p-i.fr\/parlonsen\/wp-json\/wp\/v2\/comments?post=67931"}],"version-history":[{"count":2,"href":"https:\/\/www.o-p-i.fr\/parlonsen\/wp-json\/wp\/v2\/posts\/67931\/revisions"}],"predecessor-version":[{"id":67934,"href":"https:\/\/www.o-p-i.fr\/parlonsen\/wp-json\/wp\/v2\/posts\/67931\/revisions\/67934"}],"wp:featuredmedia":[{"embeddable":true,"href":"https:\/\/www.o-p-i.fr\/parlonsen\/wp-json\/wp\/v2\/media\/67932"}],"wp:attachment":[{"href":"https:\/\/www.o-p-i.fr\/parlonsen\/wp-json\/wp\/v2\/media?parent=67931"}],"wp:term":[{"taxonomy":"category","embeddable":true,"href":"https:\/\/www.o-p-i.fr\/parlonsen\/wp-json\/wp\/v2\/categories?post=67931"},{"taxonomy":"post_tag","embeddable":true,"href":"https:\/\/www.o-p-i.fr\/parlonsen\/wp-json\/wp\/v2\/tags?post=67931"}],"curies":[{"name":"wp","href":"https:\/\/api.w.org\/{rel}","templated":true}]}}