{"id":67960,"date":"2025-12-11T14:02:39","date_gmt":"2025-12-11T13:02:39","guid":{"rendered":"https:\/\/www.o-p-i.fr\/parlonsen\/?p=67960"},"modified":"2025-12-11T15:01:24","modified_gmt":"2025-12-11T14:01:24","slug":"fete-noel-13-decembre-2025-a-saint-urcisse-81","status":"publish","type":"post","link":"https:\/\/www.o-p-i.fr\/parlonsen\/localisation\/au-pays-des-tescous\/saint-urcisse\/fete-noel-13-decembre-2025-a-saint-urcisse-81\/","title":{"rendered":"F\u00eate No\u00ebl le 13 D\u00e9cembre 2025 &#8230; \u00e0 Saint-Urcisse (81)"},"content":{"rendered":"<p><b>Samedi 13 d\u00e9cembre 2025 \u00e0 partir de 16h30<\/b>\u00a0<!--more--><\/p>\n<div class=\"elementToProof\">\n<div class=\"elementToProof\"><img data-recalc-dims=\"1\" loading=\"lazy\" decoding=\"async\" class=\" wp-image-67961 alignright\" src=\"https:\/\/i0.wp.com\/www.o-p-i.fr\/parlonsen\/wp-content\/uploads\/2025-CDF-sturcisse-diner-noel-saint-urcisse-2025.png?resize=295%2C417&#038;ssl=1\" alt=\"\" width=\"295\" height=\"417\" srcset=\"https:\/\/i0.wp.com\/www.o-p-i.fr\/parlonsen\/wp-content\/uploads\/2025-CDF-sturcisse-diner-noel-saint-urcisse-2025.png?resize=212%2C300&amp;ssl=1 212w, https:\/\/i0.wp.com\/www.o-p-i.fr\/parlonsen\/wp-content\/uploads\/2025-CDF-sturcisse-diner-noel-saint-urcisse-2025.png?resize=724%2C1024&amp;ssl=1 724w, https:\/\/i0.wp.com\/www.o-p-i.fr\/parlonsen\/wp-content\/uploads\/2025-CDF-sturcisse-diner-noel-saint-urcisse-2025.png?resize=768%2C1086&amp;ssl=1 768w, https:\/\/i0.wp.com\/www.o-p-i.fr\/parlonsen\/wp-content\/uploads\/2025-CDF-sturcisse-diner-noel-saint-urcisse-2025.png?resize=1086%2C1536&amp;ssl=1 1086w, https:\/\/i0.wp.com\/www.o-p-i.fr\/parlonsen\/wp-content\/uploads\/2025-CDF-sturcisse-diner-noel-saint-urcisse-2025.png?resize=1448%2C2048&amp;ssl=1 1448w, https:\/\/i0.wp.com\/www.o-p-i.fr\/parlonsen\/wp-content\/uploads\/2025-CDF-sturcisse-diner-noel-saint-urcisse-2025.png?w=1587&amp;ssl=1 1587w\" sizes=\"auto, (max-width: 295px) 100vw, 295px\" \/>Bonjour \u00e0 toutes et tous,<\/div>\n<div class=\"elementToProof\"><\/div>\n<div class=\"elementToProof\">Nous vous attendons nombreux pour f\u00eater No\u00ebl avec le comit\u00e9 des f\u00eates de Saint-Urcisse, le Samedi 13 D\u00e9cembre 2025 \u00e0 partir de 16h30 \u00e0 la salle des f\u00eates et salle associative !<\/div>\n<div class=\"elementToProof\">Comme chaque ann\u00e9e nous organisons une collecte pour les restos du coeur de denr\u00e9es alimentaires non p\u00e9rissables, produits d&rsquo;hygi\u00e8ne, ou jouets en bon \u00e9tat. Nous comptons sur votre g\u00e9n\u00e9rosit\u00e9 !<\/div>\n<div class=\"elementToProof\"><\/div>\n<div class=\"elementToProof\">Au programme des festivit\u00e9s : toujours des ateliers cr\u00e9atifs (cartes de voeux, d\u00e9corations de No\u00ebl, &#8230;), sandwich raclette fait avec 100% de produits locaux et bien s\u00fbr le fameux Quiz de No\u00ebl avec lots \u00e0 gagner !<\/div>\n<div class=\"elementToProof\">Cette ann\u00e9e nous ajoutons \u00e0 16h30 un concours de Belote (coinche) ! Venez seul ou en \u00e9quipe, lot \u00e0 gagner pour les vainqueurs ! Pour ceux qui aiment jouer, mais ne connaissent pas la belote, initiation ou autres jeux de soci\u00e9t\u00e9 seront \u00e0 disposition !<\/div>\n<div class=\"elementToProof\"><\/div>\n<div class=\"elementToProof\">A tr\u00e8s bient\u00f4t,<\/div>\n<div class=\"elementToProof\"><\/div>\n<div class=\"elementToProof\">Le Comit\u00e9 des f\u00eates de Saint-Urcisse<\/div>\n<\/div>\n","protected":false},"excerpt":{"rendered":"<div class=\"mh-excerpt\">Le Comit\u00e9 des f\u00eates de Saint-Urcisse organise des festivit\u00e9s \u00e0 l&rsquo;occasion de la f\u00eate de No\u00ebl &#8230;<\/div>\n<p> <a class=\"mh-excerpt-more\" href=\"https:\/\/www.o-p-i.fr\/parlonsen\/localisation\/au-pays-des-tescous\/saint-urcisse\/fete-noel-13-decembre-2025-a-saint-urcisse-81\/\" title=\"F\u00eate No\u00ebl le 13 D\u00e9cembre 2025 &#8230; \u00e0 Saint-Urcisse (81)\">[&#8230;]<\/a><\/p>\n","protected":false},"author":9,"featured_media":67961,"comment_status":"open","ping_status":"open","sticky":false,"template":"","format":"standard","meta":{"om_disable_all_campaigns":false,"advanced_seo_description":"","jetpack_seo_html_title":"","jetpack_seo_noindex":false,"_jetpack_memberships_contains_paid_content":false,"footnotes":"","_links_to":"","_links_to_target":""},"categories":[54,18,6413],"tags":[176,2942,6527,6538],"class_list":{"0":"post-67960","1":"post","2":"type-post","3":"status-publish","4":"format-standard","5":"has-post-thumbnail","7":"category-loisirs","8":"category-saint-urcisse","9":"category-n-237-decembre-2025","10":"tag-reveillon","11":"tag-concours-de-belote","12":"tag-s5025","13":"tag-comite-des-fetes-de-saint-urcisse"},"jetpack_featured_media_url":"https:\/\/i0.wp.com\/www.o-p-i.fr\/parlonsen\/wp-content\/uploads\/2025-CDF-sturcisse-diner-noel-saint-urcisse-2025.png?fit=1587%2C2245&ssl=1","views":"","jetpack_likes_enabled":true,"jetpack_sharing_enabled":true,"jetpack_shortlink":"https:\/\/wp.me\/pg7Wxj-hG8","jetpack-related-posts":[],"_links":{"self":[{"href":"https:\/\/www.o-p-i.fr\/parlonsen\/wp-json\/wp\/v2\/posts\/67960","targetHints":{"allow":["GET"]}}],"collection":[{"href":"https:\/\/www.o-p-i.fr\/parlonsen\/wp-json\/wp\/v2\/posts"}],"about":[{"href":"https:\/\/www.o-p-i.fr\/parlonsen\/wp-json\/wp\/v2\/types\/post"}],"author":[{"embeddable":true,"href":"https:\/\/www.o-p-i.fr\/parlonsen\/wp-json\/wp\/v2\/users\/9"}],"replies":[{"embeddable":true,"href":"https:\/\/www.o-p-i.fr\/parlonsen\/wp-json\/wp\/v2\/comments?post=67960"}],"version-history":[{"count":5,"href":"https:\/\/www.o-p-i.fr\/parlonsen\/wp-json\/wp\/v2\/posts\/67960\/revisions"}],"predecessor-version":[{"id":67966,"href":"https:\/\/www.o-p-i.fr\/parlonsen\/wp-json\/wp\/v2\/posts\/67960\/revisions\/67966"}],"wp:featuredmedia":[{"embeddable":true,"href":"https:\/\/www.o-p-i.fr\/parlonsen\/wp-json\/wp\/v2\/media\/67961"}],"wp:attachment":[{"href":"https:\/\/www.o-p-i.fr\/parlonsen\/wp-json\/wp\/v2\/media?parent=67960"}],"wp:term":[{"taxonomy":"category","embeddable":true,"href":"https:\/\/www.o-p-i.fr\/parlonsen\/wp-json\/wp\/v2\/categories?post=67960"},{"taxonomy":"post_tag","embeddable":true,"href":"https:\/\/www.o-p-i.fr\/parlonsen\/wp-json\/wp\/v2\/tags?post=67960"}],"curies":[{"name":"wp","href":"https:\/\/api.w.org\/{rel}","templated":true}]}}