{"id":67967,"date":"2025-12-13T10:48:05","date_gmt":"2025-12-13T09:48:05","guid":{"rendered":"https:\/\/www.o-p-i.fr\/parlonsen\/?p=67967"},"modified":"2025-12-18T11:21:51","modified_gmt":"2025-12-18T10:21:51","slug":"alter-egaux-journee-internationale-des-migrants-a-couffouleux-81","status":"publish","type":"post","link":"https:\/\/www.o-p-i.fr\/parlonsen\/parlons-en\/alter-egaux-journee-internationale-des-migrants-a-couffouleux-81\/","title":{"rendered":"Alter Egaux &#8211; Journ\u00e9e internationale des migrants &#8230; \u00e0 Couffouleux (81)"},"content":{"rendered":"<p><strong>Vendredi 19 d\u00e9cembre \u00e0 18h00<\/strong><!--more--><\/p>\n<p><img data-recalc-dims=\"1\" loading=\"lazy\" decoding=\"async\" class=\" wp-image-67968 alignright\" src=\"https:\/\/i0.wp.com\/www.o-p-i.fr\/parlonsen\/wp-content\/uploads\/2025-alter-egaux-soiree-migrants.jpg?resize=289%2C409&#038;ssl=1\" alt=\"\" width=\"289\" height=\"409\" srcset=\"https:\/\/i0.wp.com\/www.o-p-i.fr\/parlonsen\/wp-content\/uploads\/2025-alter-egaux-soiree-migrants.jpg?resize=212%2C300&amp;ssl=1 212w, https:\/\/i0.wp.com\/www.o-p-i.fr\/parlonsen\/wp-content\/uploads\/2025-alter-egaux-soiree-migrants.jpg?resize=724%2C1024&amp;ssl=1 724w, https:\/\/i0.wp.com\/www.o-p-i.fr\/parlonsen\/wp-content\/uploads\/2025-alter-egaux-soiree-migrants.jpg?resize=768%2C1086&amp;ssl=1 768w, https:\/\/i0.wp.com\/www.o-p-i.fr\/parlonsen\/wp-content\/uploads\/2025-alter-egaux-soiree-migrants.jpg?w=924&amp;ssl=1 924w\" sizes=\"auto, (max-width: 289px) 100vw, 289px\" \/>A l&rsquo;occasion de la journ\u00e9e internationale des migrants Alter Egaux Tarn organise une soir\u00e9e le vendredi 19 d\u00e9cembre \u00e0 Couffouleux (salle Herv\u00e9 de Guerdavid) au programme expo photo, t\u00e9moignages de migrants et d&rsquo;accueillants et spectacle \u00ab\u00a0S&rsquo;adapter\u00a0\u00bb d&rsquo;apr\u00e8s le roman de Clara Dupont-Monod mis en sc\u00e8ne par Anthony le Foll et interpr\u00e9t\u00e9 par Jean-Marie Combelles et Catherine Vaniscotte.<br \/>\nParticipation libre<\/p>\n<h2>Adresse de l&rsquo;\u00e9v\u00e8nement<\/h2>\n<p>Salle Herv\u00e9 de Guerdavid Couffouleux<\/p>\n<h2>Organisateur de l&rsquo;\u00e9v\u00e8nement<\/h2>\n<p>Alter Egaux<\/p>\n<h2>Personne \/ Organisation \u00e0 contacter<\/h2>\n<p>Jean-Marie Combelles<\/p>\n<h2>Adresse<\/h2>\n<p>29 Rue Costes et Bellonte 81000 Albi<\/p>\n<h2>T\u00e9l\u00e9phone<\/h2>\n<p>0688245706<\/p>\n<h2>Courriel<\/h2>\n<p><a href=\"mailto:jean-marie.combelles786@wanadoo.fr\">jean-marie.combelles786@wanadoo.fr<\/a><\/p>\n<p>Information transmise par Jean-Marie Combelles, l&rsquo;organisateur de l&rsquo;\u00e9v\u00e8nement<\/p>\n","protected":false},"excerpt":{"rendered":"<div class=\"mh-excerpt\">Une soir\u00e9e sp\u00e9ciale \u00e0 la salle Herv\u00e9 de Guerdavid. Spectacle, exposition photos, t\u00e9moignages &#8230;<\/div>\n<p> <a class=\"mh-excerpt-more\" href=\"https:\/\/www.o-p-i.fr\/parlonsen\/parlons-en\/alter-egaux-journee-internationale-des-migrants-a-couffouleux-81\/\" title=\"Alter Egaux &#8211; Journ\u00e9e internationale des migrants &#8230; \u00e0 Couffouleux (81)\">[&#8230;]<\/a><\/p>\n","protected":false},"author":9,"featured_media":67968,"comment_status":"open","ping_status":"open","sticky":false,"template":"","format":"standard","meta":{"om_disable_all_campaigns":false,"advanced_seo_description":"","jetpack_seo_html_title":"","jetpack_seo_noindex":false,"_jetpack_memberships_contains_paid_content":false,"footnotes":"","_links_to":"","_links_to_target":""},"categories":[52,6417,291,6413],"tags":[132,6198,6543],"class_list":{"0":"post-67967","1":"post","2":"type-post","3":"status-publish","4":"format-standard","5":"has-post-thumbnail","7":"category-parlons-en","8":"category-couffouleux","9":"category-solidarite","10":"category-n-237-decembre-2025","11":"tag-spectacle","12":"tag-alter-egaux","13":"tag-s5125"},"jetpack_featured_media_url":"https:\/\/i0.wp.com\/www.o-p-i.fr\/parlonsen\/wp-content\/uploads\/2025-alter-egaux-soiree-migrants.jpg?fit=924%2C1307&ssl=1","views":"","jetpack_likes_enabled":true,"jetpack_sharing_enabled":true,"jetpack_shortlink":"https:\/\/wp.me\/pg7Wxj-hGf","jetpack-related-posts":[],"_links":{"self":[{"href":"https:\/\/www.o-p-i.fr\/parlonsen\/wp-json\/wp\/v2\/posts\/67967","targetHints":{"allow":["GET"]}}],"collection":[{"href":"https:\/\/www.o-p-i.fr\/parlonsen\/wp-json\/wp\/v2\/posts"}],"about":[{"href":"https:\/\/www.o-p-i.fr\/parlonsen\/wp-json\/wp\/v2\/types\/post"}],"author":[{"embeddable":true,"href":"https:\/\/www.o-p-i.fr\/parlonsen\/wp-json\/wp\/v2\/users\/9"}],"replies":[{"embeddable":true,"href":"https:\/\/www.o-p-i.fr\/parlonsen\/wp-json\/wp\/v2\/comments?post=67967"}],"version-history":[{"count":4,"href":"https:\/\/www.o-p-i.fr\/parlonsen\/wp-json\/wp\/v2\/posts\/67967\/revisions"}],"predecessor-version":[{"id":67972,"href":"https:\/\/www.o-p-i.fr\/parlonsen\/wp-json\/wp\/v2\/posts\/67967\/revisions\/67972"}],"wp:featuredmedia":[{"embeddable":true,"href":"https:\/\/www.o-p-i.fr\/parlonsen\/wp-json\/wp\/v2\/media\/67968"}],"wp:attachment":[{"href":"https:\/\/www.o-p-i.fr\/parlonsen\/wp-json\/wp\/v2\/media?parent=67967"}],"wp:term":[{"taxonomy":"category","embeddable":true,"href":"https:\/\/www.o-p-i.fr\/parlonsen\/wp-json\/wp\/v2\/categories?post=67967"},{"taxonomy":"post_tag","embeddable":true,"href":"https:\/\/www.o-p-i.fr\/parlonsen\/wp-json\/wp\/v2\/tags?post=67967"}],"curies":[{"name":"wp","href":"https:\/\/api.w.org\/{rel}","templated":true}]}}