{"id":6965,"date":"2011-05-06T10:03:40","date_gmt":"2011-05-06T08:03:40","guid":{"rendered":"\/parlonsen\/?p=6965"},"modified":"2019-05-25T17:54:25","modified_gmt":"2019-05-25T16:54:25","slug":"le-printemps-fait-fleurir-les-vides-greniers","status":"publish","type":"post","link":"https:\/\/www.o-p-i.fr\/parlonsen\/parlons-en\/culture\/le-printemps-fait-fleurir-les-vides-greniers\/","title":{"rendered":"Le printemps fait fleurir les Vides-Greniers &#8230;"},"content":{"rendered":"<p style=\"text-align: justify;\">Au pays des Tescou&rsquo;s, les associations organisent en hiver des lotos et &#8230; au printemps des \u00ab\u00a0Vides Greniers\u00a0\u00bb.<br \/>\n\u00ab\u00a0Parlons-en\u00a0\u00bb vous signale ceux dont les responsables nous ont transmis les informations. Pour certains d&rsquo;entre eux, vous pouvez vous inscrire depuis ce site (cliquez sur + d&rsquo;info)<!--more--><\/p>\n<div class=\"mceTemp\" style=\"text-align: justify;\">\n<dl id=\"attachment_8150\" class=\"wp-caption alignright\" style=\"width: 410px;\">\n<dt class=\"wp-caption-dt\"><img data-recalc-dims=\"1\" loading=\"lazy\" decoding=\"async\" class=\"size-full wp-image-8150\" title=\"Seilh (31)\" src=\"https:\/\/i0.wp.com\/www.o-p-i.fr\/parlonsen\/wp-content\/uploads\/affiche_vg_seilh.jpg?resize=400%2C550&#038;ssl=1\" alt=\"Seilh (31)\" width=\"400\" height=\"550\" srcset=\"https:\/\/i0.wp.com\/www.o-p-i.fr\/parlonsen\/wp-content\/uploads\/affiche_vg_seilh.jpg?w=400&amp;ssl=1 400w, https:\/\/i0.wp.com\/www.o-p-i.fr\/parlonsen\/wp-content\/uploads\/affiche_vg_seilh.jpg?resize=218%2C300&amp;ssl=1 218w\" sizes=\"auto, (max-width: 400px) 100vw, 400px\" \/><\/dt>\n<dd class=\"wp-caption-dd\">Seilh (31)<\/dd>\n<\/dl>\n<\/div>\n<ul style=\"text-align: justify;\">\n<li><strong>Dimanche 27 Mars 2011 <\/strong>\u00e0<strong> Monclar de Quercy<\/strong>, organis\u00e9 par l&rsquo;office de Tourisme. Vide grenier, foire \u00e0 tout sur l&rsquo;esplanade des lacs. inscription sur place. Emplacement : 3 \u20acuros sous abri (boulodrome) 2\u00a0 \u20acuros \u00e0 l&rsquo;ext\u00e9rieur. Renseignements <a title=\"Cliquez pour ouvrir la fiche dans l'annuaire d'OPI\" href=\"https:\/\/www.o-p-i.fr\/aupays\/annuaire\/tourisme\/office-du-tourisme\/\">Office de Tourisme de Monclar<\/a> : t\u00e9l. 05 63 30 31 72.<\/li>\n<\/ul>\n<ul style=\"text-align: justify;\">\n<li><strong>Dimanche 3 Avril 2011 <\/strong>\u00e0<strong> Monclar de Quercy<\/strong>, organis\u00e9 par \u00ab\u00a0Les amis de Saint Laurent\u00a0\u00bb <a title=\"cliquez pour en savoir plus \" href=\"https:\/\/www.o-p-i.fr\/parlonsen\/parlons-en\/culture\/vide-greniers-des-amis-de-saint-laurent\/\" target=\"_self\" rel=\"noopener noreferrer\">+ d&rsquo;info<\/a><\/li>\n<\/ul>\n<ul style=\"text-align: justify;\">\n<li><strong>Samedi 16 et Dimanche 17 Avril 2011 <\/strong>\u00e0<strong> Monclar de Quercy<\/strong>, organis\u00e9 par l&rsquo;APCARM dans le cadre de la F\u00eate du Cheval, Vide Greniers sp\u00e9cial \u00ab\u00a0Ecuries\u00a0\u00bb <a title=\"cliquez pour en savoir plus \" href=\"https:\/\/www.o-p-i.fr\/feteduchevalmonclar\/accueil\/vide-ecurie\/\" target=\"_blank\" rel=\"noopener noreferrer\">+ d&rsquo;info<\/a><\/li>\n<\/ul>\n<ul style=\"text-align: justify;\">\n<li><strong>Lundi 25 Avril 2011 <\/strong>\u00e0<strong> Genebri\u00e8res<\/strong>, organis\u00e9 par le club des a\u00een\u00e9s \u00ab\u00a0La Concorde\u00a0\u00bb<\/li>\n<\/ul>\n<ul style=\"text-align: justify;\">\n<li><strong>Dimanche 10 Avril\u00a02011 <\/strong>\u00e0<strong> Escatalens<\/strong>, organis\u00e9 par l&rsquo;association \u00ab\u00a0Aqui sen pla\u00a0\u00bb<\/li>\n<\/ul>\n<ul style=\"text-align: justify;\">\n<li><strong>Dimanche 1 Mai 2011 <\/strong>\u00e0<strong> L\u00e9ojac<\/strong>, organis\u00e9 par la Soci\u00e9t\u00e9 de Chasse.<\/li>\n<\/ul>\n<ul style=\"text-align: justify;\">\n<li><strong>Samedi 14 et Dimanche 15 mai 2011 <\/strong>\u00e0<strong> Villemur sur Tarn <\/strong>(parc de Bernadou), organis\u00e9 par l&rsquo;association \u00ab\u00a0Henry IV\u00a0\u00bb <a title=\"En savoir +\" href=\"https:\/\/www.o-p-i.fr\/parlonsen\/parlons-en\/commerce\/vide-greniers-brocante-a-villemur-sur-tarn\/\">+ d&rsquo;info<\/a><\/li>\n<\/ul>\n<ul style=\"text-align: justify;\">\n<li><strong>Dimanche 22 Mai 2011<\/strong> \u00e0 <strong>Monclar de Quercy<\/strong>, Festi&rsquo;Fleurs et Vide-Greniers, organis\u00e9 par l&rsquo;Office de Tourisme de Monclar <a title=\"Voir l'article\" href=\"https:\/\/www.o-p-i.fr\/parlonsen\/parlons-en\/commerce\/festi-fleurs-et-vide-greniers-a-monclar-de-quercy\/\">+ d&rsquo;info<\/a><\/li>\n<\/ul>\n<ul style=\"text-align: justify;\">\n<li><strong>Dimanche 22 Mai 2011 <\/strong>\u00e0<strong> Saint-Nauphary<\/strong>, organis\u00e9 par l&rsquo;Amicale des Parents d&rsquo;\u00c9l\u00e8ves. <a href=\"https:\/\/www.o-p-i.fr\/parlonsen\/parlons-en\/commerce\/vide-greniers-de-lape-a-saint-nauphary\/\">+ d&rsquo;info<br \/>\n<\/a><\/li>\n<\/ul>\n<ul style=\"text-align: justify;\">\n<li><strong>Dimanche 29 Mai 2011 <\/strong>\u00e0<strong> Salvagnac<\/strong>, organis\u00e9 par l&rsquo;APE de l\u00a0\u00bb\u00c9cole publique Canta Grelh <a title=\"En savoir +\" href=\"https:\/\/www.o-p-i.fr\/parlonsen\/parlons-en\/commerce\/vide-grenier-de-lape-a-salvagnac\/\">+ d&rsquo;info<\/a><\/li>\n<\/ul>\n<ul style=\"text-align: justify;\">\n<li> <strong>Dimanche 29 Mai 2011<\/strong> \u00e0 <strong>N\u00e8grepelisse<\/strong>, organis\u00e9 par le SCN P\u00e9tanque, site de la Sorbonne, route de Bioule (emplacements abrit\u00e9s en cas de pluie).<br \/>\nRenseignements : 05 63 03 68 \/ 06 17 33 17 15 .<\/li>\n<\/ul>\n<ul style=\"text-align: justify;\">\n<li><strong>Dimanche 5 Juin 2011<\/strong> \u00e0 <strong>Seilh<\/strong>, organis\u00e9 par les Jardins Familiaux de Seilh (Affiche ci contre). Retrouvez <a title=\"Voir l'article dans Parlons En\" href=\"https:\/\/www.o-p-i.fr\/parlonsen\/parlons-en\/agriculture\/a-decouvrir-bleu-chlorophylle\/\">Bleu Chlorophylle<\/a>, <a title=\"Cliquez pour ouvrir la fiche dans l'annuaire d'OPI\" href=\"https:\/\/www.o-p-i.fr\/aupays\/annuaire\/jardin\/toutisbio\/\">Toutisbio<\/a> &#8230;<\/li>\n<\/ul>\n<ul style=\"text-align: justify;\">\n<li><strong>Dimanche 12 Juin 2011 <\/strong>\u00e0<strong> N\u00e8grepelisse<\/strong>, organis\u00e9 par l&rsquo;A.C.N.A.L. Comit\u00e9 des F\u00eates.<\/li>\n<\/ul>\n<ul style=\"text-align: justify;\">\n<li><strong>Dimanche 12 Juin 2011 <\/strong>\u00e0<strong> Saint Urcisse<\/strong>, Sp\u00e9cial \u00ab\u00a0ENFANTS\u00a0\u00bb, organis\u00e9 par le Comit\u00e9 de f\u00eates <a href=\"https:\/\/www.o-p-i.fr\/parlonsen\/parlons-en\/commerce\/vide-greniers-special-enfants-a-saint-urcisse\/\">+ d&rsquo;info<\/a><\/li>\n<\/ul>\n<ul style=\"text-align: justify;\">\n<li><strong>Dimanche 12 Juin 2011 <\/strong>\u00e0<strong> Castelnau de Montmiral<\/strong>, oragnis\u00e9 par l&rsquo;APE <a title=\"En savoir +\" href=\"https:\/\/www.o-p-i.fr\/parlonsen\/parlons-en\/commerce\/vide-greniers-de-lape-a-castelnau-de-montmiral\/\">+ d&rsquo;info<\/a><\/li>\n<\/ul>\n<ul style=\"text-align: justify;\">\n<li><strong>Dimanche 19 Juin 2011 <\/strong>\u00e0<strong> Montricoux<\/strong>, organis\u00e9 par le \u00ab\u00a0R\u00e9veil occitan\u00a0\u00bb <a title=\"En savoir +\" href=\"https:\/\/www.o-p-i.fr\/parlonsen\/parlons-en\/culture\/vide-greniers-du-reveil-occitan-il-faut-sinscrire\/\" target=\"_blank\" rel=\"noopener noreferrer\">+ d&rsquo;info<\/a><\/li>\n<\/ul>\n<ul>\n<li><strong>Dimanche 26 Juin 2011<\/strong> \u00e0 <strong>Saint Etienne de Tulmont<\/strong> <a title=\"Voir l'article dans Parlons En\" href=\"https:\/\/www.o-p-i.fr\/parlonsen\/parlons-en\/commerce\/vide-greniers-champetre-a-saint-etienne-de-tulmont\/\">+ d&rsquo;info<\/a><\/li>\n<\/ul>\n<ul>\n<li><strong>Dimanche 10 Juillet 2011 <\/strong> \u00e0 <strong>G\u00e9n\u00e9bri\u00e8res<\/strong><\/li>\n<\/ul>\n<ul style=\"text-align: justify;\">\n<li><strong>Dimanche 28 Ao\u00fbt 2011<\/strong> \u00e0 <strong>Monclar de Quercy<\/strong>, organis\u00e9 par le Comit\u00e9 des F\u00eates du Hameau de Bonnanech<\/li>\n<\/ul>\n","protected":false},"excerpt":{"rendered":"<div class=\"mh-excerpt\">Au pays des Tescou&rsquo;s, les associations organisent en hiver des lotos et &#8230; au printemps des \u00ab\u00a0Vides Greniers\u00a0\u00bb. \u00ab\u00a0Parlons-en\u00a0\u00bb vous signale ceux dont les responsables nous ont transmis les informations. Pour certains d&rsquo;entre eux, vous <a class=\"mh-excerpt-more\" href=\"https:\/\/www.o-p-i.fr\/parlonsen\/parlons-en\/culture\/le-printemps-fait-fleurir-les-vides-greniers\/\" title=\"Le printemps fait fleurir les Vides-Greniers &#8230;\">[&#8230;]<\/a><\/div>\n","protected":false},"author":3,"featured_media":0,"comment_status":"open","ping_status":"open","sticky":false,"template":"","format":"standard","meta":{"om_disable_all_campaigns":false,"advanced_seo_description":"","jetpack_seo_html_title":"","jetpack_seo_noindex":false,"_jetpack_memberships_contains_paid_content":false,"footnotes":"","_links_to":"","_links_to_target":""},"categories":[42,1,29,30,16,18],"tags":[489,538,961,2913,100,143,158,2552,412],"class_list":{"0":"post-6965","1":"post","2":"type-post","3":"status-publish","4":"format-standard","6":"category-a-cote-de-chez-nous","7":"category-culture","8":"category-genebrieres","9":"category-leojac","10":"category-monclar","11":"category-saint-urcisse","12":"tag-bleu-chlorophylle","13":"tag-montricoux","14":"tag-vide-jardin","15":"tag-saint-urcisse","16":"tag-negrepelisse","17":"tag-monclar-de-quercy","18":"tag-castelnau-de-montmiral","19":"tag-genebrieres","20":"tag-escatalens"},"jetpack_featured_media_url":"","views":{"total":0,"cached_at":"","cached_date":1738463388},"jetpack_likes_enabled":true,"jetpack_sharing_enabled":true,"jetpack_shortlink":"https:\/\/wp.me\/pg7Wxj-1Ol","jetpack-related-posts":[],"_links":{"self":[{"href":"https:\/\/www.o-p-i.fr\/parlonsen\/wp-json\/wp\/v2\/posts\/6965","targetHints":{"allow":["GET"]}}],"collection":[{"href":"https:\/\/www.o-p-i.fr\/parlonsen\/wp-json\/wp\/v2\/posts"}],"about":[{"href":"https:\/\/www.o-p-i.fr\/parlonsen\/wp-json\/wp\/v2\/types\/post"}],"author":[{"embeddable":true,"href":"https:\/\/www.o-p-i.fr\/parlonsen\/wp-json\/wp\/v2\/users\/3"}],"replies":[{"embeddable":true,"href":"https:\/\/www.o-p-i.fr\/parlonsen\/wp-json\/wp\/v2\/comments?post=6965"}],"version-history":[{"count":0,"href":"https:\/\/www.o-p-i.fr\/parlonsen\/wp-json\/wp\/v2\/posts\/6965\/revisions"}],"wp:attachment":[{"href":"https:\/\/www.o-p-i.fr\/parlonsen\/wp-json\/wp\/v2\/media?parent=6965"}],"wp:term":[{"taxonomy":"category","embeddable":true,"href":"https:\/\/www.o-p-i.fr\/parlonsen\/wp-json\/wp\/v2\/categories?post=6965"},{"taxonomy":"post_tag","embeddable":true,"href":"https:\/\/www.o-p-i.fr\/parlonsen\/wp-json\/wp\/v2\/tags?post=6965"}],"curies":[{"name":"wp","href":"https:\/\/api.w.org\/{rel}","templated":true}]}}