{"id":7001,"date":"2011-03-16T17:53:55","date_gmt":"2011-03-16T15:53:55","guid":{"rendered":"\/parlonsen\/?p=7001"},"modified":"2011-03-23T16:23:49","modified_gmt":"2011-03-23T14:23:49","slug":"repas-dansant-costume-a-monclar-de-quercy-2","status":"publish","type":"post","link":"https:\/\/www.o-p-i.fr\/parlonsen\/localisation\/au-pays-des-tescous\/monclar\/repas-dansant-costume-a-monclar-de-quercy-2\/","title":{"rendered":"Repas Dansant Costum\u00e9 &#8230; \u00e0 Monclar de Quercy"},"content":{"rendered":"<p style=\"text-align: justify;\">Le dernier samedi du mois de Mars, l&rsquo;<span style=\"color: #800080;\"><strong>association des Parents d&rsquo;\u00c9l\u00e8ves de l&rsquo;\u00c9cole Priv\u00e9e Saint-Joseph de Monclar de Quercy<\/strong><\/span> organisera la 4\u00e8me \u00e9dition de son repas dansant costum\u00e9.<!--more--><\/p>\n<figure id=\"attachment_7002\" aria-describedby=\"caption-attachment-7002\" style=\"width: 450px\" class=\"wp-caption alignright\"><img data-recalc-dims=\"1\" loading=\"lazy\" decoding=\"async\" class=\"size-full wp-image-7002\" title=\"Monclar de Quercy (82)\" src=\"https:\/\/i0.wp.com\/www.o-p-i.fr\/parlonsen\/wp-content\/uploads\/repasdansant2011.jpg?resize=450%2C636&#038;ssl=1\" alt=\"Monclar de Quercy (82)\" width=\"450\" height=\"636\" srcset=\"https:\/\/i0.wp.com\/www.o-p-i.fr\/parlonsen\/wp-content\/uploads\/repasdansant2011.jpg?w=450&amp;ssl=1 450w, https:\/\/i0.wp.com\/www.o-p-i.fr\/parlonsen\/wp-content\/uploads\/repasdansant2011.jpg?resize=212%2C300&amp;ssl=1 212w\" sizes=\"auto, (max-width: 450px) 100vw, 450px\" \/><figcaption id=\"caption-attachment-7002\" class=\"wp-caption-text\">Monclar de Quercy (82)<\/figcaption><\/figure>\n<p style=\"text-align: justify;\">Petits et grands sont convi\u00e9s \u00e0 venir enterrer l&rsquo;Hiver et saluer l&rsquo;arriv\u00e9e du Printemps dans une ambiance bon-enfant.<\/p>\n<p style=\"text-align: justify;\">Rendez-vous est donn\u00e9 le <span style=\"color: #003366;\"><strong>Samedi 26 Mars 2011<\/strong><\/span> \u00e0 20h \u00e0 la Salle des F\u00eates du Groupe Scolaire.<\/p>\n<p style=\"text-align: justify;\"><span style=\"color: #ff00ff;\"><strong>Au menu &#8230;<\/strong><\/span><br \/>\nSalade de Carnaval<br \/>\nAligot-Saucisse de M. Carm\u00e9 (Tauriac -81)<br \/>\nCroustade de la <a title=\"Cliquez pour ouvrir la fiche dans l'annuaire d'OPI\" href=\"https:\/\/www.o-p-i.fr\/aupays\/annuaire\/alimentation\/maison-marsillach-monteillet\/\">P\u00e2tisserie Marsillach-Monteillet<\/a> (Monclar -82).<br \/>\nCaf\u00e9 &amp; Vin compris.<br \/>\nAp\u00e9ritif offert aux adultes d\u00e9guis\u00e9s<\/p>\n<p style=\"text-align: justify;\"><span style=\"color: #99cc00;\"><strong>Tarifs Repas : <\/strong><\/span><br \/>\nAdultes : 15 \u20ac \/ Enfants : 5\u20ac<\/p>\n<p style=\"text-align: justify;\">\nNous vous attendons nombreux et costum\u00e9s pour une soir\u00e9e conviviale et plac\u00e9e sous le signe de la bonne humeur.<\/p>\n<p style=\"text-align: justify;\"><span style=\"color: #008080;\"><strong>R\u00e9servations<\/strong><\/span> <strong>avant le Vendredi 25 Mars.<\/strong><\/p>\n<ul>\n<li> Par t\u00e9l\u00e9phone :<\/li>\n<\/ul>\n<p style=\"text-align: justify;\"><a title=\"Cliquez pour ouvrir la fiche dans l'annuaire d'OPI\" href=\"https:\/\/www.o-p-i.fr\/aupays\/annuaire\/tourisme\/office-du-tourisme\/\">Office de Tourisme du Quercy Vert<\/a> : 05 63 30 31 72<\/p>\n<ul>\n<li> Par Internet :<\/li>\n<\/ul>\n<p style=\"text-align: justify;\"><a href=\"https:\/\/www.o-p-i.fr\/aupays\/vie-des-communes\/vie-a-monclar-de-quercy\/reservations-repas\/\">www.o-p-i.fr Rubrique R\u00e9servations en Ligne<\/a><\/p>\n<p style=\"text-align: justify;\"><em>Communiqu\u00e9 de l&rsquo;APEL St Joseph<\/em><\/p>\n<p style=\"text-align: justify;\"><a href=\"https:\/\/www.o-p-i.fr\/parlonsen\/agenda\/\"><strong>Retrouvez tous les \u00e9v\u00e8nements dans l&rsquo;agenda !<\/strong><\/a><\/p>\n","protected":false},"excerpt":{"rendered":"<div class=\"mh-excerpt\">Le dernier samedi du mois de Mars, l&rsquo;association des Parents d&rsquo;\u00c9l\u00e8ves de l&rsquo;\u00c9cole Priv\u00e9e Saint-Joseph de Monclar de Quercy organisera la 4\u00e8me \u00e9dition de son repas dansant costum\u00e9.<\/div>\n","protected":false},"author":2,"featured_media":0,"comment_status":"open","ping_status":"open","sticky":false,"template":"","format":"standard","meta":{"om_disable_all_campaigns":false,"advanced_seo_description":"","jetpack_seo_html_title":"","jetpack_seo_noindex":false,"_jetpack_memberships_contains_paid_content":false,"footnotes":"","_links_to":"","_links_to_target":""},"categories":[290,16,54,864],"tags":[328,84,143,156,157],"class_list":{"0":"post-7001","1":"post","2":"type-post","3":"status-publish","4":"format-standard","6":"category-entraide","7":"category-monclar","8":"category-loisirs","9":"category-n-59-mars-2011","10":"tag-costume","11":"tag-danse","12":"tag-monclar-de-quercy","13":"tag-bal","14":"tag-repas"},"jetpack_featured_media_url":"","views":{"total":0,"cached_at":"","cached_date":1738516130},"jetpack_likes_enabled":true,"jetpack_sharing_enabled":true,"jetpack_shortlink":"https:\/\/wp.me\/pg7Wxj-1OV","jetpack-related-posts":[],"_links":{"self":[{"href":"https:\/\/www.o-p-i.fr\/parlonsen\/wp-json\/wp\/v2\/posts\/7001","targetHints":{"allow":["GET"]}}],"collection":[{"href":"https:\/\/www.o-p-i.fr\/parlonsen\/wp-json\/wp\/v2\/posts"}],"about":[{"href":"https:\/\/www.o-p-i.fr\/parlonsen\/wp-json\/wp\/v2\/types\/post"}],"author":[{"embeddable":true,"href":"https:\/\/www.o-p-i.fr\/parlonsen\/wp-json\/wp\/v2\/users\/2"}],"replies":[{"embeddable":true,"href":"https:\/\/www.o-p-i.fr\/parlonsen\/wp-json\/wp\/v2\/comments?post=7001"}],"version-history":[{"count":0,"href":"https:\/\/www.o-p-i.fr\/parlonsen\/wp-json\/wp\/v2\/posts\/7001\/revisions"}],"wp:attachment":[{"href":"https:\/\/www.o-p-i.fr\/parlonsen\/wp-json\/wp\/v2\/media?parent=7001"}],"wp:term":[{"taxonomy":"category","embeddable":true,"href":"https:\/\/www.o-p-i.fr\/parlonsen\/wp-json\/wp\/v2\/categories?post=7001"},{"taxonomy":"post_tag","embeddable":true,"href":"https:\/\/www.o-p-i.fr\/parlonsen\/wp-json\/wp\/v2\/tags?post=7001"}],"curies":[{"name":"wp","href":"https:\/\/api.w.org\/{rel}","templated":true}]}}