{"id":709,"date":"2009-10-13T11:15:01","date_gmt":"2009-10-13T09:15:01","guid":{"rendered":"\/parlonsen\/?p=709"},"modified":"2009-10-13T12:31:32","modified_gmt":"2009-10-13T10:31:32","slug":"24eme-rallye-des-cotes-du-tarn","status":"publish","type":"post","link":"https:\/\/www.o-p-i.fr\/parlonsen\/numero-de-journal\/24eme-rallye-des-cotes-du-tarn\/","title":{"rendered":"24\u00e8me Rallye des C\u00f4tes du Tarn"},"content":{"rendered":"<p style=\"text-align: justify;\">En cette 24\u00e8me \u00e9dition qui se d\u00e9roulera\u00a0 <strong>les 17 et 18 octobre 2009<\/strong>, l&rsquo;Ecurie des 2 rives\u00a0 rendra hommage \u00e0 la ville de RABASTENS qui depuis de longues ann\u00e9es h\u00e9berge \u00e0 la mairie, le centre n\u00e9vralgique du rallye, regroupant le PC course et son secr\u00e9tariat, Le PC s\u00e9curit\u00e9, la cellule presse et communication, et bien d\u2019autres services\u2026<\/p>\n<p style=\"text-align: justify;\">\n<p style=\"text-align: justify;\"><!--more-->Rabastens, c\u2019est aussi le parc d\u2019assistance et le parc de regroupement du dimanche, o\u00f9 l\u2019on peut voir les \u00e9quipages et leurs voitures !<br \/>\nUn Grand coup de chapeau pour les plus de 350 B\u00e9n\u00e9voles qui tout au long du week-end, chacun dans leurs disciplines, contribuent \u00e0 la convivialit\u00e9, la s\u00e9curit\u00e9, l\u2019organisation sans faille qui font que ce rallye l\u2019un des plus appr\u00e9ci\u00e9 du grand Sud-Ouest.<\/p>\n<p style=\"text-align: justify;\"><strong><\/strong><\/p>\n<figure id=\"attachment_710\" aria-describedby=\"caption-attachment-710\" style=\"width: 300px\" class=\"wp-caption alignleft\"><strong><strong><img data-recalc-dims=\"1\" loading=\"lazy\" decoding=\"async\" class=\"size-medium wp-image-710\" title=\"La Plaque de rallye, bien plus qu\u2019un support de num\u00e9ro\" src=\"https:\/\/i0.wp.com\/www.o-p-i.fr\/parlonsen\/wp-content\/uploads\/plaque.jpg?resize=300%2C130&#038;ssl=1\" alt=\"La Plaque de rallye, bien plus qu\u2019un support de num\u00e9ro\" width=\"300\" height=\"130\" srcset=\"https:\/\/i0.wp.com\/www.o-p-i.fr\/parlonsen\/wp-content\/uploads\/plaque.jpg?resize=300%2C130&amp;ssl=1 300w, https:\/\/i0.wp.com\/www.o-p-i.fr\/parlonsen\/wp-content\/uploads\/plaque.jpg?resize=1024%2C445&amp;ssl=1 1024w, https:\/\/i0.wp.com\/www.o-p-i.fr\/parlonsen\/wp-content\/uploads\/plaque.jpg?w=1217&amp;ssl=1 1217w\" sizes=\"auto, (max-width: 300px) 100vw, 300px\" \/><\/strong><\/strong><figcaption id=\"caption-attachment-710\" class=\"wp-caption-text\">La Plaque de rallye, bien plus qu\u2019un support de num\u00e9ro<\/figcaption><\/figure>\n<p><strong><\/strong> <strong>O\u00f9 voir les voitures en action ?<\/strong><\/p>\n<ul>\n<li> LE SAMEDI (1\u00e8re \u00e9tape)<\/li>\n<\/ul>\n<p style=\"text-align: justify; padding-left: 60px;\">Sur MONTAIGUT : 13H53, 16H59, et 19H50<br \/>\nSur SALVAGNAC 14H31 et 17H37<\/p>\n<ul>\n<li> LE DIMANCHE (2nde \u00e9tape)<\/li>\n<\/ul>\n<p style=\"text-align: justify; padding-left: 60px;\">Sur SAINT MARTIN : 8H58, 11H21 et 13H39<br \/>\nSur MONTVALENT 9H31, 11H54 et 14H12<\/p>\n<p style=\"text-align: justify;\">La <strong>remise des prix<\/strong> aura lieu <strong>\u00e0 18H00<\/strong>, dans les locaux de <strong>la CAVE de RABASTENS<\/strong><br \/>\nSpectacle <strong>GRATUIT<\/strong>.<\/p>\n<p style=\"text-align: justify;\">Le Rallye National des C\u00f4tes du Tarn sera la derni\u00e8re \u00e9preuve comptant pour le <a href=\"http:\/\/rallyedescotesdutarn.free.fr\/challenge_patrice_truel.php\" target=\"_blank\">Challenge PATRICE TRUEL<\/a> .<\/p>\n<p><a href=\"http:\/\/rallyedescotesdutarn.free.fr\" target=\"_blank\">Le Site Internet de l\u2019Ecurie des 2 Rives et du Rallye National des C\u00f4tes du Tarn<\/a>, est une v\u00e9ritable mine d\u2019informations. Bas\u00e9 sur un travail collaboratif, il permet une mise \u00e0 jour r\u00e9guli\u00e8re tout au long de l\u2019ann\u00e9e, et quasiment en temps r\u00e9el pendant le week-end du rallye, avec entre autres les r\u00e9sultats partiels et d\u00e9finitifs \u00e0 la fin de chaque \u00e9preuve.<\/p>\n<p style=\"text-align: justify;\"><em>Source, illustrations et affiche :  Communiqu\u00e9 de l\u2019Ecurie des 2 rives<\/em><\/p>\n","protected":false},"excerpt":{"rendered":"<div class=\"mh-excerpt\">En cette 24\u00e8me \u00e9dition qui se d\u00e9roulera\u00a0 les 17 et 18 octobre 2009, l&rsquo;Ecurie des 2 rives\u00a0 rendra hommage \u00e0 la ville de RABASTENS qui depuis de longues ann\u00e9es h\u00e9berge \u00e0 la mairie, le centre <a class=\"mh-excerpt-more\" href=\"https:\/\/www.o-p-i.fr\/parlonsen\/numero-de-journal\/24eme-rallye-des-cotes-du-tarn\/\" title=\"24\u00e8me Rallye des C\u00f4tes du Tarn\">[&#8230;]<\/a><\/div>\n","protected":false},"author":8,"featured_media":0,"comment_status":"open","ping_status":"open","sticky":false,"template":"","format":"standard","meta":{"om_disable_all_campaigns":false,"advanced_seo_description":"","jetpack_seo_html_title":"","jetpack_seo_noindex":false,"_jetpack_memberships_contains_paid_content":false,"footnotes":"","_links_to":"","_links_to_target":""},"categories":[52,42,7,15,35,53,25,9],"tags":[70,71,72],"class_list":{"0":"post-709","1":"post","2":"type-post","3":"status-publish","4":"format-standard","6":"category-parlons-en","7":"category-a-cote-de-chez-nous","8":"category-numero-de-journal","9":"category-localisation","10":"category-montvalen","11":"category-sports","12":"category-salvagnac","13":"category-n_42","14":"tag-rallye","15":"tag-cotes-du-tarn","16":"tag-rabastens"},"jetpack_featured_media_url":"","views":{"total":0,"cached_at":"","cached_date":1738514831},"jetpack_likes_enabled":true,"jetpack_sharing_enabled":true,"jetpack_shortlink":"https:\/\/wp.me\/pg7Wxj-br","jetpack-related-posts":[],"_links":{"self":[{"href":"https:\/\/www.o-p-i.fr\/parlonsen\/wp-json\/wp\/v2\/posts\/709","targetHints":{"allow":["GET"]}}],"collection":[{"href":"https:\/\/www.o-p-i.fr\/parlonsen\/wp-json\/wp\/v2\/posts"}],"about":[{"href":"https:\/\/www.o-p-i.fr\/parlonsen\/wp-json\/wp\/v2\/types\/post"}],"author":[{"embeddable":true,"href":"https:\/\/www.o-p-i.fr\/parlonsen\/wp-json\/wp\/v2\/users\/8"}],"replies":[{"embeddable":true,"href":"https:\/\/www.o-p-i.fr\/parlonsen\/wp-json\/wp\/v2\/comments?post=709"}],"version-history":[{"count":0,"href":"https:\/\/www.o-p-i.fr\/parlonsen\/wp-json\/wp\/v2\/posts\/709\/revisions"}],"wp:attachment":[{"href":"https:\/\/www.o-p-i.fr\/parlonsen\/wp-json\/wp\/v2\/media?parent=709"}],"wp:term":[{"taxonomy":"category","embeddable":true,"href":"https:\/\/www.o-p-i.fr\/parlonsen\/wp-json\/wp\/v2\/categories?post=709"},{"taxonomy":"post_tag","embeddable":true,"href":"https:\/\/www.o-p-i.fr\/parlonsen\/wp-json\/wp\/v2\/tags?post=709"}],"curies":[{"name":"wp","href":"https:\/\/api.w.org\/{rel}","templated":true}]}}