{"id":7139,"date":"2011-03-25T07:45:29","date_gmt":"2011-03-25T05:45:29","guid":{"rendered":"\/parlonsen\/?p=7139"},"modified":"2011-03-23T10:56:02","modified_gmt":"2011-03-23T08:56:02","slug":"soiree-afro-a-rabastens","status":"publish","type":"post","link":"https:\/\/www.o-p-i.fr\/parlonsen\/parlons-en\/culture\/soiree-afro-a-rabastens\/","title":{"rendered":"Soir\u00e9e Afro &#8230; \u00e0 Rabastens"},"content":{"rendered":"<p>La derni\u00e8re soir\u00e9e concert de la<span style=\"color: #993300;\"><strong> saison musicale 2010-2011 de l&rsquo;association Reg@rts<\/strong><\/span> ce sera le<span style=\"color: #993300;\"><strong> Samedi 16 Avril 2011<\/strong><\/span>, \u00e0 la Halle de Rabastens. <!--more--><\/p>\n<figure id=\"attachment_7141\" aria-describedby=\"caption-attachment-7141\" style=\"width: 600px\" class=\"wp-caption aligncenter\"><img data-recalc-dims=\"1\" loading=\"lazy\" decoding=\"async\" class=\"size-full wp-image-7141\" title=\"Rabastens (81)\" src=\"https:\/\/i0.wp.com\/www.o-p-i.fr\/parlonsen\/wp-content\/uploads\/fly_afro_rabastens.jpg?resize=600%2C335&#038;ssl=1\" alt=\"Rabastens (81)\" width=\"600\" height=\"335\" srcset=\"https:\/\/i0.wp.com\/www.o-p-i.fr\/parlonsen\/wp-content\/uploads\/fly_afro_rabastens.jpg?w=600&amp;ssl=1 600w, https:\/\/i0.wp.com\/www.o-p-i.fr\/parlonsen\/wp-content\/uploads\/fly_afro_rabastens.jpg?resize=300%2C167&amp;ssl=1 300w\" sizes=\"auto, (max-width: 600px) 100vw, 600px\" \/><figcaption id=\"caption-attachment-7141\" class=\"wp-caption-text\">Rabastens (81)<\/figcaption><\/figure>\n<ul>\n<li><span style=\"color: #993300;\"><strong>1\u00e8re Partie : <\/strong><\/span><span style=\"color: #993300;\"><strong>YAYA DEMBELE<\/strong><\/span><\/li>\n<\/ul>\n<p style=\"text-align: justify;\">La musique de Yaya Dembele est issue d\u2019un v\u00e9ritable brassage culturel. En effet, au cours de ses tourn\u00e9es \u00e0 l\u2019\u00e9tranger dans le groupe de Lobi Traor\u00e9 en tant que percussionniste \u2013 choriste, il exp\u00e9rimente les rythmes afro.<br \/>\nIl devient ensuite guitariste soliste de Moutchatcha puis de Dounake Ko\u00efta, groupes dans lesquelles il perfectionne son jeu sc\u00e9nique. Il reprend par la suite les percussions au c\u00f4t\u00e9 de Bink\u00e9 Traor\u00e9 avec qui il refait une tourn\u00e9e au Mali et en France. C\u2019est apr\u00e8s ces 10 ann\u00e9es de tourn\u00e9es internationales aux c\u00f4t\u00e9s de grands musiciens tels que Papa Wemba, Daniel Waro ou encore Youssou N\u2019Dour, que Yaya Dembele d\u00e9cide de s\u2019installer en France pour cr\u00e9er sa propre formation. C\u2019est \u00e0 travers celle-ci que ce multi \u2013 instrumentiste \/ auteur \/ compositeur \/ chanteur nous livre ses compositions bas\u00e9es sur des rythmes traditionnels mandingues.<br \/>\nLa musique mandingue est la musique traditionnelle du sud du Mali (r\u00e9gion natale de Yaya Dembele) chant\u00e9e en langue bambara.<br \/>\nD\u00e9sormais en France, Yaya Dembele fait partie de la nouvelle g\u00e9n\u00e9ration de grands musiciens maliens. Il m\u00e9lange les instruments modernes avec cette musique traditionnelle, et s&rsquo;exprime sur des sujets sociaux concernant le peuple africain bien s\u00fbr, mais aussi concernant les diff\u00e9rents peuples du monde, avec leur probl\u00e8mes communs et quotidiens. Il chante l&rsquo;espoir et l&rsquo;amour, armes fid\u00e8les du combat contre l&rsquo;injustice.<br \/>\nDepuis le Mali jusqu&rsquo;en France, depuis son enfance jusqu&rsquo;\u00e0 aujourd&rsquo;hui, Yaya Dembele v\u00e9hicule une musique gorg\u00e9e d&rsquo;\u00e9motions et de danse.<\/p>\n<p style=\"text-align: justify;\">En savoir + :  <a title=\"Ouvre le site dans une nouvelle fen\u00eatre\" href=\"http:\/\/www.myspace.com\/yayadembele\" target=\"_blank\">www.myspace.com\/yayadembele<\/a><\/p>\n<ul>\n<li><span style=\"color: #993300;\"><strong>2\u00e8me Partie <span style=\"color: #993300;\"><strong>: <\/strong><\/span><\/strong><\/span><span style=\"color: #993300;\"><strong>DRASKA<\/strong><\/span><\/li>\n<\/ul>\n<p style=\"text-align: justify;\">Draska est un groupe ind\u00e9pendant dans le sud de la France avec son propre label \u00ab drastarecords \u00bb.<br \/>\nPartout o\u00f9 les racines musicales se trouvent Draska s\u2019en impr\u00e8gne au cours d\u2019un voyage \u00e0 la d\u00e9couverte d\u2019un nouveau monde et cr\u00e9e une fusion de rythmes et influences africaines avec le pop, la musique ethnique, le funk, jazz, musique latino-am\u00e9ricaine, musique classique, blues.<br \/>\nLe camelen n&rsquo;goni devient plus qu&rsquo;un instrument africain traditionnel. Il nous guide vers une nouvelle compr\u00e9hension de l&rsquo;origine et de l&rsquo;\u00e9volution dans l&rsquo;histoire de la musique en choisissant des \u00e9chelles diff\u00e9rentes pour jouer une musique moderne qui peut \u00eatre comprise de n&rsquo;importe quel peuple, peu importe le contexte.<br \/>\nAu lieu d&rsquo;un kit de batterie Draska apporte un esprit traditionnel avec calebasse, maracas et autres percussions africaines.<br \/>\nLes paroles sont en Djoula (langue de l\u2019Afrique de l\u2019Ouest ), anglais et fran\u00e7ais. Toutes les compositions ont \u00e9t\u00e9 cr\u00e9\u00e9es par Draska.<\/p>\n<p style=\"text-align: justify;\">En savoir + : <a title=\"Ouvre le site dans une nouvelle fen\u00eatre\" href=\"http:\/\/www.myspace.com\/drastamusic\" target=\"_blank\">www.myspace.com\/drastamusic<\/a><\/p>\n<blockquote>\n<p style=\"text-align: justify;\"><span style=\"color: #993300;\"><strong>STRUCTURE CO-ORGANISATRICE : <span style=\"color: #800000;\">ISSIMINTA<\/span><\/strong><\/span><br \/>\nCr\u00e9\u00e9e le 20 avril 1998 \u00e0 Albi, elle a pour but de promouvoir les  rencontres et les \u00e9changes artistiques internationaux entre l\u2019Europe et  l\u2019Afrique de l\u2019Ouest avec sa s\u0153ur jumelle s\u00e9n\u00e9galaise bas\u00e9e \u00e0 Kafountine  en Casamance.<br \/>\nEn France, elle d\u00e9veloppe ses activit\u00e9s en priorit\u00e9 dans la r\u00e9gion  Midi-Pyr\u00e9n\u00e9es en organisant tout au long de l&rsquo;ann\u00e9e des tourn\u00e9es,  concerts, spectacles et \u00e9v\u00e9nements culturels.<br \/>\nElle est notamment organisatrice du FEST&rsquo;ISSIMINTA, \u00e9v\u00e9nement qui f\u00eatera sa huiti\u00e8me \u00e9dition en 2011.<br \/>\nL&rsquo;initiative de ce projet est due \u00e0 la rencontre de Solo Cissokho Griot,  musicien s\u00e9n\u00e9galais, Path\u00e9 Diouf professeur, animateur, acteur culturel  s\u00e9n\u00e9galais et Jean-Louis Carausse sc\u00e9nographe, \u00e9clairagiste fran\u00e7ais,  partageant une id\u00e9e commune, promouvoir la culture S\u00e9n\u00e9galaise et plus  particuli\u00e8rement Casaman\u00e7aise.<br \/>\nIls d\u00e9cident alors de mobiliser leurs moyens et de lancer le projet ISSIMINTA.<br \/>\n<span style=\"color: #800000;\"><strong>Le Projet ISSIMINTA :<\/strong><\/span><br \/>\n\u2022 Cr\u00e9er un lieu de rencontres, d&rsquo;\u00e9changes, et de cr\u00e9ations communes entre artistes s\u00e9n\u00e9galais et<br \/>\neurop\u00e9ens.<br \/>\n\u2022 Diffuser et promouvoir ces cr\u00e9ations au niveau local, national et international.<br \/>\n\u2022 Cr\u00e9er un \u00e9v\u00e9nement culturel en France et au S\u00e9n\u00e9gal permettant de promouvoir les artistes<br \/>\nsoutenus.<br \/>\nLes diff\u00e9rentes \u00e9tapes \u00e0 la r\u00e9alisation du projet :<br \/>\n\u2022 Acquisition d&rsquo;un terrain \u00e0 Kafountine en Casamance.<br \/>\n\u2022 Construction de l&rsquo;Espace ISSIMINTA.<br \/>\n\u2022 Cr\u00e9ation de deux associations, au S\u00e9n\u00e9gal et en France.<br \/>\nIl faudra plusieurs ann\u00e9es afin de pouvoir concr\u00e9tiser ce projet, mais \u00e0  force de pers\u00e9v\u00e9rance dans une r\u00e9gion o\u00f9 l&rsquo;absurdit\u00e9 de la violence  c&rsquo;est install\u00e9 pendant<br \/>\ndes ann\u00e9es, un espace de deux hectares pouvant accueillir jusqu&rsquo;\u00e0 30 personnes \u00e0 vu le jour en avril 2000.<br \/>\nAujourd&rsquo;hui le Projet ISSIMINTA qui \u0153uvre depuis plus de 10 ans a  r\u00e9ussi \u00e0 cr\u00e9er un pont artistique entre la France et le S\u00e9n\u00e9gal.<\/p><\/blockquote>\n<p style=\"text-align: justify;\"><span style=\"color: #993300;\"><strong>Programme<\/strong><\/span><br \/>\nOUVERTURE DES PORTES : 20H00<br \/>\nREPAS : 20H15 \u2013 21H30<br \/>\nCONCERT : 22H00 \u2013 01H00<br \/>\n1ere PARTIE : 22H00 \u2013 23H00<br \/>\n2eme PARTIE : 23H15 \u2013 01H00<br \/>\nFERMETURE DES PORTES: 02H00<\/p>\n<p style=\"text-align: justify;\"><span style=\"color: #993300;\"><strong>Pour y aller \u2026<br \/>\n<\/strong><\/span> Salle de la Halle, Promenade Des Lices, 81800 Rabastens<\/p>\n<p style=\"text-align: justify;\"><span style=\"color: #993300;\"><strong>Tarifs :<\/strong><\/span><br \/>\nRepas + Concert : 20 \u20ac plein tarif \/ 18 \u20ac tarif R\u00e9duit (Ch\u00f4meur, \u00c9tudiant, RSA,\u2026.)<br \/>\nConcert Uniquement: 10 \u20ac plein tarif \/ 8 \u20ac tarif r\u00e9duit (Ch\u00f4meur, \u00c9tudiant, RSA,\u2026.)<br \/>\nConcert Gratuit pour les moins de 10 ans.<\/p>\n<p style=\"text-align: justify;\"><span style=\"color: #993300;\"><strong>Menu<\/strong><\/span><br \/>\nPlat : Maf\u00e9 (viande en sauce \u00e0 l&rsquo;arachide, l\u00e9gumes)<br \/>\nchou, carotte, aubergine, patate douce, manioc..<br \/>\nAccompagn\u00e9 de riz parfum\u00e9.<br \/>\nDessert : salade d&rsquo;orange au douces \u00e9pices<\/p>\n<p style=\"text-align: justify;\"><strong><span style=\"color: #993300;\">R\u00e9servations :<\/span> <\/strong>Uniquement aupr\u00e8s de REG@RTS<br \/>\nT\u00e9l. : 09 81 79 55 61 \/ 06 24 31 07 36<br \/>\nCourriel : <a href=\"mailto:contact@asso-regarts.com\">contact@asso-regarts.com<\/a><\/p>\n<p style=\"text-align: justify;\"><span style=\"color: #993300;\"><strong><br \/>\nContact :<\/strong><\/span> REG@RTS<br \/>\nSite : <a title=\"Ouvre le site dans une nouvelle fen\u00eatre\" href=\"http:\/\/www.asso-regarts.com\/\" target=\"_blank\">www.asso-regarts.com<\/a><\/p>\n<p style=\"text-align: justify;\"><em>Communiqu\u00e9 de Olivier Ochem, Charg\u00e9 de production REG@RTS<\/em><\/p>\n<p style=\"text-align: justify;\"><a href=\"https:\/\/www.o-p-i.fr\/parlonsen\/agenda\/\"><strong>Retrouvez tous les \u00e9v\u00e8nements dans l&rsquo;agenda !<\/strong><\/a><\/p>\n","protected":false},"excerpt":{"rendered":"<div class=\"mh-excerpt\">La derni\u00e8re soir\u00e9e concert de la saison musicale 2010-2011 de l&rsquo;association Reg@rts ce sera le Samedi 16 Avril 2011, \u00e0 la Halle de Rabastens.<\/div>\n","protected":false},"author":2,"featured_media":0,"comment_status":"open","ping_status":"open","sticky":false,"template":"","format":"standard","meta":{"om_disable_all_campaigns":false,"advanced_seo_description":"","jetpack_seo_html_title":"","jetpack_seo_noindex":false,"_jetpack_memberships_contains_paid_content":false,"footnotes":"","_links_to":"","_links_to_target":""},"categories":[42,1,54,864],"tags":[437,837,43,72,157,194],"class_list":{"0":"post-7139","1":"post","2":"type-post","3":"status-publish","4":"format-standard","6":"category-a-cote-de-chez-nous","7":"category-culture","8":"category-loisirs","9":"category-n-59-mars-2011","10":"tag-culture-africaine","11":"tag-regrts","12":"tag-concert","13":"tag-rabastens","14":"tag-repas","15":"tag-afrique"},"jetpack_featured_media_url":"","views":{"total":0,"cached_at":"","cached_date":1738480006},"jetpack_likes_enabled":true,"jetpack_sharing_enabled":true,"jetpack_shortlink":"https:\/\/wp.me\/pg7Wxj-1R9","jetpack-related-posts":[],"_links":{"self":[{"href":"https:\/\/www.o-p-i.fr\/parlonsen\/wp-json\/wp\/v2\/posts\/7139","targetHints":{"allow":["GET"]}}],"collection":[{"href":"https:\/\/www.o-p-i.fr\/parlonsen\/wp-json\/wp\/v2\/posts"}],"about":[{"href":"https:\/\/www.o-p-i.fr\/parlonsen\/wp-json\/wp\/v2\/types\/post"}],"author":[{"embeddable":true,"href":"https:\/\/www.o-p-i.fr\/parlonsen\/wp-json\/wp\/v2\/users\/2"}],"replies":[{"embeddable":true,"href":"https:\/\/www.o-p-i.fr\/parlonsen\/wp-json\/wp\/v2\/comments?post=7139"}],"version-history":[{"count":0,"href":"https:\/\/www.o-p-i.fr\/parlonsen\/wp-json\/wp\/v2\/posts\/7139\/revisions"}],"wp:attachment":[{"href":"https:\/\/www.o-p-i.fr\/parlonsen\/wp-json\/wp\/v2\/media?parent=7139"}],"wp:term":[{"taxonomy":"category","embeddable":true,"href":"https:\/\/www.o-p-i.fr\/parlonsen\/wp-json\/wp\/v2\/categories?post=7139"},{"taxonomy":"post_tag","embeddable":true,"href":"https:\/\/www.o-p-i.fr\/parlonsen\/wp-json\/wp\/v2\/tags?post=7139"}],"curies":[{"name":"wp","href":"https:\/\/api.w.org\/{rel}","templated":true}]}}