{"id":7158,"date":"2011-03-28T12:41:50","date_gmt":"2011-03-28T10:41:50","guid":{"rendered":"\/parlonsen\/?p=7158"},"modified":"2011-03-29T14:14:36","modified_gmt":"2011-03-29T12:14:36","slug":"cantonales-au-pays-des-tescous-suite-et-fin","status":"publish","type":"post","link":"https:\/\/www.o-p-i.fr\/parlonsen\/localisation\/au-pays-des-tescous\/monclar\/cantonales-au-pays-des-tescous-suite-et-fin\/","title":{"rendered":"Cantonales au Pays des Tescou&rsquo;s, suite et fin&#8230;"},"content":{"rendered":"<p style=\"text-align: justify;\">Comme \u00e0 Castelnau de Montmiral et \u00e0 Salvagnac au premier tour, c&rsquo;est le conseiller sortant Jean-PAUL ALBERT qui a \u00e9t\u00e9 r\u00e9\u00e9lu, au second tour, \u00e0 Monclar de Quercy. Notons \u00e9galement qu&rsquo;il en va de m\u00eame chez nos voisins de Lisle sur Tarn o\u00f9 Maryline LHERM\u00a0 a \u00e9t\u00e9 r\u00e9\u00e9lue avec 61% des suffrages.<!--more--><\/p>\n<p style=\"text-align: justify;\">Vous pouvez consulter ci dessous les r\u00e9sultats pour le canton de MONCLAR de QUERCY, globalement et commune par commune. Nous indiquons entre parenth\u00e8se les donn\u00e9es du 1\u00b0tour.<\/p>\n<p><span style=\"color: #003366;\"><strong>R\u00e9sultats du 2nd tour &#8211; Dimanche 27 mars 2011<\/strong><\/span><\/p>\n<ul>\n<li><span style=\"color: #003366;\"><strong> Canton de Monclar :<\/strong><\/span><\/li>\n<\/ul>\n<p style=\"text-align: justify;\"><strong> <\/strong><strong><br \/>\n<\/strong>AUT-M. Jean-Paul ALBERT\u00a0 53,04 % &#8211; 960 voix (39,18 % &#8211; 641 voix)<br \/>\nSOC-Mme Marie-Laure LABORIE 46,96 % &#8211; 850 voix (34,29 % &#8211; 561 voix)<br \/>\n<span style=\"color: #808080;\">1\u00b0 tour :(FN-M. Andr\u00e9 PAYA16,56 % &#8211; 271 voix ) (VEC-M. Yann BERTHOME9,96 % &#8211; 163 voix)<br \/>\n<\/span>Inscrits : 2 900<br \/>\nVotants : 1 887 &#8211; 65,07 % (1 686 &#8211; 58,14 %)<br \/>\nAbstentions : 1 013 &#8211; 34,93 % (1 214 &#8211; 41,86 %)<br \/>\nExprim\u00e9s : 1 810 &#8211; 62,41 % des inscrits &#8211; 95,92 % des votants (1 636 &#8211; 56,41 % des inscrits &#8211; 97,03 % des votants)<br \/>\nBlancs ou nuls : 77 &#8211; 2,66 % des inscrits &#8211; 4,08 % des votants (50 &#8211; 1,72 % des inscrits &#8211; 2,97 % des votants)<\/p>\n<ul>\n<li><span style=\"color: #003366;\"><strong>Par commune :<\/strong><\/span><\/li>\n<\/ul>\n<p><span style=\"color: #003366;\"><strong>MONCLAR-DE-QUERCY <\/strong><\/span><\/p>\n<p style=\"text-align: justify;\">AUT-M. Jean-Paul ALBERT 61,89 % &#8211; 497 voix (46,62 % &#8211; 331 voix)<br \/>\nSOC-Mme Marie-Laure LABORIE 38,11 % &#8211; 306 voix (31,13 % &#8211; 221 voix)<br \/>\n<span style=\"color: #808080;\">1\u00b0 tour (FN-M. Andr\u00e9 PAYA13,38 % &#8211; 95 voix VEC-M. Yann BERTHOME8,87 % &#8211; 63 voix)<\/span><br \/>\nInscrits : 1 138<br \/>\nVotants : 823 &#8211; 72,32 % (726 &#8211; 63,80 %)<br \/>\nAbstentions : 315 &#8211; 27,68 % (412 &#8211; 36,20 %)<br \/>\nExprim\u00e9s : 803 &#8211; 70,56 % des inscrits &#8211; 97,57 % des votants (710 &#8211; 62,39 % des inscrits &#8211; 97,80 % des votants)<br \/>\nBlancs ou nuls : 20 &#8211; 1,76 % des inscrits &#8211; 2,43 % des votants (16 &#8211; 1,41 % des inscrits &#8211; 2,20 % des votants)<\/p>\n<p><span style=\"color: #003366;\"><strong>BRUNIQUEL<\/strong><\/span><\/p>\n<p style=\"text-align: justify;\"><strong> <\/strong>SOC-Mme Marie-Laure LABORIE 65,63 % &#8211; 210 voix (51,68 % &#8211; 154 voix)<br \/>\nAUT-M. Jean-Paul ALBERT 34,38 % &#8211; 110 voix (24,83 % &#8211; 74 voix)<br \/>\n<span style=\"color: #808080;\">1\u00b0 tour (FN-M. Andr\u00e9 PAYA12,08 % &#8211; 36 voix VEC-M. Yann BERTHOME11,41 % &#8211; 34 voix)<br \/>\n<\/span>Inscrits : 574<br \/>\nVotants : 339 &#8211; 59,06 % (304 &#8211; 52,96 %)<br \/>\nAbstentions : 235 &#8211; 40,94 % (270 &#8211; 47,04 %)<br \/>\nExprim\u00e9s : 320 &#8211; 55,75 % des inscrits &#8211; 94,40 % des votants (298 &#8211; 51,92 % des inscrits &#8211; 98,03 % des votants)<br \/>\nBlancs ou nuls : 19 &#8211; 3,31 % des inscrits &#8211; 5,60 % des votants (6 &#8211; 1,05 % des inscrits &#8211; 1,97 % des votants)<\/p>\n<p style=\"text-align: justify;\"><span style=\"color: #003366;\"><strong>G\u00c9N\u00c9BRI\u00c8RES<\/strong><\/span><\/p>\n<p style=\"text-align: justify;\">AUT-M. Jean-Paul ALBERT 53,25 % &#8211; 123 voix (37,56 % &#8211; 80 voix)<br \/>\nSOC-Mme Marie-Laure LABORIE 46,75 % &#8211; 108 voix (25,82 % &#8211; 55 voix)<br \/>\n<span style=\"color: #808080;\">1\u00b0 tour(FN-M. Andr\u00e9 PAYA25,35 % &#8211; 54 voix VEC-M. Yann BERTHOME11,27 % &#8211; 24 voix)<br \/>\n<\/span>Inscrits : 445<br \/>\nVotants : 249 &#8211; 55,96 % (224 &#8211; 50,34 %)<br \/>\nAbstentions : 196 &#8211; 44,04 % (221 &#8211; 49,66 %)<br \/>\nExprim\u00e9s : 231 &#8211; 51,91 % des inscrits &#8211; 92,77 % des votants (213 &#8211; 47,87 % des inscrits &#8211; 95,09 % des votants)<br \/>\nBlancs ou nuls : 18 &#8211; 4,04 % des inscrits &#8211; 7,23 % des votants (11 &#8211; 2,47 % des inscrits &#8211; 4,91 % des votants)<\/p>\n<p style=\"text-align: justify;\"><span style=\"color: #003366;\"><strong>PUYGAILLARD-DE-QUERCY<\/strong><\/span><\/p>\n<p style=\"text-align: justify;\">AUT-M. Jean-Paul ALBERT 51,08 % &#8211; 71 voix (42,42 % &#8211; 56 voix)<br \/>\nSOC-Mme Marie-Laure LABORIE 48,92 % &#8211; 68 voix (32,58 % &#8211; 43 voix)<br \/>\n<span style=\"color: #808080;\">1\u00b0 tour (FN-M. Andr\u00e9 PAYA18,94 % &#8211; 25 voix VEC-M. Yann BERTHOME6,06 % &#8211; 8 voix)<br \/>\n<\/span>Inscrits : 236<br \/>\nVotants : 143 &#8211; 60,59 % (137 &#8211; 58,05 %)<br \/>\nAbstentions : 93 &#8211; 39,41 % (99 &#8211; 41,95 %)<br \/>\nExprim\u00e9s : 139 &#8211; 58,90 % des inscrits &#8211; 97,20 % des votants (132 &#8211; 55,93 % des inscrits &#8211; 96,35 % des votants)<br \/>\nBlancs ou nuls : 4 &#8211; 1,69 % des inscrits &#8211; 2,80 % des votants (5 &#8211; 2,12 % des inscrits &#8211; 3,65 % des votants)<\/p>\n<p style=\"text-align: justify;\"><span style=\"color: #003366;\"><strong>SALVETAT-BELMONTET<\/strong><\/span><\/p>\n<p style=\"text-align: justify;\">AUT-M. Jean-Paul ALBERT 50,16 % &#8211; 159 voix (35,34 % &#8211; 100 voix)<br \/>\nSOC-Mme Marie-Laure LABORIE 49,84 % &#8211; 158 voix (31,10 % &#8211; 88 voix)<br \/>\n<span style=\"color: #808080;\">1\u00b0 tour (FN-M. Andr\u00e9 PAYA21,55 % &#8211; 61 voix VEC-M. Yann BERTHOME12,01 % &#8211; 34 voix)<\/span><br \/>\nInscrits : 507<br \/>\nVotants : 333 &#8211; 65,68 % (295 &#8211; 58,19 %)<br \/>\nAbstentions : 174 &#8211; 34,32 % (212 &#8211; 41,81 %)<br \/>\nExprim\u00e9s : 317 &#8211; 62,52 % des inscrits &#8211; 95,20 % des votants (283 &#8211; 55,82 % des inscrits &#8211; 95,93 % des votants)<br \/>\nBlancs ou nuls : 16 &#8211; 3,16 % des inscrits &#8211; 4,80 % des votants (12 &#8211; 2,37 % des inscrits &#8211; 4,07 % des votants)<\/p>\n","protected":false},"excerpt":{"rendered":"<div class=\"mh-excerpt\">Comme \u00e0 Castelnau de Montmiral et \u00e0 Salvagnac au premier tour, c&rsquo;est le conseiller sortant Jean-PAUL ALBERT qui a \u00e9t\u00e9 r\u00e9\u00e9lu, au second tour, \u00e0 Monclar de Quercy. Notons \u00e9galement qu&rsquo;il en va de m\u00eame <a class=\"mh-excerpt-more\" href=\"https:\/\/www.o-p-i.fr\/parlonsen\/localisation\/au-pays-des-tescous\/monclar\/cantonales-au-pays-des-tescous-suite-et-fin\/\" title=\"Cantonales au Pays des Tescou&rsquo;s, suite et fin&#8230;\">[&#8230;]<\/a><\/div>\n","protected":false},"author":3,"featured_media":0,"comment_status":"open","ping_status":"open","sticky":false,"template":"","format":"standard","meta":{"om_disable_all_campaigns":false,"advanced_seo_description":"","jetpack_seo_html_title":"","jetpack_seo_noindex":false,"_jetpack_memberships_contains_paid_content":false,"footnotes":"","_links_to":"","_links_to_target":""},"categories":[29,34,16,33],"tags":[850],"class_list":{"0":"post-7158","1":"post","2":"type-post","3":"status-publish","4":"format-standard","6":"category-genebrieres","7":"category-salvetat","8":"category-monclar","9":"category-puygaillard-de-quercy","10":"tag-elections-cantonales"},"jetpack_featured_media_url":"","views":{"total":0,"cached_at":"","cached_date":1738459640},"jetpack_likes_enabled":true,"jetpack_sharing_enabled":true,"jetpack_shortlink":"https:\/\/wp.me\/pg7Wxj-1Rs","jetpack-related-posts":[],"_links":{"self":[{"href":"https:\/\/www.o-p-i.fr\/parlonsen\/wp-json\/wp\/v2\/posts\/7158","targetHints":{"allow":["GET"]}}],"collection":[{"href":"https:\/\/www.o-p-i.fr\/parlonsen\/wp-json\/wp\/v2\/posts"}],"about":[{"href":"https:\/\/www.o-p-i.fr\/parlonsen\/wp-json\/wp\/v2\/types\/post"}],"author":[{"embeddable":true,"href":"https:\/\/www.o-p-i.fr\/parlonsen\/wp-json\/wp\/v2\/users\/3"}],"replies":[{"embeddable":true,"href":"https:\/\/www.o-p-i.fr\/parlonsen\/wp-json\/wp\/v2\/comments?post=7158"}],"version-history":[{"count":0,"href":"https:\/\/www.o-p-i.fr\/parlonsen\/wp-json\/wp\/v2\/posts\/7158\/revisions"}],"wp:attachment":[{"href":"https:\/\/www.o-p-i.fr\/parlonsen\/wp-json\/wp\/v2\/media?parent=7158"}],"wp:term":[{"taxonomy":"category","embeddable":true,"href":"https:\/\/www.o-p-i.fr\/parlonsen\/wp-json\/wp\/v2\/categories?post=7158"},{"taxonomy":"post_tag","embeddable":true,"href":"https:\/\/www.o-p-i.fr\/parlonsen\/wp-json\/wp\/v2\/tags?post=7158"}],"curies":[{"name":"wp","href":"https:\/\/api.w.org\/{rel}","templated":true}]}}